{"id":48657,"date":"2021-09-19T00:21:43","date_gmt":"2021-09-18T20:21:43","guid":{"rendered":"https:\/\/fedai.az\/?p=48657"},"modified":"2021-09-19T00:21:46","modified_gmt":"2021-09-18T20:21:46","slug":"hulusi-akar-az%c9%99rbaycanla-h%c9%99rbi-t%c9%99liml%c9%99r-fasil%c9%99siz-olaraq-davam-edir","status":"publish","type":"post","link":"https:\/\/fedai.az\/?p=48657","title":{"rendered":"Hulusi Akar: &#171;Az\u0259rbaycanla h\u0259rbi t\u0259liml\u0259r fasil\u0259siz olaraq davam edir&#187;"},"content":{"rendered":"\n<p><strong>T\u00fcrkiy\u0259 milli m\u00fcdafi\u0259 naziri Hulusi Akar Qazil\u0259r G\u00fcn\u00fc m\u00fcnasib\u0259til\u0259 t\u0259\u015fkil edil\u0259n m\u0259rasimd\u0259 Az\u0259rbaycana d\u0259st\u0259k \u00e7\u0131x\u0131\u015f\u0131 edib.<\/strong><\/p>\n\n\n\n<p>Bu bar\u0259d\u0259 m\u0259lumat T\u00fcrkiy\u0259 Milli M\u00fcdafi\u0259&nbsp;Nazirliyinin r\u0259smi sayt\u0131nda yerl\u0259\u015fdirilib.<\/p>\n\n\n\n<p>Q\u0259hr\u0259man T\u00fcrkiy\u0259 ordusunun sivilizasiyan\u0131n v\u0259 tarixin y\u00fckl\u0259diyi m\u0259suliyy\u0259t hissi il\u0259 dost v\u0259 qarda\u015f \u00f6lk\u0259l\u0259rin yan\u0131nda oldu\u011funu a\u00e7\u0131qlayan Akar bu \u00e7\u0259r\u00e7iv\u0259d\u0259 Az\u0259rbaycan v\u0259 Liviyada h\u0259rbi t\u0259lim, yard\u0131m v\u0259 m\u0259sl\u0259h\u0259t\u00e7ilik f\u0259aliyy\u0259tl\u0259rinin fasil\u0259siz olaraq davam etdiyini bildirib.<\/p>\n\n\n\n<p>O qeyd edib ki, m\u0259qs\u0259d dost v\u0259 qarda\u015f \u00f6lk\u0259l\u0259rd\u0259 s\u00fclh\u0259, etibarl\u0131 v\u0259 sabit h\u0259yata t\u00f6hf\u0259 verm\u0259kdir.<\/p>\n\n\n\n<p>T\u00fcrkiy\u0259li nazir az\u0259rbaycanl\u0131lar\u0131n, liviyal\u0131lar\u0131n haqq i\u015find\u0259 yan\u0131nda olma\u011fa davam ed\u0259c\u0259kl\u0259rini vur\u011fulay\u0131b.<\/p>\n\n\n\n<p>M\u0259nb\u0259: Oxu.az<\/p>\n","protected":false},"excerpt":{"rendered":"<p>T\u00fcrkiy\u0259 milli m\u00fcdafi\u0259 naziri Hulusi Akar Qazil\u0259r G\u00fcn\u00fc m\u00fcnasib\u0259til\u0259 t\u0259\u015fkil edil\u0259n m\u0259rasimd\u0259 Az\u0259rbaycana d\u0259st\u0259k \u00e7\u0131x\u0131\u015f\u0131 edib. Bu bar\u0259d\u0259 m\u0259lumat T\u00fcrkiy\u0259 Milli M\u00fcdafi\u0259&nbsp;Nazirliyinin r\u0259smi sayt\u0131nda<\/p>\n","protected":false},"author":2,"featured_media":0,"comment_status":"closed","ping_status":"closed","sticky":false,"template":"","format":"standard","meta":{"footnotes":""},"categories":[3],"tags":[],"class_list":["post-48657","post","type-post","status-publish","format-standard","hentry","category-gundm"],"aioseo_notices":[],"_links":{"self":[{"href":"https:\/\/fedai.az\/index.php?rest_route=\/wp\/v2\/posts\/48657","targetHints":{"allow":["GET"]}}],"collection":[{"href":"https:\/\/fedai.az\/index.php?rest_route=\/wp\/v2\/posts"}],"about":[{"href":"https:\/\/fedai.az\/index.php?rest_route=\/wp\/v2\/types\/post"}],"author":[{"embeddable":true,"href":"https:\/\/fedai.az\/index.php?rest_route=\/wp\/v2\/users\/2"}],"replies":[{"embeddable":true,"href":"https:\/\/fedai.az\/index.php?rest_route=%2Fwp%2Fv2%2Fcomments&post=48657"}],"version-history":[{"count":1,"href":"https:\/\/fedai.az\/index.php?rest_route=\/wp\/v2\/posts\/48657\/revisions"}],"predecessor-version":[{"id":48659,"href":"https:\/\/fedai.az\/index.php?rest_route=\/wp\/v2\/posts\/48657\/revisions\/48659"}],"wp:attachment":[{"href":"https:\/\/fedai.az\/index.php?rest_route=%2Fwp%2Fv2%2Fmedia&parent=48657"}],"wp:term":[{"taxonomy":"category","embeddable":true,"href":"https:\/\/fedai.az\/index.php?rest_route=%2Fwp%2Fv2%2Fcategories&post=48657"},{"taxonomy":"post_tag","embeddable":true,"href":"https:\/\/fedai.az\/index.php?rest_route=%2Fwp%2Fv2%2Ftags&post=48657"}],"curies":[{"name":"wp","href":"https:\/\/api.w.org\/{rel}","templated":true}]}}