{"id":48675,"date":"2021-09-19T01:29:08","date_gmt":"2021-09-18T21:29:08","guid":{"rendered":"https:\/\/fedai.az\/?p=48675"},"modified":"2021-09-19T12:47:46","modified_gmt":"2021-09-19T08:47:46","slug":"simonyan-2-erm%c9%99ni-terrorcunun-agir-yaralandigini-yazib","status":"publish","type":"post","link":"https:\/\/fedai.az\/?p=48675","title":{"rendered":"Simonyan &#171;Sputniki&#187; 2 erm\u0259ni terror\u00e7unu a\u011f\u0131r yaralay\u0131b"},"content":{"rendered":"\n<p><strong>17 sentyabr 2021-ci il tarixd\u0259 \u015eu\u015fa istiqam\u0259tind\u0259 at\u0131\u015fma ba\u015f verib. <\/strong>&nbsp;<\/p>\n\n\n\n<p>Bunu \u201cSputnik Armeniya\u201d x\u0259b\u0259r verib, bildirib ki, bu informasiyan\u0131 Az\u0259rbaycan \u0259razisind\u0259 m\u00fcv\u0259qq\u0259ti yerl\u0259\u015f\u0259n Rusiya s\u00fclhm\u0259raml\u0131 q\u00fcvv\u0259l\u0259ri yay\u0131b.&nbsp;<\/p>\n\n\n\n<p>At\u0131\u015fma zaman\u0131 Qaraba\u011fda f\u0259aliyy\u0259t g\u00f6st\u0259r\u0259n qanunsuz erm\u0259ni silahl\u0131 d\u0259st\u0259l\u0259rinin \u00fczv\u00fc olan 2 terror\u00e7u a\u011f\u0131r yaralan\u0131b.&nbsp;<\/p>\n\n\n\n<p>Xat\u0131rladaq ki, bu x\u0259b\u0259ri yayan rus q\u00fcvv\u0259l\u0259ri \u0259slind\u0259 bu terror\u00e7ular\u0131 \u00f6lk\u0259mizd\u0259n \u00e7\u0131xarmaq \u00f6hd\u0259liyi g\u00f6t\u00fcr\u00fcb. Amma h\u0259l\u0259 silah, erm\u0259ni le\u015fi v\u0259 yaral\u0131s\u0131 da\u015f\u0131maqla m\u0259\u015f\u011ful olur.<\/p>\n\n\n\n<p>Yay\u0131lan bu x\u0259b\u0259rl\u0259 ba\u011fl\u0131 M\u00fcdafi\u0259 Nazirliyinin M\u0259tbuat Xidm\u0259tinin r\u0259is m\u00fcavini polkovnik-leytenant Anar Eyvazov a\u00e7\u0131qlama verib:<\/p>\n\n\n\n<p><strong>&#171;Rusiya M\u00fcdafi\u0259 Nazirliyinin erm\u0259ni t\u0259r\u0259fin\u0259 istinad\u0259n Az\u0259rbaycan Ordusunun b\u00f6lm\u0259l\u0259ri t\u0259r\u0259find\u0259n guya at\u0259\u015fin a\u00e7\u0131lmas\u0131 n\u0259tic\u0259sind\u0259 sentyabr\u0131n 17-d\u0259 \u015eu\u015fa istiqam\u0259tind\u0259 2 erm\u0259ni silahl\u0131s\u0131n\u0131n yaralanmas\u0131 bar\u0259d\u0259 yayd\u0131\u011f\u0131 m\u0259lumat t\u0259\u0259cc\u00fcb v\u0259 t\u0259\u0259ss\u00fcf do\u011furur&#187;.<\/strong><\/p>\n\n\n\n<p>&#171;Bel\u0259 ki, haqq\u0131nda b\u0259hs olunan hadis\u0259 Az\u0259rbaycan Respublikas\u0131 M\u00fcdafi\u0259 Nazirliyi n\u00fcmay\u0259nd\u0259l\u0259rinin v\u0259 Rusiya Federasiyas\u0131n\u0131n S\u00fclhm\u0259raml\u0131 kontinqentinin r\u0259hb\u0259rliyinin birg\u0259 i\u015ftirak\u0131 il\u0259 ara\u015fd\u0131r\u0131l\u0131b.<\/p>\n\n\n\n<p><br>N\u0259tic\u0259 etibaril\u0259, qeyd olunan tarixd\u0259 v\u0259 g\u00f6st\u0259ril\u0259n istiqam\u0259td\u0259 b\u00f6lm\u0259l\u0259rimiz t\u0259r\u0259find\u0259n h\u0259r hans\u0131 at\u0259\u015fin a\u00e7\u0131lmad\u0131\u011f\u0131 t\u0259sbit olunub.<\/p>\n\n\n\n<p><br>H\u0259r iki t\u0259r\u0259fin i\u015ftirak\u0131 il\u0259 ara\u015fd\u0131r\u0131lm\u0131\u015f m\u0259lumat\u0131n sonradan tamamil\u0259 \u0259ks formada t\u0259qdim edilm\u0259si anla\u015f\u0131lan deyildir.<\/p>\n\n\n\n<p>Az\u0259rbaycan t\u0259r\u0259fi \u00fc\u00e7t\u0259r\u0259fli b\u0259yanat\u0131n m\u00fcdd\u0259alar\u0131na ciddi riay\u0259t etm\u0259kl\u0259 \u00f6lk\u0259mizin qanunlar\u0131na uy\u011fun olaraq b\u00f6lg\u0259d\u0259 sabitliyin t\u0259min edilm\u0259si v\u0259 m\u00fcmk\u00fcn t\u0259xribatlar\u0131n qar\u015f\u0131s\u0131n\u0131n al\u0131nmas\u0131 istiqam\u0259tind\u0259 s\u0259yl\u0259rini davam etdirir&#187;, &#8212; dey\u0259 Anar Eyvazov \u0259lav\u0259 edib.<\/p>\n\n\n\n<p><strong>P.S. Ona g\u00f6r\u0259 Simonyan Marqaritan\u0131n Rusiyan\u0131 \u00f6z informasiyalar\u0131 il\u0259 barma\u011f\u0131na dolad\u0131\u011f\u0131n\u0131 yazmaqday\u0131q&#8230;<\/strong><\/p>\n\n\n\n<p><strong>Elnur S\u0259lim<\/strong><\/p>\n\n\n\n<figure class=\"wp-block-image size-large is-resized\"><img loading=\"lazy\" decoding=\"async\" src=\"https:\/\/fedai.az\/wp-content\/uploads\/2021\/09\/cvb.jpg\" alt=\"\" class=\"wp-image-48728\" width=\"928\" height=\"722\" srcset=\"https:\/\/fedai.az\/wp-content\/uploads\/2021\/09\/cvb.jpg 863w, https:\/\/fedai.az\/wp-content\/uploads\/2021\/09\/cvb-300x233.jpg 300w, https:\/\/fedai.az\/wp-content\/uploads\/2021\/09\/cvb-150x117.jpg 150w, https:\/\/fedai.az\/wp-content\/uploads\/2021\/09\/cvb-768x597.jpg 768w\" sizes=\"auto, (max-width: 928px) 100vw, 928px\" \/><\/figure>\n","protected":false},"excerpt":{"rendered":"<p>17 sentyabr 2021-ci il tarixd\u0259 \u015eu\u015fa istiqam\u0259tind\u0259 at\u0131\u015fma ba\u015f verib. &nbsp; Bunu \u201cSputnik Armeniya\u201d x\u0259b\u0259r verib, bildirib ki, bu informasiyan\u0131 Az\u0259rbaycan \u0259razisind\u0259 m\u00fcv\u0259qq\u0259ti yerl\u0259\u015f\u0259n<\/p>\n","protected":false},"author":2,"featured_media":48676,"comment_status":"closed","ping_status":"closed","sticky":false,"template":"","format":"standard","meta":{"footnotes":""},"categories":[3],"tags":[],"class_list":["post-48675","post","type-post","status-publish","format-standard","has-post-thumbnail","hentry","category-gundm"],"aioseo_notices":[],"_links":{"self":[{"href":"https:\/\/fedai.az\/index.php?rest_route=\/wp\/v2\/posts\/48675","targetHints":{"allow":["GET"]}}],"collection":[{"href":"https:\/\/fedai.az\/index.php?rest_route=\/wp\/v2\/posts"}],"about":[{"href":"https:\/\/fedai.az\/index.php?rest_route=\/wp\/v2\/types\/post"}],"author":[{"embeddable":true,"href":"https:\/\/fedai.az\/index.php?rest_route=\/wp\/v2\/users\/2"}],"replies":[{"embeddable":true,"href":"https:\/\/fedai.az\/index.php?rest_route=%2Fwp%2Fv2%2Fcomments&post=48675"}],"version-history":[{"count":3,"href":"https:\/\/fedai.az\/index.php?rest_route=\/wp\/v2\/posts\/48675\/revisions"}],"predecessor-version":[{"id":48729,"href":"https:\/\/fedai.az\/index.php?rest_route=\/wp\/v2\/posts\/48675\/revisions\/48729"}],"wp:featuredmedia":[{"embeddable":true,"href":"https:\/\/fedai.az\/index.php?rest_route=\/wp\/v2\/media\/48676"}],"wp:attachment":[{"href":"https:\/\/fedai.az\/index.php?rest_route=%2Fwp%2Fv2%2Fmedia&parent=48675"}],"wp:term":[{"taxonomy":"category","embeddable":true,"href":"https:\/\/fedai.az\/index.php?rest_route=%2Fwp%2Fv2%2Fcategories&post=48675"},{"taxonomy":"post_tag","embeddable":true,"href":"https:\/\/fedai.az\/index.php?rest_route=%2Fwp%2Fv2%2Ftags&post=48675"}],"curies":[{"name":"wp","href":"https:\/\/api.w.org\/{rel}","templated":true}]}}