{"id":48724,"date":"2021-09-19T12:35:38","date_gmt":"2021-09-19T08:35:38","guid":{"rendered":"https:\/\/fedai.az\/?p=48724"},"modified":"2021-09-19T12:35:42","modified_gmt":"2021-09-19T08:35:42","slug":"aida-imanquliyevanin-anim-gunudur","status":"publish","type":"post","link":"https:\/\/fedai.az\/?p=48724","title":{"rendered":"Aida \u0130manquliyevan\u0131n an\u0131m g\u00fcn\u00fcd\u00fcr"},"content":{"rendered":"\n<p><strong>Sentyabr\u0131n 19-u \u015f\u0259rq\u015f\u00fcnas-alim Aida \u0130manquliyevan\u0131n an\u0131m g\u00fcn\u00fcd\u00fcr.<\/strong><\/p>\n\n\n\n<p>Aida \u0130manquliyeva Az\u0259rbaycan \u015f\u0259rq\u015f\u00fcnasl\u0131\u011f\u0131nda ilk qad\u0131n elml\u0259r doktoru, professor olub.<\/p>\n\n\n\n<p>Modern.az-\u0131n m\u0259lumat\u0131na g\u00f6r\u0259, Aida N\u0259sir q\u0131z\u0131 \u0130manquliyeva 1939-cu il oktyabr\u0131n 10-da Bak\u0131da ziyal\u0131 ail\u0259sind\u0259 anadan olub. 1957-ci ild\u0259 Bak\u0131 \u015f\u0259h\u0259rind\u0259ki 132 n\u00f6mr\u0259li orta m\u0259kt\u0259bi q\u0131z\u0131l medalla bitirib v\u0259 Az\u0259rbaycan D\u00f6vl\u0259t Universitetinin (indiki Bak\u0131 D\u00f6vl\u0259t Universiteti) \u015e\u0259rq\u015f\u00fcnasl\u0131q fak\u00fclt\u0259sinin \u0259r\u0259b filologiyas\u0131 b\u00f6lm\u0259sin\u0259 q\u0259bul olunub. 1962-ci ild\u0259 universiteti bitir\u0259nd\u0259n sonra bu t\u0259hsil m\u00fc\u0259ssis\u0259sinin Yax\u0131n \u015e\u0259rq xalqlar\u0131 \u0259d\u0259biyyat\u0131 tarixi kafedras\u0131n\u0131n aspirant\u0131 olub, h\u0259m\u00e7inin ke\u00e7mi\u015f SSR\u0130 EA Asiya Xalqlar\u0131 \u0130nstitutunun aspiranturas\u0131nda t\u0259hsil al\u0131b. 1966-c\u0131 ild\u0259 namiz\u0259dlik dissertasiyas\u0131n\u0131 m\u00fcdafi\u0259 ed\u0259n Aida \u0130manquliyeva Az\u0259rbaycan EA \u015e\u0259rq\u015f\u00fcnasl\u0131q \u0130nstitutunda \u0259m\u0259k f\u0259aliyy\u0259tin\u0259 ba\u015flay\u0131b. O, istedad\u0131, z\u0259hm\u0259tsev\u0259rliyi say\u0259sind\u0259 ki\u00e7ik elmi i\u015f\u00e7id\u0259n \u015f\u00f6b\u0259 m\u00fcdiri, elmi i\u015fl\u0259r \u00fczr\u0259 direktor m\u00fcavini v\u0259 n\u0259hay\u0259t, Az\u0259rbaycan Elml\u0259r Akademiyas\u0131 \u015e\u0259rq\u015f\u00fcnasl\u0131q \u0130nstitutunun direktoru v\u0259zif\u0259sin\u0259d\u0259k y\u00fcks\u0259lib.<\/p>\n\n\n\n<p>1989-cu ild\u0259 Aida \u0130manquliyeva Tbilisi \u015f\u0259h\u0259rind\u0259 doktorluq dissertasiyas\u0131 m\u00fcdafi\u0259 edib v\u0259 \u00e7ox ke\u00e7m\u0259d\u0259n bu ixtisas \u00fczr\u0259 professor ad\u0131 al\u0131b.<\/p>\n\n\n\n<p>\u00dc\u00e7 fundamental monoqrafiyan\u0131n (\u201cMixail N\u00fcaym\u0259 v\u0259 \u201cQ\u0259l\u0259ml\u0259r birliyi\u201d, \u201cC\u00fcbran X\u0259lil C\u00fcbran\u201d, \u201cYeni \u0259r\u0259b \u0259d\u0259biyyat\u0131 korifeyl\u0259ri\u201d) v\u0259 70-d\u0259n \u00e7ox elmi m\u0259qal\u0259nin m\u00fc\u0259llifi Aida \u0130manquliyeva, h\u0259m\u00e7inin \u015e\u0259rq filologiyas\u0131 sah\u0259sind\u0259 yaz\u0131lm\u0131\u015f bir \u00e7ox elmi \u0259s\u0259rl\u0259rin redaktoru idi. Az\u0259rbaycan EA \u015e\u0259rq\u015f\u00fcnasl\u0131q \u0130nstitutunda f\u0259aliyy\u0259t g\u00f6st\u0259r\u0259n \u201cAsiya v\u0259 Afrika \u00f6lk\u0259l\u0259ri xalqlar\u0131 \u0259d\u0259biyyatlar\u0131\u201d ixtisas\u0131 \u00fczr\u0259 m\u00fcdafi\u0259 \u015furas\u0131n\u0131n s\u0259dri olub. Az\u0259rbaycan \u015f\u0259rq\u015f\u00fcnasl\u0131q elmini ke\u00e7mi\u015f SSR\u0130 m\u0259kan\u0131nda v\u0259 onun h\u00fcdudlar\u0131ndan k\u0259narda layiqinc\u0259 t\u0259msil edib.<\/p>\n\n\n\n<p>\u00dcmumittifaq \u015e\u0259rq\u015f\u00fcnaslar C\u0259miyy\u0259tinin R\u0259yas\u0259t Hey\u0259tinin, \u015e\u0259rq \u0259d\u0259biyyatlar\u0131n\u0131n t\u0259dqiqi \u00fczr\u0259 \u00dcmumittifaq Koordinasiya \u015euras\u0131n\u0131n \u00fczv\u00fc olan Aida \u0130manquliyeva uzun ill\u0259r s\u0259m\u0259r\u0259li pedaqoji f\u0259aliyy\u0259t g\u00f6st\u0259rib, Az\u0259rbaycan D\u00f6vl\u0259t Universitetind\u0259 \u0259r\u0259b filologiyas\u0131 f\u0259nnind\u0259n m\u00fchazir\u0259l\u0259r oxuyub.<\/p>\n\n\n\n<p>A.\u0130manquliyeva 1992-ci sentyabr\u0131n 19-da v\u0259fat edib.<\/p>\n","protected":false},"excerpt":{"rendered":"<p>Sentyabr\u0131n 19-u \u015f\u0259rq\u015f\u00fcnas-alim Aida \u0130manquliyevan\u0131n an\u0131m g\u00fcn\u00fcd\u00fcr. Aida \u0130manquliyeva Az\u0259rbaycan \u015f\u0259rq\u015f\u00fcnasl\u0131\u011f\u0131nda ilk qad\u0131n elml\u0259r doktoru, professor olub. Modern.az-\u0131n m\u0259lumat\u0131na g\u00f6r\u0259, Aida N\u0259sir q\u0131z\u0131 \u0130manquliyeva<\/p>\n","protected":false},"author":2,"featured_media":48725,"comment_status":"closed","ping_status":"closed","sticky":false,"template":"","format":"standard","meta":{"footnotes":""},"categories":[3],"tags":[],"class_list":["post-48724","post","type-post","status-publish","format-standard","has-post-thumbnail","hentry","category-gundm"],"aioseo_notices":[],"_links":{"self":[{"href":"https:\/\/fedai.az\/index.php?rest_route=\/wp\/v2\/posts\/48724","targetHints":{"allow":["GET"]}}],"collection":[{"href":"https:\/\/fedai.az\/index.php?rest_route=\/wp\/v2\/posts"}],"about":[{"href":"https:\/\/fedai.az\/index.php?rest_route=\/wp\/v2\/types\/post"}],"author":[{"embeddable":true,"href":"https:\/\/fedai.az\/index.php?rest_route=\/wp\/v2\/users\/2"}],"replies":[{"embeddable":true,"href":"https:\/\/fedai.az\/index.php?rest_route=%2Fwp%2Fv2%2Fcomments&post=48724"}],"version-history":[{"count":1,"href":"https:\/\/fedai.az\/index.php?rest_route=\/wp\/v2\/posts\/48724\/revisions"}],"predecessor-version":[{"id":48726,"href":"https:\/\/fedai.az\/index.php?rest_route=\/wp\/v2\/posts\/48724\/revisions\/48726"}],"wp:featuredmedia":[{"embeddable":true,"href":"https:\/\/fedai.az\/index.php?rest_route=\/wp\/v2\/media\/48725"}],"wp:attachment":[{"href":"https:\/\/fedai.az\/index.php?rest_route=%2Fwp%2Fv2%2Fmedia&parent=48724"}],"wp:term":[{"taxonomy":"category","embeddable":true,"href":"https:\/\/fedai.az\/index.php?rest_route=%2Fwp%2Fv2%2Fcategories&post=48724"},{"taxonomy":"post_tag","embeddable":true,"href":"https:\/\/fedai.az\/index.php?rest_route=%2Fwp%2Fv2%2Ftags&post=48724"}],"curies":[{"name":"wp","href":"https:\/\/api.w.org\/{rel}","templated":true}]}}