{"id":48733,"date":"2021-09-19T13:16:34","date_gmt":"2021-09-19T09:16:34","guid":{"rendered":"https:\/\/fedai.az\/?p=48733"},"modified":"2021-09-19T13:16:37","modified_gmt":"2021-09-19T09:16:37","slug":"%c9%99r%c9%99b-birliyind%c9%99n-novb%c9%99ti-x%c9%99yan%c9%99t","status":"publish","type":"post","link":"https:\/\/fedai.az\/?p=48733","title":{"rendered":"\u018fr\u0259b Birliyind\u0259n N\u00f6vb\u0259ti X\u0259yan\u0259t"},"content":{"rendered":"\n<p><strong>Xarici \u0130\u015fl\u0259r Nazirliyi \u018fr\u0259b Birliyini \u201c\u018fr\u0259b \u00f6lk\u0259l\u0259rinin xalqlar\u0131n\u0131n s\u00fclh\u00fcn\u0259, firavanl\u0131\u011f\u0131na v\u0259 rifah\u0131na diqq\u0259t yetirm\u0259y\u0259\u201d \u00e7a\u011f\u0131rd\u0131.<\/strong><\/p>\n\n\n\n<p>T\u00fcrkiy\u0259 Xarici \u0130\u015fl\u0259r Nazirliyi, \u018fr\u0259b D\u00f6vl\u0259tl\u0259ri Birliyi Xarici \u0130\u015fl\u0259r Nazirl\u0259rinin c\u00fcm\u0259 ax\u015fam\u0131 g\u00fcn\u00fc ke\u00e7iril\u0259n iclas\u0131nda q\u0259bul edil\u0259n \u201c\u0259sass\u0131z\u201d anti-T\u00fcrkiy\u0259 q\u0259tnam\u0259l\u0259rini k\u0259skin t\u0259nqid etdi.<\/p>\n\n\n\n<p>\u201c\u015e\u00fcbh\u0259siz ki, \u018fr\u0259b D\u00f6vl\u0259tl\u0259ri C\u0259miyy\u0259tinin b\u0259zi \u00fczvl\u0259rinin \u00f6z ambisiyalar\u0131n\u0131 v\u0259 m\u0259qs\u0259dl\u0259rini gizl\u0259tm\u0259k m\u0259qs\u0259di il\u0259 T\u00fcrkiy\u0259y\u0259 qar\u015f\u0131 stereotipik ittihamlar\u0131n \u0259r\u0259b \u00f6lk\u0259l\u0259rinin dost v\u0259 qarda\u015f xalqlar\u0131 il\u0259 he\u00e7 bir \u0259laq\u0259si yoxdur\u201d, \u2013 dey\u0259 T\u00fcrkiy\u0259 Xarici \u0130\u015fl\u0259r Nazirliyi bildirib. b\u0259yanat.<\/p>\n\n\n\n<p>T\u00fcrkiy\u0259 Xarici \u0130\u015fl\u0259r Nazirliyi, \u018fr\u0259b Birliyini \u201cbu c\u00fcr faydas\u0131z yana\u015fmalardan qurtulma\u011fa v\u0259 \u0259r\u0259b \u00f6lk\u0259l\u0259rinin xalqlar\u0131n\u0131n s\u00fclh\u00fcn\u0259, firavanl\u0131\u011f\u0131na v\u0259 rifah\u0131na diqq\u0259t yetirm\u0259y\u0259\u201d \u00e7a\u011f\u0131rd\u0131.<\/p>\n\n\n\n<p>Nazirlik, \u018fr\u0259b D\u00f6vl\u0259tl\u0259ri Liqas\u0131n\u0131n bir s\u0131ra \u00fczvl\u0259rinin yuxar\u0131da qeyd olunan q\u0259tnam\u0259l\u0259r\u0259 etiraz etm\u0259l\u0259ri v\u0259 ya qeyd-\u015f\u0259rt etm\u0259l\u0259rin\u0259 d\u0259 diqq\u0259t \u00e7\u0259kdi.<\/p>\n\n\n\n<p>\u201cT\u00fcrkiy\u0259, q\u0259tiyy\u0259tli v\u0259 prinsipial yana\u015fmas\u0131 il\u0259 \u018fr\u0259b \u00f6lk\u0259l\u0259rinin suverenliyini, \u0259razi b\u00fct\u00f6vl\u00fcy\u00fcn\u00fc v\u0259 m\u00fcst\u0259qilliyini qorumaq \u00fc\u00e7\u00fcn h\u0259rt\u0259r\u0259fli s\u0259y g\u00f6st\u0259r\u0259n \u00f6lk\u0259l\u0259r aras\u0131nda lider m\u00f6vqe tutur.<\/p>\n\n\n\n<p>Xarici \u0130\u015fl\u0259r Nazirliyi \u0259lav\u0259 edib ki, T\u00fcrkiy\u0259nin milli t\u0259hl\u00fck\u0259sizliyini v\u0259 maraqlar\u0131n\u0131 t\u0259min etm\u0259k u\u011frunda m\u00fcbariz\u0259si beyn\u0259lxalq h\u00fcquqa uy\u011fundur.<\/p>\n\n\n\n<p>M\u0259nb\u0259: <strong>Transqafqaz.com<\/strong><\/p>\n","protected":false},"excerpt":{"rendered":"<p>Xarici \u0130\u015fl\u0259r Nazirliyi \u018fr\u0259b Birliyini \u201c\u018fr\u0259b \u00f6lk\u0259l\u0259rinin xalqlar\u0131n\u0131n s\u00fclh\u00fcn\u0259, firavanl\u0131\u011f\u0131na v\u0259 rifah\u0131na diqq\u0259t yetirm\u0259y\u0259\u201d \u00e7a\u011f\u0131rd\u0131. T\u00fcrkiy\u0259 Xarici \u0130\u015fl\u0259r Nazirliyi, \u018fr\u0259b D\u00f6vl\u0259tl\u0259ri Birliyi Xarici \u0130\u015fl\u0259r<\/p>\n","protected":false},"author":2,"featured_media":48734,"comment_status":"closed","ping_status":"closed","sticky":false,"template":"","format":"standard","meta":{"footnotes":""},"categories":[1],"tags":[],"class_list":["post-48733","post","type-post","status-publish","format-standard","has-post-thumbnail","hentry","category-siyast"],"aioseo_notices":[],"_links":{"self":[{"href":"https:\/\/fedai.az\/index.php?rest_route=\/wp\/v2\/posts\/48733","targetHints":{"allow":["GET"]}}],"collection":[{"href":"https:\/\/fedai.az\/index.php?rest_route=\/wp\/v2\/posts"}],"about":[{"href":"https:\/\/fedai.az\/index.php?rest_route=\/wp\/v2\/types\/post"}],"author":[{"embeddable":true,"href":"https:\/\/fedai.az\/index.php?rest_route=\/wp\/v2\/users\/2"}],"replies":[{"embeddable":true,"href":"https:\/\/fedai.az\/index.php?rest_route=%2Fwp%2Fv2%2Fcomments&post=48733"}],"version-history":[{"count":1,"href":"https:\/\/fedai.az\/index.php?rest_route=\/wp\/v2\/posts\/48733\/revisions"}],"predecessor-version":[{"id":48735,"href":"https:\/\/fedai.az\/index.php?rest_route=\/wp\/v2\/posts\/48733\/revisions\/48735"}],"wp:featuredmedia":[{"embeddable":true,"href":"https:\/\/fedai.az\/index.php?rest_route=\/wp\/v2\/media\/48734"}],"wp:attachment":[{"href":"https:\/\/fedai.az\/index.php?rest_route=%2Fwp%2Fv2%2Fmedia&parent=48733"}],"wp:term":[{"taxonomy":"category","embeddable":true,"href":"https:\/\/fedai.az\/index.php?rest_route=%2Fwp%2Fv2%2Fcategories&post=48733"},{"taxonomy":"post_tag","embeddable":true,"href":"https:\/\/fedai.az\/index.php?rest_route=%2Fwp%2Fv2%2Ftags&post=48733"}],"curies":[{"name":"wp","href":"https:\/\/api.w.org\/{rel}","templated":true}]}}