{"id":48739,"date":"2021-09-19T13:42:18","date_gmt":"2021-09-19T09:42:18","guid":{"rendered":"https:\/\/fedai.az\/?p=48739"},"modified":"2021-09-19T13:42:23","modified_gmt":"2021-09-19T09:42:23","slug":"gurcustanin-bas-naziri-ilham-%c9%99liyev-olk%c9%99sinin-inkisafi-v%c9%99-cic%c9%99kl%c9%99nm%c9%99si-ucun-mubariz%c9%99-aparan-mudrik-liderdir","status":"publish","type":"post","link":"https:\/\/fedai.az\/?p=48739","title":{"rendered":"G\u00fcrc\u00fcstan\u0131n Ba\u015f naziri: &#171;\u0130lham \u018fliyev \u00f6lk\u0259sinin inki\u015faf\u0131 v\u0259 \u00e7i\u00e7\u0259kl\u0259nm\u0259si \u00fc\u00e7\u00fcn m\u00fcbariz\u0259 aparan m\u00fcdrik liderdir\u201d"},"content":{"rendered":"\n<p>\u201cAz\u0259rbaycan Prezidenti \u0130lham \u018fliyev \u00f6lk\u0259sinin inki\u015faf\u0131 v\u0259 \u00e7i\u00e7\u0259kl\u0259nm\u0259si \u00fc\u00e7\u00fcn m\u00fcbariz\u0259 aparan m\u00fcdrik liderdir\u201d.<\/p>\n\n\n\n<p>Bu s\u00f6zl\u0259ri G\u00fcrc\u00fcstan\u0131n Ba\u015f naziri \u0130rakli Qariba\u015fvili bir televiziya kanal\u0131na verdiyi m\u00fcsahib\u0259si zaman\u0131 deyib.<\/p>\n\n\n\n<p>Ba\u015f nazir xarici siyas\u0259t, regional inki\u015faflar v\u0259 \u00f6lk\u0259sinin \u0259razi b\u00fct\u00f6vl\u00fcy\u00fc il\u0259 ba\u011fl\u0131 d\u0259y\u0259rl\u0259ndirm\u0259l\u0259r d\u0259 edib: \u201cAz\u0259rbaycan v\u0259 az\u0259rbaycanl\u0131lar bizim \u00fc\u00e7\u00fcn sad\u0259c\u0259, qon\u015fu deyil. Onlarla \u0259la dostluq v\u0259 qarda\u015fl\u0131q \u0259laq\u0259l\u0259rimiz var\u201d.<\/p>\n\n\n\n<p>M\u0259nb\u0259: Margin.az<\/p>\n","protected":false},"excerpt":{"rendered":"<p>\u201cAz\u0259rbaycan Prezidenti \u0130lham \u018fliyev \u00f6lk\u0259sinin inki\u015faf\u0131 v\u0259 \u00e7i\u00e7\u0259kl\u0259nm\u0259si \u00fc\u00e7\u00fcn m\u00fcbariz\u0259 aparan m\u00fcdrik liderdir\u201d. Bu s\u00f6zl\u0259ri G\u00fcrc\u00fcstan\u0131n Ba\u015f naziri \u0130rakli Qariba\u015fvili bir televiziya kanal\u0131na verdiyi<\/p>\n","protected":false},"author":2,"featured_media":48740,"comment_status":"closed","ping_status":"closed","sticky":false,"template":"","format":"standard","meta":{"footnotes":""},"categories":[1],"tags":[],"class_list":["post-48739","post","type-post","status-publish","format-standard","has-post-thumbnail","hentry","category-siyast"],"aioseo_notices":[],"_links":{"self":[{"href":"https:\/\/fedai.az\/index.php?rest_route=\/wp\/v2\/posts\/48739","targetHints":{"allow":["GET"]}}],"collection":[{"href":"https:\/\/fedai.az\/index.php?rest_route=\/wp\/v2\/posts"}],"about":[{"href":"https:\/\/fedai.az\/index.php?rest_route=\/wp\/v2\/types\/post"}],"author":[{"embeddable":true,"href":"https:\/\/fedai.az\/index.php?rest_route=\/wp\/v2\/users\/2"}],"replies":[{"embeddable":true,"href":"https:\/\/fedai.az\/index.php?rest_route=%2Fwp%2Fv2%2Fcomments&post=48739"}],"version-history":[{"count":1,"href":"https:\/\/fedai.az\/index.php?rest_route=\/wp\/v2\/posts\/48739\/revisions"}],"predecessor-version":[{"id":48741,"href":"https:\/\/fedai.az\/index.php?rest_route=\/wp\/v2\/posts\/48739\/revisions\/48741"}],"wp:featuredmedia":[{"embeddable":true,"href":"https:\/\/fedai.az\/index.php?rest_route=\/wp\/v2\/media\/48740"}],"wp:attachment":[{"href":"https:\/\/fedai.az\/index.php?rest_route=%2Fwp%2Fv2%2Fmedia&parent=48739"}],"wp:term":[{"taxonomy":"category","embeddable":true,"href":"https:\/\/fedai.az\/index.php?rest_route=%2Fwp%2Fv2%2Fcategories&post=48739"},{"taxonomy":"post_tag","embeddable":true,"href":"https:\/\/fedai.az\/index.php?rest_route=%2Fwp%2Fv2%2Ftags&post=48739"}],"curies":[{"name":"wp","href":"https:\/\/api.w.org\/{rel}","templated":true}]}}