{"id":48742,"date":"2021-09-19T14:09:18","date_gmt":"2021-09-19T10:09:18","guid":{"rendered":"https:\/\/fedai.az\/?p=48742"},"modified":"2021-09-19T14:09:20","modified_gmt":"2021-09-19T10:09:20","slug":"r%c9%99c%c9%99b-tayyib-%c9%99rdogan-z%c9%99ng%c9%99zur-d%c9%99hlzinin-acilib-acilmamasi-siyasi-bir-m%c9%99s%c9%99l%c9%99dir","status":"publish","type":"post","link":"https:\/\/fedai.az\/?p=48742","title":{"rendered":"R\u0259c\u0259b Tayyib \u018frdo\u011fan: \u201cZ\u0259ng\u0259zur d\u0259hlzinin a\u00e7\u0131l\u0131b-a\u00e7\u0131lmamas\u0131 siyasi bir m\u0259s\u0259l\u0259dir\u201d"},"content":{"rendered":"\n<p><strong>\u201cZ\u0259ng\u0259zur d\u0259hlzinin a\u00e7\u0131l\u0131b-a\u00e7\u0131lmamas\u0131 siyasi bir m\u0259s\u0259l\u0259dir\u201d.<\/strong><\/p>\n\n\n\n<p>T\u00fcrkiy\u0259 Prezidenti R\u0259c\u0259b Tayyib \u018frdo\u011fan Erm\u0259nistan\u0131n ba\u015f naziri Nikol Pa\u015finyan\u0131n d\u0259hlizin a\u00e7\u0131lmas\u0131n\u0131n \u0259lehyin\u0259 olmas\u0131na m\u00fcnasib\u0259t bildir\u0259rk\u0259n bu s\u00f6zl\u0259ri deyib.<\/p>\n\n\n\n<p>\u201cBir t\u0259r\u0259fd\u0259n bunu deyib, dig\u0259r t\u0259r\u0259fd\u0259n m\u0259nl\u0259 g\u00f6r\u00fc\u015fm\u0259k ist\u0259m\u0259si h\u0259r halda d\u00fc\u015f\u00fcnd\u00fcr\u00fcc\u00fc m\u0259qamd\u0131r. \u018fg\u0259r Tayyip \u018frdo\u011fanla g\u00f6r\u00fc\u015fm\u0259k ist\u0259yirs\u0259ns\u0259, b\u0259lli add\u0131mlar at\u0131lmal\u0131d\u0131r. Biz g\u00f6r\u00fc\u015fl\u0259r\u0259 qapal\u0131 deyilik. G\u00fcrc\u00fcstan ba\u015f naziri Erm\u0259nistan ba\u015f nazirinin g\u00f6r\u00fc\u015fm\u0259kl\u0259 ba\u011fl\u0131 t\u0259klifini m\u0259n\u0259 \u00e7atd\u0131r\u0131b. Ancaq bunun \u00fc\u00e7\u00fcn Erm\u0259nistan\u0131n m\u00fcsb\u0259t add\u0131mlar atmal\u0131d\u0131r. Bu g\u00f6r\u00fc\u015f ba\u015f tutarsa, T\u00fcrkiy\u0259 d\u0259 diplomatik \u0259laq\u0259l\u0259r\u0259 ba\u015flayar\u201d dey\u0259 Prezident qeyd edib.<\/p>\n\n\n\n<p>R. T. \u018frdo\u011fan \u00fcmid etdiyini bildirib ki, Az\u0259rbaycan-Erm\u0259nistan m\u00fcnasib\u0259tl\u0259rind\u0259ki \u00e7\u0259tinlik Z\u0259ng\u0259zur koridorunun a\u00e7\u0131lmas\u0131 il\u0259 a\u015f\u0131lm\u0131\u015f olar.<\/p>\n","protected":false},"excerpt":{"rendered":"<p>\u201cZ\u0259ng\u0259zur d\u0259hlzinin a\u00e7\u0131l\u0131b-a\u00e7\u0131lmamas\u0131 siyasi bir m\u0259s\u0259l\u0259dir\u201d. T\u00fcrkiy\u0259 Prezidenti R\u0259c\u0259b Tayyib \u018frdo\u011fan Erm\u0259nistan\u0131n ba\u015f naziri Nikol Pa\u015finyan\u0131n d\u0259hlizin a\u00e7\u0131lmas\u0131n\u0131n \u0259lehyin\u0259 olmas\u0131na m\u00fcnasib\u0259t bildir\u0259rk\u0259n bu s\u00f6zl\u0259ri<\/p>\n","protected":false},"author":2,"featured_media":48744,"comment_status":"closed","ping_status":"closed","sticky":false,"template":"","format":"standard","meta":{"footnotes":""},"categories":[3],"tags":[],"class_list":["post-48742","post","type-post","status-publish","format-standard","has-post-thumbnail","hentry","category-gundm"],"aioseo_notices":[],"_links":{"self":[{"href":"https:\/\/fedai.az\/index.php?rest_route=\/wp\/v2\/posts\/48742","targetHints":{"allow":["GET"]}}],"collection":[{"href":"https:\/\/fedai.az\/index.php?rest_route=\/wp\/v2\/posts"}],"about":[{"href":"https:\/\/fedai.az\/index.php?rest_route=\/wp\/v2\/types\/post"}],"author":[{"embeddable":true,"href":"https:\/\/fedai.az\/index.php?rest_route=\/wp\/v2\/users\/2"}],"replies":[{"embeddable":true,"href":"https:\/\/fedai.az\/index.php?rest_route=%2Fwp%2Fv2%2Fcomments&post=48742"}],"version-history":[{"count":1,"href":"https:\/\/fedai.az\/index.php?rest_route=\/wp\/v2\/posts\/48742\/revisions"}],"predecessor-version":[{"id":48745,"href":"https:\/\/fedai.az\/index.php?rest_route=\/wp\/v2\/posts\/48742\/revisions\/48745"}],"wp:featuredmedia":[{"embeddable":true,"href":"https:\/\/fedai.az\/index.php?rest_route=\/wp\/v2\/media\/48744"}],"wp:attachment":[{"href":"https:\/\/fedai.az\/index.php?rest_route=%2Fwp%2Fv2%2Fmedia&parent=48742"}],"wp:term":[{"taxonomy":"category","embeddable":true,"href":"https:\/\/fedai.az\/index.php?rest_route=%2Fwp%2Fv2%2Fcategories&post=48742"},{"taxonomy":"post_tag","embeddable":true,"href":"https:\/\/fedai.az\/index.php?rest_route=%2Fwp%2Fv2%2Ftags&post=48742"}],"curies":[{"name":"wp","href":"https:\/\/api.w.org\/{rel}","templated":true}]}}