{"id":48762,"date":"2021-09-20T01:56:09","date_gmt":"2021-09-19T21:56:09","guid":{"rendered":"https:\/\/fedai.az\/?p=48762"},"modified":"2021-09-20T01:56:14","modified_gmt":"2021-09-19T21:56:14","slug":"r%c9%99c%c9%99b-tayyib-%c9%99rdogan-nyu-yorka-s%c9%99f%c9%99r-edib","status":"publish","type":"post","link":"https:\/\/fedai.az\/?p=48762","title":{"rendered":"R\u0259c\u0259b Tayyib \u018frdo\u011fan Nyu Yorka s\u0259f\u0259r edib"},"content":{"rendered":"\n<p><strong>T\u00fcrkiy\u0259 Prezidenti R\u0259c\u0259b Tayyib \u018frdo\u011fan BMT Ba\u015f Assambleyas\u0131n\u0131n 76-c\u0131 sessiyas\u0131nda i\u015ftirak etm\u0259k m\u0259qs\u0259dil\u0259 Nyu Yorka s\u0259f\u0259r edib.<\/strong><\/p>\n\n\n\n<p>&#171;TC-TRK&#187; t\u0259yyar\u0259si il\u0259 Con Kennedi ad\u0131na Beyn\u0259lxalq Hava Liman\u0131na en\u0259n R.T.\u018frdo\u011fan v\u0259 h\u0259yat yolda\u015f\u0131 \u018fmin\u0259 \u018frdo\u011fan\u0131 xarici i\u015fl\u0259r naziri M\u00f6vlud \u00c7avu\u015fo\u011flu, T\u00fcrkiy\u0259nin AB\u015e-dak\u0131 s\u0259firi H\u0259s\u0259n Murad M\u0259rcan qar\u015f\u0131lay\u0131b.<\/p>\n\n\n\n<p>D\u00f6vl\u0259t ba\u015f\u00e7\u0131s\u0131 il\u0259 yana\u015f\u0131, qarda\u015f \u00f6lk\u0259nin dig\u0259r r\u0259smi \u015f\u0259xsl\u0259ri d\u0259 Amerikaya gedib.<\/p>\n","protected":false},"excerpt":{"rendered":"<p>T\u00fcrkiy\u0259 Prezidenti R\u0259c\u0259b Tayyib \u018frdo\u011fan BMT Ba\u015f Assambleyas\u0131n\u0131n 76-c\u0131 sessiyas\u0131nda i\u015ftirak etm\u0259k m\u0259qs\u0259dil\u0259 Nyu Yorka s\u0259f\u0259r edib. &#171;TC-TRK&#187; t\u0259yyar\u0259si il\u0259 Con Kennedi ad\u0131na Beyn\u0259lxalq<\/p>\n","protected":false},"author":2,"featured_media":48763,"comment_status":"closed","ping_status":"closed","sticky":false,"template":"","format":"standard","meta":{"footnotes":""},"categories":[1],"tags":[],"class_list":["post-48762","post","type-post","status-publish","format-standard","has-post-thumbnail","hentry","category-siyast"],"aioseo_notices":[],"_links":{"self":[{"href":"https:\/\/fedai.az\/index.php?rest_route=\/wp\/v2\/posts\/48762","targetHints":{"allow":["GET"]}}],"collection":[{"href":"https:\/\/fedai.az\/index.php?rest_route=\/wp\/v2\/posts"}],"about":[{"href":"https:\/\/fedai.az\/index.php?rest_route=\/wp\/v2\/types\/post"}],"author":[{"embeddable":true,"href":"https:\/\/fedai.az\/index.php?rest_route=\/wp\/v2\/users\/2"}],"replies":[{"embeddable":true,"href":"https:\/\/fedai.az\/index.php?rest_route=%2Fwp%2Fv2%2Fcomments&post=48762"}],"version-history":[{"count":1,"href":"https:\/\/fedai.az\/index.php?rest_route=\/wp\/v2\/posts\/48762\/revisions"}],"predecessor-version":[{"id":48764,"href":"https:\/\/fedai.az\/index.php?rest_route=\/wp\/v2\/posts\/48762\/revisions\/48764"}],"wp:featuredmedia":[{"embeddable":true,"href":"https:\/\/fedai.az\/index.php?rest_route=\/wp\/v2\/media\/48763"}],"wp:attachment":[{"href":"https:\/\/fedai.az\/index.php?rest_route=%2Fwp%2Fv2%2Fmedia&parent=48762"}],"wp:term":[{"taxonomy":"category","embeddable":true,"href":"https:\/\/fedai.az\/index.php?rest_route=%2Fwp%2Fv2%2Fcategories&post=48762"},{"taxonomy":"post_tag","embeddable":true,"href":"https:\/\/fedai.az\/index.php?rest_route=%2Fwp%2Fv2%2Ftags&post=48762"}],"curies":[{"name":"wp","href":"https:\/\/api.w.org\/{rel}","templated":true}]}}