{"id":48774,"date":"2021-09-20T02:13:35","date_gmt":"2021-09-19T22:13:35","guid":{"rendered":"https:\/\/fedai.az\/?p=48774"},"modified":"2021-09-20T02:13:37","modified_gmt":"2021-09-19T22:13:37","slug":"turkiy%c9%99-silahli-quvv%c9%99l%c9%99ri-daha-10-pkk-ypg-terrorcusunu-z%c9%99r%c9%99rsizl%c9%99sdirib","status":"publish","type":"post","link":"https:\/\/fedai.az\/?p=48774","title":{"rendered":"T\u00fcrkiy\u0259 Silahl\u0131 Q\u00fcvv\u0259l\u0259ri daha 10 PKK\/YPG terror\u00e7usunu z\u0259r\u0259rsizl\u0259\u015fdirib"},"content":{"rendered":"\n<p><strong>T\u00fcrkiy\u0259 Silahl\u0131 Q\u00fcvv\u0259l\u0259ri Suriyan\u0131n \u015fimal\u0131nda 10 PKK\/YPG terror\u00e7usunu z\u0259r\u0259rsizl\u0259\u015fdirib<\/strong>.<\/p>\n\n\n\n<p>Bu bar\u0259d\u0259 T\u00fcrkiy\u0259 Milli M\u00fcdafi\u0259 Nazirliyind\u0259n bildiribl\u0259r.<\/p>\n\n\n\n<p>M\u0259lumata \u0259sas\u0259n, z\u0259r\u0259rsizl\u0259\u015fdiril\u0259n terror\u00e7ular &#171;S\u00fclh bula\u011f\u0131&#187; \u0259m\u0259liyyat\u0131 \u0259razisind\u0259 terror akt\u0131 haz\u0131rlay\u0131rm\u0131\u015flar.<\/p>\n\n\n\n<p>Qeyd edilir ki, T\u00fcrkiy\u0259 Silahl\u0131 Q\u00fcvv\u0259l\u0259ri regionda s\u00fclh\u00fcn v\u0259 sabitliyin t\u0259min edilm\u0259si \u00fc\u00e7\u00fcn t\u0259dbirl\u0259ri davam etdir\u0259c\u0259k.<\/p>\n","protected":false},"excerpt":{"rendered":"<p>T\u00fcrkiy\u0259 Silahl\u0131 Q\u00fcvv\u0259l\u0259ri Suriyan\u0131n \u015fimal\u0131nda 10 PKK\/YPG terror\u00e7usunu z\u0259r\u0259rsizl\u0259\u015fdirib. Bu bar\u0259d\u0259 T\u00fcrkiy\u0259 Milli M\u00fcdafi\u0259 Nazirliyind\u0259n bildiribl\u0259r. M\u0259lumata \u0259sas\u0259n, z\u0259r\u0259rsizl\u0259\u015fdiril\u0259n terror\u00e7ular &#171;S\u00fclh bula\u011f\u0131&#187; \u0259m\u0259liyyat\u0131 \u0259razisind\u0259<\/p>\n","protected":false},"author":2,"featured_media":0,"comment_status":"closed","ping_status":"closed","sticky":false,"template":"","format":"standard","meta":{"footnotes":""},"categories":[3],"tags":[],"class_list":["post-48774","post","type-post","status-publish","format-standard","hentry","category-gundm"],"aioseo_notices":[],"_links":{"self":[{"href":"https:\/\/fedai.az\/index.php?rest_route=\/wp\/v2\/posts\/48774","targetHints":{"allow":["GET"]}}],"collection":[{"href":"https:\/\/fedai.az\/index.php?rest_route=\/wp\/v2\/posts"}],"about":[{"href":"https:\/\/fedai.az\/index.php?rest_route=\/wp\/v2\/types\/post"}],"author":[{"embeddable":true,"href":"https:\/\/fedai.az\/index.php?rest_route=\/wp\/v2\/users\/2"}],"replies":[{"embeddable":true,"href":"https:\/\/fedai.az\/index.php?rest_route=%2Fwp%2Fv2%2Fcomments&post=48774"}],"version-history":[{"count":1,"href":"https:\/\/fedai.az\/index.php?rest_route=\/wp\/v2\/posts\/48774\/revisions"}],"predecessor-version":[{"id":48776,"href":"https:\/\/fedai.az\/index.php?rest_route=\/wp\/v2\/posts\/48774\/revisions\/48776"}],"wp:attachment":[{"href":"https:\/\/fedai.az\/index.php?rest_route=%2Fwp%2Fv2%2Fmedia&parent=48774"}],"wp:term":[{"taxonomy":"category","embeddable":true,"href":"https:\/\/fedai.az\/index.php?rest_route=%2Fwp%2Fv2%2Fcategories&post=48774"},{"taxonomy":"post_tag","embeddable":true,"href":"https:\/\/fedai.az\/index.php?rest_route=%2Fwp%2Fv2%2Ftags&post=48774"}],"curies":[{"name":"wp","href":"https:\/\/api.w.org\/{rel}","templated":true}]}}