{"id":48798,"date":"2021-09-20T03:32:11","date_gmt":"2021-09-19T23:32:11","guid":{"rendered":"https:\/\/fedai.az\/?p=48798"},"modified":"2021-09-20T03:32:15","modified_gmt":"2021-09-19T23:32:15","slug":"koffi-bmt-ist%c9%99ksizlik-s%c9%99rgil%c9%99di-baki-ozu-h%c9%99ll-etdi","status":"publish","type":"post","link":"https:\/\/fedai.az\/?p=48798","title":{"rendered":"Koffi: BMT ist\u0259ksizlik s\u0259rgil\u0259di, Bak\u0131 \u00f6z\u00fc h\u0259ll etdi"},"content":{"rendered":"\n<p><strong>Son be\u015f-alt\u0131 ildir T\u00fcrkiy\u0259nin Orta Asiya, Qafqaz v\u0259 \u018ffqan\u0131standa t\u0259siri y\u00fcks\u0259lib.<\/strong><\/p>\n\n\n\n<p>Bunu Va\u015finqtonun \u201cHeritage Foundation\u201d ara\u015fd\u0131rma institutunun h\u0259rbi eksperti, Duqlas v\u0259 Sara Allison Siyasi M\u0259rk\u0259zinin direktoru Lyuk Koffi deyib.<\/p>\n\n\n\n<p>O bildirib ki, m\u00fcnasib\u0259tl\u0259rd\u0259ki m\u00f6vcud \u00e7\u0259tinlikl\u0259r\u0259 baxmayaraq, T\u00fcrkiy\u0259nin m\u00fctt\u0259fiqliyi v\u0259 NATO-dak\u0131 yeri AB\u015e-a b\u00f6y\u00fck fayda verir:<\/p>\n\n\n\n<p>&#171;BMT-nin bug\u00fcnk\u00fc \u0259h\u0259miyy\u0259tli beyn\u0259lxalq m\u0259s\u0259l\u0259l\u0259r qar\u015f\u0131s\u0131nda \u00f6hd\u0259sin\u0259 g\u00f6t\u00fcrd\u00fcy\u00fc rolla ba\u011fl\u0131 nikbin deyil\u0259m. Bunun \u0259sas s\u0259b\u0259bi d\u00f6vl\u0259tl\u0259rin milli maraqlar\u0131n\u0131 \u0259sas g\u00f6t\u00fcrm\u0259si v\u0259 d\u00fcnyadak\u0131 bir \u00e7ox vacib, m\u00fcbahis\u0259li m\u0259s\u0259l\u0259 bar\u0259d\u0259 h\u0259mfikir olmamas\u0131d\u0131r.<\/p>\n\n\n\n<p>T\u0259kc\u0259 bir il \u0259vv\u0259lki Qaraba\u011f M\u00fcharib\u0259sin\u0259 baxa bil\u0259rik. Bu m\u00fcharib\u0259d\u0259 Az\u0259rbaycan, dem\u0259k olar ki, 30 illik u\u011fursuz BMT prosesi v\u0259 u\u011fursuz AT\u018fT prosesind\u0259n sonra 90-c\u0131 ill\u0259rd\u0259 q\u0259bul edil\u0259n d\u00f6rd BMT q\u0259tnam\u0259sini \u00f6z\u00fc h\u0259yata ke\u00e7irm\u0259y\u0259 m\u0259cbur oldu.<\/p>\n\n\n\n<p>BMT bu m\u0259s\u0259l\u0259ni h\u0259ll etm\u0259k m\u0259s\u0259l\u0259sind\u0259 ist\u0259ksizlik v\u0259 ya k\u00f6n\u00fcls\u00fczl\u00fck s\u0259rgil\u0259di\u201d.<\/p>\n\n\n\n<p>M\u0259nb\u0259: Axar.az<\/p>\n","protected":false},"excerpt":{"rendered":"<p>Son be\u015f-alt\u0131 ildir T\u00fcrkiy\u0259nin Orta Asiya, Qafqaz v\u0259 \u018ffqan\u0131standa t\u0259siri y\u00fcks\u0259lib. Bunu Va\u015finqtonun \u201cHeritage Foundation\u201d ara\u015fd\u0131rma institutunun h\u0259rbi eksperti, Duqlas v\u0259 Sara Allison Siyasi<\/p>\n","protected":false},"author":2,"featured_media":48799,"comment_status":"closed","ping_status":"closed","sticky":false,"template":"","format":"standard","meta":{"footnotes":""},"categories":[1],"tags":[],"class_list":["post-48798","post","type-post","status-publish","format-standard","has-post-thumbnail","hentry","category-siyast"],"aioseo_notices":[],"_links":{"self":[{"href":"https:\/\/fedai.az\/index.php?rest_route=\/wp\/v2\/posts\/48798","targetHints":{"allow":["GET"]}}],"collection":[{"href":"https:\/\/fedai.az\/index.php?rest_route=\/wp\/v2\/posts"}],"about":[{"href":"https:\/\/fedai.az\/index.php?rest_route=\/wp\/v2\/types\/post"}],"author":[{"embeddable":true,"href":"https:\/\/fedai.az\/index.php?rest_route=\/wp\/v2\/users\/2"}],"replies":[{"embeddable":true,"href":"https:\/\/fedai.az\/index.php?rest_route=%2Fwp%2Fv2%2Fcomments&post=48798"}],"version-history":[{"count":1,"href":"https:\/\/fedai.az\/index.php?rest_route=\/wp\/v2\/posts\/48798\/revisions"}],"predecessor-version":[{"id":48800,"href":"https:\/\/fedai.az\/index.php?rest_route=\/wp\/v2\/posts\/48798\/revisions\/48800"}],"wp:featuredmedia":[{"embeddable":true,"href":"https:\/\/fedai.az\/index.php?rest_route=\/wp\/v2\/media\/48799"}],"wp:attachment":[{"href":"https:\/\/fedai.az\/index.php?rest_route=%2Fwp%2Fv2%2Fmedia&parent=48798"}],"wp:term":[{"taxonomy":"category","embeddable":true,"href":"https:\/\/fedai.az\/index.php?rest_route=%2Fwp%2Fv2%2Fcategories&post=48798"},{"taxonomy":"post_tag","embeddable":true,"href":"https:\/\/fedai.az\/index.php?rest_route=%2Fwp%2Fv2%2Ftags&post=48798"}],"curies":[{"name":"wp","href":"https:\/\/api.w.org\/{rel}","templated":true}]}}