{"id":48801,"date":"2021-09-20T04:05:35","date_gmt":"2021-09-20T00:05:35","guid":{"rendered":"https:\/\/fedai.az\/?p=48801"},"modified":"2021-09-20T10:34:28","modified_gmt":"2021-09-20T06:34:28","slug":"sir-quyrugu-olan-iranin-ay%c9%99tullahi-seyid-h%c9%99s%c9%99n-amilinin-quslamasi-iran-hansi-sirin-quyrugudur","status":"publish","type":"post","link":"https:\/\/fedai.az\/?p=48801","title":{"rendered":"&#171;\u015eir quyru\u011fu&#187; olan \u0130ran\u0131n ay\u0259tullah\u0131 Seyid H\u0259s\u0259n Amilinin &#171;qu\u015flamas\u0131&#187;: \u0130ran hans\u0131 \u015firin quyru\u011fudur?"},"content":{"rendered":"\n<p><strong>Az\u0259rbaycan\u0131n \u00f6z s\u0259rh\u0259dl\u0259ri daxilind\u0259 &#8212; Gorus-Qafan yolunda n\u0259zar\u0259t-burax\u0131l\u0131\u015f m\u0259nt\u0259q\u0259si qurmas\u0131 \u0130ran\u0131 \u0259m\u0259lli-ba\u015fl\u0131 \u00f6z\u00fcnd\u0259n \u00e7\u0131xar\u0131b. El\u0259 bil molla rejimin\u0259 AB\u015e yox, biz sanksiya t\u0259tbiq el\u0259mi\u015fik. \u0130rana m\u0259xsus y\u00fck ma\u015f\u0131nlar\u0131n\u0131n Qaraba\u011fa qeyri-humanitar y\u00fck da\u015f\u0131malar\u0131n\u0131n qar\u015f\u0131s\u0131n\u0131n al\u0131nmas\u0131na cavab olaraq, SEPAH q\u00fcvv\u0259l\u0259ri Araz\u0131n o tay\u0131nda h\u0259rbi t\u0259lim ke\u00e7irm\u0259kl\u0259 cavab verib. T\u0259liml\u0259r Horadizin paralelind\u0259 yerl\u0259\u015f\u0259n Asland\u00fczd\u0259n \u0130ran Culfas\u0131nad\u0259k \u0259razil\u0259ri \u0259hat\u0259 ed\u0259c\u0259k. Horadizd\u0259n Mehri rayonuna q\u0259d\u0259r \u0259razil\u0259rimizin i\u015f\u011faldan azad olundu\u011funu v\u0259 t\u0259liml\u0259rin d\u0259 m\u0259hz bu \u0259razid\u0259 ke\u00e7irildiyini n\u0259z\u0259r\u0259 alsaq, \u0130ran\u0131n bu add\u0131m\u0131n\u0131n Az\u0259rbaycan\u0131 h\u0259rbi m\u00fcdaxil\u0259 kimi t\u0259hdid oldu\u011fu ayd\u0131nd\u0131r. <\/strong><\/p>\n\n\n\n<p>Maraql\u0131d\u0131r ki, \u0130ran bu t\u0259hdidini yaln\u0131z \u0259m\u0259li f\u0259aliyy\u0259ti il\u0259 deyil, h\u0259m d\u0259 s\u00f6zl\u0259 dil\u0259 g\u0259tirib. <strong>\u0130ran dini lideri Ay\u0259tullah Xameneinin n\u00fcmay\u0259nd\u0259si, \u018frd\u0259bil imamc\u00fcm\u0259si ay\u0259tullah Seyid H\u0259s\u0259n Amili <\/strong>\u00f6z c\u00fcm\u0259 x\u00fctb\u0259sind\u0259 Az\u0259rbaycana <strong><span class=\"has-inline-color has-vivid-red-color\">\u201c\u015firin quyru\u011fu il\u0259 oynamama\u011f\u0131\u201d <\/span><\/strong>m\u0259sl\u0259h\u0259t g\u00f6r\u00fcb. B\u0259zil\u0259ri bu fikri x\u0259rit\u0259y\u0259 bax\u0131b \u0130ran\u0131 \u015fir\u0259, onun Gorus-Qafan yoluyla n\u0259qliyyat d\u0259hlizini quyru\u011fa b\u0259nz\u0259dibl\u0259r, Amili h\u0259zr\u0259tl\u0259rinin n\u0259 dem\u0259k ist\u0259diyini bel\u0259 yozublar. Onda bel\u0259 \u00e7\u0131x\u0131r ki, \u0130ran quyru\u011fun alt\u0131nda olan orqanlarla \u00e7ox oynamamal\u0131d\u0131r. Amili x\u00fctb\u0259sind\u0259 Az\u0259rbaycana d\u0259st\u0259k ver\u0259n T\u00fcrkiy\u0259 v\u0259 Pakistan\u0131 da h\u0259d\u0259l\u0259yib. Zal\u0131m o\u011flu el\u0259 bil molla yox, \u0130rana ordu qurmaq \u00fc\u00e7\u00fcn t\u0259\u015frif buyurmu\u015f (1894-1920) rus kazaklar\u0131n\u0131n polkovniki <strong><span class=\"has-inline-color has-vivid-red-color\">(daha sonra &#8212; general -mayor) V.A.Kosoqovskidir.<\/span> <\/strong>Amili c\u0259nablar\u0131 bilm\u0259lidir ki, xisl\u0259tc\u0259 onun \u00f6lk\u0259sinin ruh \u0259kizi olan Rusiyan\u0131n bel\u0259 bir <span class=\"has-inline-color has-vivid-red-color\">general\u0131 <strong>M.E. Kosobokov (2021),<\/strong><\/span> m\u0259hz Amili kimil\u0259rinin say\u0259sind\u0259 h\u0259l\u0259 d\u0259 Qafqazdad\u0131r.<\/p>\n\n\n\n<figure class=\"wp-block-gallery columns-2 is-cropped wp-block-gallery-1 is-layout-flex wp-block-gallery-is-layout-flex\"><ul class=\"blocks-gallery-grid\"><li class=\"blocks-gallery-item\"><figure><img loading=\"lazy\" decoding=\"async\" width=\"320\" height=\"507\" src=\"https:\/\/fedai.az\/wp-content\/uploads\/2021\/09\/320px-Kosagovski.jpg\" alt=\"\" data-id=\"48813\" data-link=\"https:\/\/fedai.az\/?attachment_id=48813\" class=\"wp-image-48813\" srcset=\"https:\/\/fedai.az\/wp-content\/uploads\/2021\/09\/320px-Kosagovski.jpg 320w, https:\/\/fedai.az\/wp-content\/uploads\/2021\/09\/320px-Kosagovski-189x300.jpg 189w, https:\/\/fedai.az\/wp-content\/uploads\/2021\/09\/320px-Kosagovski-95x150.jpg 95w\" sizes=\"auto, (max-width: 320px) 100vw, 320px\" \/><figcaption class=\"blocks-gallery-item__caption\"><strong><span class=\"has-inline-color has-vivid-red-color\">KOSO<\/span><\/strong>QOVSK\u0130<\/figcaption><\/figure><\/li><li class=\"blocks-gallery-item\"><figure><img decoding=\"async\" src=\"https:\/\/fedai.az\/wp-content\/uploads\/2021\/09\/kosobokov.jpg\" alt=\"\" data-id=\"48814\" data-full-url=\"https:\/\/fedai.az\/wp-content\/uploads\/2021\/09\/kosobokov.jpg\" data-link=\"https:\/\/fedai.az\/?attachment_id=48814\" class=\"wp-image-48814\"\/><figcaption class=\"blocks-gallery-item__caption\"><strong><span class=\"has-inline-color has-vivid-red-color\">KOSO<\/span><\/strong>BOKOV<\/figcaption><\/figure><\/li><\/ul><\/figure>\n\n\n\n<p><br>\u0130ran\u0131n mill\u0259t\u00e7i fars \u015fovinistl\u0259ri hind-qara\u00e7\u0131 t\u0259birinc\u0259 haql\u0131 olaraq, hay bo\u015f qara\u00e7\u0131lar\u0131n\u0131 l\u00fcl\u00fc adl\u0131 fars qara\u00e7\u0131lar\u0131 bir anadan qarda\u015f olmalar\u0131n\u0131 tez-tez ortaya qoyma\u011fa \u00e7al\u0131\u015f\u0131rlar. Onlar\u0131 anlad\u0131q, onlar bir k\u00f6kd\u0259n g\u0259lirl\u0259r, b\u0259s bu t\u00fcrk olan ayatullahlar erm\u0259nil\u0259rl\u0259 nec\u0259 qarda\u015f olublar?<\/p>\n\n\n\n<p><br>\u00d6z\u00fc d\u0259 bu \u015fovinistl\u0259r tez-tez g\u00fcya Az\u0259rbaycan\u0131n bir \u0130ran \u0259yal\u0259ti olmas\u0131ndan d\u0259m vururlar. Amma tarix t\u0259rsini deyir. \u0130ran h\u0259mi\u015f\u0259 Az\u0259rbaycan\u0131n olub. B\u0259lk\u0259 d\u0259 c\u0259nab Amilinin ba\u015f\u0131 x\u00fctb\u0259l\u0259r\u0259 qar\u0131\u015fd\u0131\u011f\u0131na g\u00f6r\u0259 unudub ki, Qacar d\u00f6vl\u0259tini i\u00e7\u0259rid\u0259n bu &#171;quyruqlar\u0131n&#187; \u0259liyl\u0259 \u00e7\u00f6kd\u00fcr\u0259nd\u0259n sonra A\u011falar ba\u015fqa bir ad vermi\u015fdil\u0259r. Bir rus-kazaklara xidm\u0259t ed\u0259n meht\u0259r o\u011flunu is\u0259 \u015fah elan el\u0259mi\u015fdil\u0259r. Bu \u00f6lk\u0259y\u0259 r\u0259smi \u015f\u0259kild\u0259 \u0130ran ad\u0131 verilm\u0259sini d\u0259 el\u0259 bu qondarma Rza \u015fah ist\u0259mi\u015f, bu m\u0259qs\u0259dl\u0259 d\u0259 <strong>1935-ci ild\u0259 Mill\u0259tl\u0259r Liqas\u0131na yaz\u0131l\u0131 m\u00fcraci\u0259t etmi\u015f, \u201cPersiya\u201d s\u00f6z\u00fcn\u00fcn \u201c\u0130ran\u201d s\u00f6z\u00fc il\u0259 \u0259v\u0259zl\u0259nm\u0259sin\u0259 nail olmu\u015fdu.<\/strong> \u00c7\u00fcnki &#171;bars&#187;\u0131n, yaxud &#171;pars&#187;\u0131n farslara a\u015fa\u011f\u0131dan yuxar\u0131 he\u00e7 bir aidiyyat\u0131 olmay\u0131b.<\/p>\n\n\n\n<p><br><strong>\u0130ndi is\u0259 ke\u00e7\u0259k quyruq m\u0259s\u0259l\u0259sin\u0259. <\/strong>D\u00f6vl\u0259ti Ali S\u0259f\u0259viyy\u0259 v\u0259 \u015eah babam\u0131z\u0131n miras\u0131n\u0131, yaxud da D\u00f6vl\u0259t\u00fcl-Qacariyy\u0259nin \u015eirl\u0259rind\u0259n s\u00f6hb\u0259t gedirs\u0259, onun indiki simas\u0131n\u0131 v\u0259 h\u0259tta dinini itirmi\u015f bir rejim\u0259 d\u0259xli yoxdur v\u0259 ola da bilm\u0259z. Olsayd\u0131 ortadan \u015firi yox edib r\u0259ngl\u0259r\u0259 \u00f6zg\u0259 m\u0259na verm\u0259zdil\u0259r. Y\u0259ni yuxuda da T\u00fcrk\u00fc g\u00f6r\u0259nd\u0259 doda\u011f\u0131 u\u00e7uqlayan bir rejimin t\u00fcrk\u0259 d\u00fc\u015fm\u0259n olanlar\u0131n daim yan\u0131nda olmas\u0131n\u0131, Qaraba\u011f\u0131n i\u015f\u011fala m\u0259ruz \u0259razil\u0259rinin talan edilm\u0259sind\u0259 yer almas\u0131n\u0131, d\u00fc\u015fm\u0259nl\u0259 \u00e7iyin-\u00e7iyin\u0259 durub da m\u0259zh\u0259b bir dinda\u015flar\u0131n\u0131n q\u0259tlin\u0259 sevinm\u0259sini bizl\u0259r yax\u015f\u0131 g\u00f6rd\u00fck. Y\u0259ni t\u00fcrk \u015firl\u0259rinin fars-molla rejimin\u0259 bir aidiyyat\u0131 olmad\u0131\u011f\u0131n\u0131 g\u00f6rd\u00fck.<\/p>\n\n\n\n<figure class=\"wp-block-gallery columns-3 is-cropped wp-block-gallery-2 is-layout-flex wp-block-gallery-is-layout-flex\"><ul class=\"blocks-gallery-grid\"><li class=\"blocks-gallery-item\"><figure><img loading=\"lazy\" decoding=\"async\" width=\"568\" height=\"320\" src=\"https:\/\/fedai.az\/wp-content\/uploads\/2021\/09\/8YmVVQ.png\" alt=\"\" data-id=\"48802\" data-link=\"https:\/\/fedai.az\/?attachment_id=48802\" class=\"wp-image-48802\" srcset=\"https:\/\/fedai.az\/wp-content\/uploads\/2021\/09\/8YmVVQ.png 568w, https:\/\/fedai.az\/wp-content\/uploads\/2021\/09\/8YmVVQ-300x169.png 300w, https:\/\/fedai.az\/wp-content\/uploads\/2021\/09\/8YmVVQ-150x85.png 150w\" sizes=\"auto, (max-width: 568px) 100vw, 568px\" \/><figcaption class=\"blocks-gallery-item__caption\">S\u018fF\u018fV\u0130<\/figcaption><\/figure><\/li><li class=\"blocks-gallery-item\"><figure><img loading=\"lazy\" decoding=\"async\" width=\"259\" height=\"194\" src=\"https:\/\/fedai.az\/wp-content\/uploads\/2021\/09\/\u0411\u0435\u0437-\u043d\u0430\u0437\u0432\u0430\u043d\u0438\u044f.png\" alt=\"\" data-id=\"48803\" data-link=\"https:\/\/fedai.az\/?attachment_id=48803\" class=\"wp-image-48803\" srcset=\"https:\/\/fedai.az\/wp-content\/uploads\/2021\/09\/\u0411\u0435\u0437-\u043d\u0430\u0437\u0432\u0430\u043d\u0438\u044f.png 259w, https:\/\/fedai.az\/wp-content\/uploads\/2021\/09\/\u0411\u0435\u0437-\u043d\u0430\u0437\u0432\u0430\u043d\u0438\u044f-150x112.png 150w\" sizes=\"auto, (max-width: 259px) 100vw, 259px\" \/><figcaption class=\"blocks-gallery-item__caption\">QACAR<\/figcaption><\/figure><\/li><li class=\"blocks-gallery-item\"><figure><img loading=\"lazy\" decoding=\"async\" width=\"1024\" height=\"576\" src=\"https:\/\/fedai.az\/wp-content\/uploads\/2021\/09\/Iran-1-Bayraq-1024x576.jpg\" alt=\"\" data-id=\"48804\" data-full-url=\"https:\/\/fedai.az\/wp-content\/uploads\/2021\/09\/Iran-1-Bayraq.jpg\" data-link=\"https:\/\/fedai.az\/?attachment_id=48804\" class=\"wp-image-48804\" srcset=\"https:\/\/fedai.az\/wp-content\/uploads\/2021\/09\/Iran-1-Bayraq-1024x576.jpg 1024w, https:\/\/fedai.az\/wp-content\/uploads\/2021\/09\/Iran-1-Bayraq-300x169.jpg 300w, https:\/\/fedai.az\/wp-content\/uploads\/2021\/09\/Iran-1-Bayraq-150x84.jpg 150w, https:\/\/fedai.az\/wp-content\/uploads\/2021\/09\/Iran-1-Bayraq-768x432.jpg 768w, https:\/\/fedai.az\/wp-content\/uploads\/2021\/09\/Iran-1-Bayraq.jpg 1200w\" sizes=\"auto, (max-width: 1024px) 100vw, 1024px\" \/><figcaption class=\"blocks-gallery-item__caption\">\u0130RAN<\/figcaption><\/figure><\/li><\/ul><\/figure>\n\n\n\n<p><br><strong>Ortada qal\u0131r ingilisl\u0259rin \u015fir simvollar\u0131. <\/strong>Me\u015f\u0259l\u0259rin kral\u0131 say\u0131lan \u015fir simvo\u0131unu bu g\u00fcn\u0259 kimi yaln\u0131z \u0130ngilt\u0259r\u0259 qoruyub saxlay\u0131b. Onu da qeyd ed\u0259k ki, aslan simvolu bu g\u00fcn d\u0259 \u0130ngilt\u0259r\u0259 \u00fc\u00e7\u00fcn \u00e7ox \u00f6n\u0259mli say\u0131l\u0131r. Amma Seyid H\u0259s\u0259n Amili h\u0259zr\u0259tl\u0259rinin x\u00fctb\u0259sind\u0259n sonra can\u0131ma c\u0259fa verib b\u00fct\u00fcn ingilis \u015firl\u0259rinin quyruqlar\u0131n\u0131 sayd\u0131m. Ham\u0131s\u0131 yerind\u0259ydi. He\u00e7 quyruqsuz ingilis \u015firin\u0259 rast g\u0259lm\u0259dim. <\/p>\n\n\n\n<figure class=\"wp-block-gallery columns-3 is-cropped wp-block-gallery-3 is-layout-flex wp-block-gallery-is-layout-flex\"><ul class=\"blocks-gallery-grid\"><li class=\"blocks-gallery-item\"><figure><img loading=\"lazy\" decoding=\"async\" width=\"800\" height=\"933\" src=\"https:\/\/fedai.az\/wp-content\/uploads\/2021\/09\/Arms_of_the_United_Kingdom.svg_.png\" alt=\"\" data-id=\"48805\" data-link=\"https:\/\/fedai.az\/?attachment_id=48805\" class=\"wp-image-48805\" srcset=\"https:\/\/fedai.az\/wp-content\/uploads\/2021\/09\/Arms_of_the_United_Kingdom.svg_.png 800w, https:\/\/fedai.az\/wp-content\/uploads\/2021\/09\/Arms_of_the_United_Kingdom.svg_-257x300.png 257w, https:\/\/fedai.az\/wp-content\/uploads\/2021\/09\/Arms_of_the_United_Kingdom.svg_-129x150.png 129w, https:\/\/fedai.az\/wp-content\/uploads\/2021\/09\/Arms_of_the_United_Kingdom.svg_-768x896.png 768w\" sizes=\"auto, (max-width: 800px) 100vw, 800px\" \/><\/figure><\/li><li class=\"blocks-gallery-item\"><figure><img loading=\"lazy\" decoding=\"async\" width=\"640\" height=\"470\" src=\"https:\/\/fedai.az\/wp-content\/uploads\/2021\/09\/994204.jpg\" alt=\"\" data-id=\"48806\" data-link=\"https:\/\/fedai.az\/?attachment_id=48806\" class=\"wp-image-48806\" srcset=\"https:\/\/fedai.az\/wp-content\/uploads\/2021\/09\/994204.jpg 640w, https:\/\/fedai.az\/wp-content\/uploads\/2021\/09\/994204-300x220.jpg 300w, https:\/\/fedai.az\/wp-content\/uploads\/2021\/09\/994204-150x110.jpg 150w\" sizes=\"auto, (max-width: 640px) 100vw, 640px\" \/><\/figure><\/li><li class=\"blocks-gallery-item\"><figure><img loading=\"lazy\" decoding=\"async\" width=\"1024\" height=\"676\" src=\"https:\/\/fedai.az\/wp-content\/uploads\/2021\/09\/depositphotos_85621020-stock-photo-lion-statue-at-trafalgar-square.jpg\" alt=\"\" data-id=\"48807\" data-full-url=\"https:\/\/fedai.az\/wp-content\/uploads\/2021\/09\/depositphotos_85621020-stock-photo-lion-statue-at-trafalgar-square.jpg\" data-link=\"https:\/\/fedai.az\/?attachment_id=48807\" class=\"wp-image-48807\" srcset=\"https:\/\/fedai.az\/wp-content\/uploads\/2021\/09\/depositphotos_85621020-stock-photo-lion-statue-at-trafalgar-square.jpg 1024w, https:\/\/fedai.az\/wp-content\/uploads\/2021\/09\/depositphotos_85621020-stock-photo-lion-statue-at-trafalgar-square-300x198.jpg 300w, https:\/\/fedai.az\/wp-content\/uploads\/2021\/09\/depositphotos_85621020-stock-photo-lion-statue-at-trafalgar-square-150x99.jpg 150w, https:\/\/fedai.az\/wp-content\/uploads\/2021\/09\/depositphotos_85621020-stock-photo-lion-statue-at-trafalgar-square-768x507.jpg 768w\" sizes=\"auto, (max-width: 1024px) 100vw, 1024px\" \/><\/figure><\/li><\/ul><figcaption class=\"blocks-gallery-caption\"><strong><span class=\"has-inline-color has-vivid-red-color\">HAMISININ QUYRUQLARI YER\u0130ND\u018fD\u0130<\/span><\/strong><\/figcaption><\/figure>\n\n\n\n<p>D\u00fc\u015f\u00fcnd\u00fcm ki, b\u0259lk\u0259 15 dekabr 1925-ci ild\u0259 \u018fhm\u0259d \u015fah Qacar xaricd\u0259 olanda is\u0259 ingilisl\u0259rin \u0259liyl\u0259 Rzaxan \u00f6z\u00fcn\u00fc \u015fah elan ed\u0259nd\u0259 b\u0259lk\u0259 \u015firin quyru\u011funu qopar\u0131blar, el\u0259 o vaxtdan da \u0130randa qal\u0131b. Amma g\u00f6rd\u00fcm ki, yox. 25 avqust 1941-ci ild\u0259 \u0130ran\u0131 i\u015f\u011fal ed\u0259n SSR\u0130 v\u0259 B\u00f6y\u00fck Britaniya ba\u015f\u00e7\u0131lar\u0131 Rza P\u0259hl\u0259vini Hitlerl\u0259 gizli s\u00f6vd\u0259l\u0259\u015fm\u0259d\u0259 su\u00e7lu bil\u0259r\u0259k onu zorla istefaya g\u00f6nd\u0259rmi\u015f, Rza P\u0259hl\u0259vini m\u0259cbur\u0259n C\u0259nubi Afrikaya s\u00fcrg\u00fcn etmi\u015f, yerin\u0259 is\u0259 22 ya\u015fl\u0131 o\u011flu M\u0259h\u0259mm\u0259d Rzan\u0131 g\u0259tirmi\u015fdil\u0259r. Britaniyan\u0131n raz\u0131l\u0131\u011f\u0131 il\u0259 taxta qald\u0131r\u0131lan Rza \u015fah\u0131n o\u011flu \u015fahzad\u0259 M\u0259h\u0259mm\u0259d Rza yeni m\u00fcqavil\u0259l\u0259rin imzalanmas\u0131na m\u0259cbur edilir. 2-ci d\u00fcnya m\u00fcharib\u0259sind\u0259n sonra da ingilisl\u0259rin \u0130ran siyas\u0259ti d\u0259yi\u015fmir. He\u00e7 o zaman da ortada &#171;quyruq-zad&#187; g\u00f6r\u00fcnm\u0259yib.<\/p>\n\n\n\n<figure class=\"wp-block-gallery columns-3 is-cropped wp-block-gallery-4 is-layout-flex wp-block-gallery-is-layout-flex\"><ul class=\"blocks-gallery-grid\"><li class=\"blocks-gallery-item\"><figure><img loading=\"lazy\" decoding=\"async\" width=\"700\" height=\"525\" src=\"https:\/\/fedai.az\/wp-content\/uploads\/2021\/09\/1551028925.jpg\" alt=\"\" data-id=\"48808\" data-link=\"https:\/\/fedai.az\/?attachment_id=48808\" class=\"wp-image-48808\" srcset=\"https:\/\/fedai.az\/wp-content\/uploads\/2021\/09\/1551028925.jpg 700w, https:\/\/fedai.az\/wp-content\/uploads\/2021\/09\/1551028925-300x225.jpg 300w, https:\/\/fedai.az\/wp-content\/uploads\/2021\/09\/1551028925-150x113.jpg 150w\" sizes=\"auto, (max-width: 700px) 100vw, 700px\" \/><\/figure><\/li><li class=\"blocks-gallery-item\"><figure><img loading=\"lazy\" decoding=\"async\" width=\"235\" height=\"344\" src=\"https:\/\/fedai.az\/wp-content\/uploads\/2021\/09\/555f3877-7c44-4cb4-b2ef-531d557c71c1.jpg\" alt=\"\" data-id=\"48810\" data-full-url=\"https:\/\/fedai.az\/wp-content\/uploads\/2021\/09\/555f3877-7c44-4cb4-b2ef-531d557c71c1.jpg\" data-link=\"https:\/\/fedai.az\/?attachment_id=48810\" class=\"wp-image-48810\" srcset=\"https:\/\/fedai.az\/wp-content\/uploads\/2021\/09\/555f3877-7c44-4cb4-b2ef-531d557c71c1.jpg 235w, https:\/\/fedai.az\/wp-content\/uploads\/2021\/09\/555f3877-7c44-4cb4-b2ef-531d557c71c1-205x300.jpg 205w, https:\/\/fedai.az\/wp-content\/uploads\/2021\/09\/555f3877-7c44-4cb4-b2ef-531d557c71c1-102x150.jpg 102w\" sizes=\"auto, (max-width: 235px) 100vw, 235px\" \/><\/figure><\/li><li class=\"blocks-gallery-item\"><figure><img loading=\"lazy\" decoding=\"async\" width=\"800\" height=\"600\" src=\"https:\/\/fedai.az\/wp-content\/uploads\/2021\/09\/720477.jpg\" alt=\"\" data-id=\"48809\" data-link=\"https:\/\/fedai.az\/?attachment_id=48809\" class=\"wp-image-48809\" srcset=\"https:\/\/fedai.az\/wp-content\/uploads\/2021\/09\/720477.jpg 800w, https:\/\/fedai.az\/wp-content\/uploads\/2021\/09\/720477-300x225.jpg 300w, https:\/\/fedai.az\/wp-content\/uploads\/2021\/09\/720477-150x113.jpg 150w, https:\/\/fedai.az\/wp-content\/uploads\/2021\/09\/720477-768x576.jpg 768w\" sizes=\"auto, (max-width: 800px) 100vw, 800px\" \/><\/figure><\/li><\/ul><\/figure>\n\n\n\n<p><br><strong>\u0130ran \u015fah\u0131 1946-c\u0131 ilin may ay\u0131ndan sonra Q\u0259rbin d\u0259st\u0259yi il\u0259 t\u0259dric\u0259n \u00f6z\u00fcn\u00fcn varl\u0131\u011f\u0131n\u0131 b\u00fcruz\u0259 verm\u0259y\u0259 ba\u015flad\u0131. AB\u015e-la gizli s\u00f6vd\u0259l\u0259\u015fm\u0259 \u0259sas\u0131nda 20 milyon dollarl\u0131q silah-sursat ald\u0131, B\u00f6y\u00fck Britaniya da g\u0259nc monarxa g\u0259r\u0259k\u0259n yard\u0131m\u0131 \u0259sirg\u0259m\u0259di. Q\u0259rb siyas\u0259t\u00e7il\u0259ri SSR\u0130-nin Yax\u0131n v\u0259 Orta \u015e\u0259rq\u0259 do\u011fru ekspansiya siyas\u0259tinin qar\u015f\u0131s\u0131n\u0131 almaq i\u015find\u0259 \u0130ran\u0131n \u00f6n\u0259mli m\u0259nt\u0259q\u0259 oldu\u011funu hesab edirdil\u0259r. Q\u0259rbd\u0259n laz\u0131m\u0131 d\u0259st\u0259k alan \u015fah qo\u015funlar\u0131 1946-c\u0131 ilin dekabr ay\u0131nda, T\u0259briz ba\u015fda olmaqla, b\u00fct\u00fcn C\u0259nubi Az\u0259rbaycan \u0259razisini silah g\u00fcc\u00fcn\u0259 v\u0259 qan g\u00f6l\u00fcnd\u0259 bo\u011faraq t\u0259krar \u00f6z n\u0259zar\u0259tin\u0259 ke\u00e7irdi.<\/strong><\/p>\n\n\n\n<p><br>1970-ci ill\u0259rin ba\u015flan\u011f\u0131c\u0131nda neft v\u0259 neft m\u0259hsullar\u0131n\u0131n bahala\u015fmas\u0131 \u0130rana astronomik g\u0259lirl\u0259r g\u0259tirs\u0259 d\u0259 \u015fah bu neft kapital\u0131n\u0131 \u0259halinin maddi rifah hal\u0131n\u0131n yax\u015f\u0131la\u015fmas\u0131na s\u0259rf etm\u0259k \u0259v\u0259zin\u0259 s\u00fcr\u0259tl\u0259 silahlanma\u011fa y\u00f6n\u0259ltmi\u015fdi. H\u0259tta bir d\u0259f\u0259 \u015eahbanu F\u0259r\u0259h P\u0259hl\u0259vi parlament komissiyas\u0131n\u0131n iclas\u0131nda m\u0259d\u0259niyy\u0259t v\u0259 inc\u0259s\u0259n\u0259tin inki\u015faf\u0131 \u00fc\u00e7\u00fcn \u0259lav\u0259 maliyy\u0259 v\u0259saitinin ayr\u0131lmas\u0131n\u0131 xahi\u015f ed\u0259nd\u0259 \u0130ran \u015fah\u0131 ona etiraz ed\u0259r\u0259k demi\u015fdi: <strong>&#171;Ba kodum saz ma r\u0259ftim be c\u0259ng?\u201d &#8212; (\u201cBiz hans\u0131 sazla sava\u015fa getmi\u015fik?&#187; Bu s\u00f6hb\u0259tl\u0259rd\u0259 d\u0259 ortada o \u015firin quyru\u011fu yox idi. Sonras\u0131 da m\u0259lum. Ortada ingilis var, casusu var, amma quyru\u011fu yoxdu.<\/strong><\/p>\n\n\n\n<p><br>Soyda\u015f\u0131m\u0131zd\u0131r dey\u0259, Amili yolda\u015fa \u00fcr\u0259yim a\u011fr\u0131d\u0131. Biz\u0259 baxma, biz qarda\u015flar\u0131m\u0131z\u0131 g\u00fcc\u00fcm\u00fcz yetdiyi q\u0259d\u0259r qoruma\u011fa \u00e7al\u0131\u015f\u0131r\u0131q. Amma o ingilis \u015firinin quyru\u011funu tapdalamaq o &#171;ingilis mollalar\u0131na&#187; baha ba\u015fa g\u0259l\u0259 bil\u0259r. Onsuz da \u00f6lk\u0259 \u0259halisi Qaraba\u011fdan s\u00f6k\u00fcnt\u00fc, Qaraba\u011fa mazut, silah, benzin v\u0259 s. da\u015f\u0131y\u0131b z\u00fcl\u00fcm \u00e7\u0259km\u0259kd\u0259n, bitli, bir\u0259li Haykanu\u015fun it iyi ver\u0259n yata\u011f\u0131na girm\u0259kd\u0259n bezibl\u0259r. He\u00e7 bu yataqda da &#171;\u015firin quyru\u011fu&#187; g\u00f6r\u00fcnm\u0259yib.<\/p>\n\n\n\n<figure class=\"wp-block-gallery columns-3 is-cropped wp-block-gallery-5 is-layout-flex wp-block-gallery-is-layout-flex\"><ul class=\"blocks-gallery-grid\"><li class=\"blocks-gallery-item\"><figure><img loading=\"lazy\" decoding=\"async\" width=\"297\" height=\"170\" src=\"https:\/\/fedai.az\/wp-content\/uploads\/2021\/09\/\u0411\u0435\u0437-\u043d\u0430\u0437\u0432\u0430\u043d\u0438\u044f-13.jpg\" alt=\"\" data-id=\"48811\" data-link=\"https:\/\/fedai.az\/?attachment_id=48811\" class=\"wp-image-48811\" srcset=\"https:\/\/fedai.az\/wp-content\/uploads\/2021\/09\/\u0411\u0435\u0437-\u043d\u0430\u0437\u0432\u0430\u043d\u0438\u044f-13.jpg 297w, https:\/\/fedai.az\/wp-content\/uploads\/2021\/09\/\u0411\u0435\u0437-\u043d\u0430\u0437\u0432\u0430\u043d\u0438\u044f-13-150x86.jpg 150w\" sizes=\"auto, (max-width: 297px) 100vw, 297px\" \/><\/figure><\/li><li class=\"blocks-gallery-item\"><figure><img loading=\"lazy\" decoding=\"async\" width=\"275\" height=\"183\" src=\"https:\/\/fedai.az\/wp-content\/uploads\/2021\/09\/\u0411\u0435\u0437-\u043d\u0430\u0437\u0432\u0430\u043d\u0438\u044f-3-6.jpg\" alt=\"\" data-id=\"48812\" data-link=\"https:\/\/fedai.az\/?attachment_id=48812\" class=\"wp-image-48812\" srcset=\"https:\/\/fedai.az\/wp-content\/uploads\/2021\/09\/\u0411\u0435\u0437-\u043d\u0430\u0437\u0432\u0430\u043d\u0438\u044f-3-6.jpg 275w, https:\/\/fedai.az\/wp-content\/uploads\/2021\/09\/\u0411\u0435\u0437-\u043d\u0430\u0437\u0432\u0430\u043d\u0438\u044f-3-6-150x100.jpg 150w\" sizes=\"auto, (max-width: 275px) 100vw, 275px\" \/><\/figure><\/li><li class=\"blocks-gallery-item\"><figure><img loading=\"lazy\" decoding=\"async\" width=\"788\" height=\"442\" src=\"https:\/\/fedai.az\/wp-content\/uploads\/2021\/09\/277d5d0b-1c7a-4b7b-a4fd-8ab9aca157c3.jpg\" alt=\"\" data-id=\"48815\" data-full-url=\"https:\/\/fedai.az\/wp-content\/uploads\/2021\/09\/277d5d0b-1c7a-4b7b-a4fd-8ab9aca157c3.jpg\" data-link=\"https:\/\/fedai.az\/?attachment_id=48815\" class=\"wp-image-48815\" srcset=\"https:\/\/fedai.az\/wp-content\/uploads\/2021\/09\/277d5d0b-1c7a-4b7b-a4fd-8ab9aca157c3.jpg 788w, https:\/\/fedai.az\/wp-content\/uploads\/2021\/09\/277d5d0b-1c7a-4b7b-a4fd-8ab9aca157c3-300x168.jpg 300w, https:\/\/fedai.az\/wp-content\/uploads\/2021\/09\/277d5d0b-1c7a-4b7b-a4fd-8ab9aca157c3-150x84.jpg 150w, https:\/\/fedai.az\/wp-content\/uploads\/2021\/09\/277d5d0b-1c7a-4b7b-a4fd-8ab9aca157c3-768x431.jpg 768w, https:\/\/fedai.az\/wp-content\/uploads\/2021\/09\/277d5d0b-1c7a-4b7b-a4fd-8ab9aca157c3-715x400.jpg 715w\" sizes=\"auto, (max-width: 788px) 100vw, 788px\" \/><\/figure><\/li><\/ul><\/figure>\n\n\n\n<p><br>Do\u011frusu v\u0259r\u0259ql\u0259diyim tarixd\u0259 1951-ci ild\u0259 \u0130ran\u0131n ba\u015f naziri v\u0259zif\u0259sin\u0259 t\u0259yin olunan Qacar n\u0259slind\u0259n olan M\u0259h\u0259mm\u0259d M\u00fcs\u0259ddiq \u00f6lk\u0259ni Q\u0259rb as\u0131ll\u0131\u011f\u0131ndan qurtarmaq v\u0259 neft s\u0259nayesinin millil\u0259\u015fdirilm\u0259si istiqam\u0259tind\u0259 f\u0259aliyy\u0259t\u0259 ba\u015flamas\u0131na toxunmasaq do\u011fru olmaz. Bu d\u0259y\u0259rli \u015f\u0259xs \u00f6z xalq\u0131 t\u0259r\u0259find\u0259n \u00e7ox sevilirdi. M\u00fcs\u0259ddiq 1951-ci ild\u0259 &#171;Time&#187; jurnal\u0131 t\u0259r\u0259find\u0259n ilin adam\u0131 se\u00e7ilir, \u015f\u0259kli jurnal\u0131n \u00fcz qab\u0131\u011f\u0131na h\u0259kk olunur. B\u00f6y\u00fck Britaniya \u0130ran\u0131 iqtisadi c\u0259h\u0259td\u0259n \u00e7\u0259tin v\u0259ziyy\u0259td\u0259 qoymaq \u00fc\u00e7\u00fcn beyn\u0259lxalq embarqo \u00e7a\u011f\u0131r\u0131\u015f\u0131 etdi. B\u00f6y\u00fck Britaniya donanmas\u0131na m\u0259xsus d\u00f6y\u00fc\u015f g\u0259mil\u0259ri B\u0259sr\u0259 K\u00f6rf\u0259zin\u0259 g\u00f6nd\u0259rildi. 1952-ci ild\u0259 Hollandiyada ke\u00e7iril\u0259n Beyn\u0259lxalq \u018fdal\u0259t m\u0259hk\u0259m\u0259si \u0130ran\u0131n xeyrin\u0259 q\u0259rar q\u0259bul etdi. Bu art\u0131q, \u0130ran\u0131n, daha d\u0259qiq des\u0259k, M\u00fcs\u0259ddiqin B\u00f6y\u00fck Britaniya \u00fcz\u0259rind\u0259ki q\u0259l\u0259b\u0259si idi. Bu q\u0259rar\u0131n ard\u0131ndan iki \u00f6lk\u0259 aras\u0131nda g\u0259rginlik pik h\u0259dd\u0259 \u00e7atd\u0131 v\u0259 1952-ci ilin noyabr ay\u0131nda M\u00fcs\u0259ddiq B\u00f6y\u00fck Britaniya s\u0259firliyinin ba\u011flanmas\u0131 q\u0259rar\u0131 verdi. <strong>\u015eirin quyru\u011fu g\u00f6r\u00fcnm\u0259y\u0259 ba\u015flam\u0131\u015fd\u0131, ingilisl\u0259r, M\u00fcs\u0259ddiqi babas\u0131 Qacar kimi rahat devrilm\u0259y\u0259c\u0259yini anlad\u0131lar, \u00e7\u00fcnki xalq onu \u00e7ox sevirdi.<\/strong><\/p>\n\n\n\n<p><br>Britaniya ona g\u00f6r\u0259 d\u0259 \u00f6lk\u0259d\u0259n qovulan fars \u015fah\u0131 geri g\u0259tirm\u0259k m\u0259qs\u0259di da\u015f\u0131yan &#171;Ayaks&#187; kod ad\u0131 verilmi\u015f bir plan i\u015fl\u0259di. Britaniya k\u0259\u015ffiyyat\u0131 \u0259m\u0259liyyat\u0131n ad\u0131n\u0131 daha sonra &#171;\u00c7\u0259km\u0259&#187; adland\u0131rd\u0131 v\u0259 bu plana 1 milyon dollar pul ay\u0131rd\u0131 (O d\u00f6vr \u00fc\u00e7\u00fcn bu, \u00e7ox b\u00f6y\u00fck pul idi).<\/p>\n\n\n\n<p><br>\u018fm\u0259liyyat AB\u015e-\u0131n eks-prezidenti Teodor Ruzveltin n\u0259v\u0259si CIA agenti Kermit Ruzvelt\u0259 tap\u015f\u0131r\u0131ld\u0131.<strong> 1953-c\u00fc ild\u0259 Ceyms Lockridge pasportu il\u0259 \u0130rana g\u0259l\u0259n agent Kermit paylad\u0131\u011f\u0131 r\u00fc\u015fv\u0259t qar\u015f\u0131l\u0131\u011f\u0131nda <span class=\"has-inline-color has-vivid-red-color\">din adamlar\u0131n\u0131,<\/span> jurnalist v\u0259 h\u0259rb\u00e7il\u0259ri \u0259l\u0259 ala bildi.<\/strong> El\u0259 h\u0259m\u0259n ay q\u0259zetl\u0259rd\u0259 M\u00fcs\u0259ddiqin SSR\u0130 il\u0259 \u0259m\u0259kda\u015fl\u0131\u011f\u0131ndan, cibind\u0259 komsomol bileti g\u0259zdirdiyind\u0259n yaz\u0131lma\u011fa ba\u015flad\u0131lar. <strong><span class=\"has-inline-color has-vivid-red-color\">Mollalar m\u0259scidl\u0259rd\u0259<\/span>, guya, kommunist olan h\u00f6k\u00fcm\u0259tin \u0130slam dinin\u0259 qada\u011fa qoyaca\u011f\u0131ndan, m\u0259scidl\u0259rin da\u011f\u0131d\u0131laca\u011f\u0131ndan v\u0259 \u0130ran\u0131n m\u0259cbur\u0259n ateist \u00f6lk\u0259y\u0259 \u00e7evri\u0259l\u0259c\u0259yind\u0259n dan\u0131\u015fma\u011fa ba\u015flad\u0131lar.<\/strong> <\/p>\n\n\n\n<p><strong><span class=\"has-inline-color has-vivid-red-color\">Din xadiml\u0259rinin x\u0259yan\u0259t yolundan \u00f6z x\u00fctb\u0259l\u0259rinizd\u0259 m\u00fctl\u0259q dan\u0131\u015f\u0131n, a\u011fayi Amili. \u00d6z\u00fc d\u0259 Mir F\u0259ttah\u0131 da unutmay\u0131n<\/span><\/strong>. <strong>Rus h\u0259rb tarix\u00e7isi A.V.\u015ei\u015fov 1828-ci ilin fevral\u0131nda Paskevi\u00e7in Peterburqa, Rusiya Qo\u015funlar\u0131n\u0131n Ba\u015f Q\u0259r\u0259rgah r\u0259isi general \u0130.\u0130.Dibi\u00e7\u0259 g\u00f6nd\u0259rdiyi bir raportun m\u0259tnini \u00f6z\u00fcn\u00fcn \u201cQafqaz m\u00fcharib\u0259l\u0259rinin s\u0259rk\u0259rd\u0259l\u0259ri\u201d (\u00ab\u041f\u043e\u043b\u043a\u043e\u0432\u043e\u0434\u0446\u044b \u041a\u0430\u0432\u043a\u0430\u0437\u0441\u043a\u0438\u0445 \u0432\u043e\u0438\u043d\u00bb) adl\u0131 kitab\u0131na daxil edib. Qraf Paskevi\u00e7in h\u0259min raportunda deyilirdi:<br><br>\u201c&#8230;\u0130randa (m\u0259tnd\u0259 \u201cPersiya\u201d yaz\u0131l\u0131b) m\u00fcq\u0259dd\u0259sliyi il\u0259 tan\u0131nan \u015feyx\u00fcl-islam Mirz\u0259 Yusifin o\u011flu Mir F\u0259ttah a\u011fa m\u00f6min h\u0259yat\u0131 v\u0259 ciddi \u0259d\u0259b qaydalar\u0131 il\u0259 x\u00fcsusi m\u0259h\u0259bb\u0259t v\u0259 h\u0259mi\u015f\u0259 onun n\u0259sih\u0259t v\u0259 m\u0259sl\u0259h\u0259tl\u0259rin\u0259 qulaq asan yerli xalq\u0131n etibar\u0131n\u0131 qazan\u0131b.<\/strong><\/p>\n\n\n\n<p><strong><br>H\u0259l\u0259 bizim qo\u015funlar T\u0259briz\u0259 girm\u0259zd\u0259n \u0259vv\u0259l Mir F\u0259ttah a\u011fa ruslara sadiqliyini bildir\u0259r\u0259k T\u0259briz sakinl\u0259rin\u0259 m\u00fcraci\u0259t etmi\u015fdi ki, onlar biz\u0259 he\u00e7 bir m\u00fcqavim\u0259t g\u00f6st\u0259rm\u0259sinl\u0259r v\u0259 bu \u015f\u0259h\u0259rin m\u00fcqavim\u0259tsiz tutulmas\u0131nda onun da m\u00fc\u0259yy\u0259n t\u0259siri qeyd olunmal\u0131d\u0131r.<br>&#8230;Bizimkil\u0259rin Az\u0259rbaycanda oldu\u011fu b\u00fct\u00fcn bu m\u00fcdd\u0259td\u0259 m\u00fcct\u0259hid Mir F\u0259ttah a\u011fa bizim h\u00f6kum\u0259t\u0259 m\u0259h\u0259bb\u0259t v\u0259 s\u0259daq\u0259tini s\u00fcbut etm\u0259kd\u0259n yorulmad\u0131. V\u0259 b\u00fct\u00fcn m\u00fcs\u0259lmanlardan yegan\u0259 adamd\u0131r ki, m\u0259n onu Az\u0259rbaycan m\u00fcv\u0259qq\u0259ti h\u00f6kum\u0259tinin t\u0259rkibin\u0259 t\u0259yin etdim. O, vergil\u0259rin toplanmas\u0131nda v\u0259 ordunun t\u0259minat\u0131nda, \u00fcmumiyy\u0259tl\u0259, \u00f6z m\u00fcraci\u0259tl\u0259ri v\u0259 n\u00fcmun\u0259si il\u0259 bizim tabeliyimizd\u0259 olan b\u00fct\u00fcn Az\u0259rbaycan \u0259razisinin tabe olmas\u0131na v\u0259 ita\u0259t etm\u0259sin\u0259 \u00e7ox k\u00f6m\u0259k etdi. Ona g\u00f6r\u0259 d\u0259 bu vilay\u0259td\u0259 oldu\u011fumuz 4 ay \u0259rzind\u0259 n\u0259inki bizim ayr\u0131-ayr\u0131 ki\u00e7ik komandalara qar\u015f\u0131 h\u00fccumlar olmad\u0131, h\u0259m d\u0259 xalq aras\u0131nda he\u00e7 bir naraz\u0131l\u0131q v\u0259 ya \u00e7axna\u015fma ba\u015f verm\u0259di&#8230;\u201d<\/strong> <\/p>\n\n\n\n<p>Bilirsinizmi, bu din xadimi V\u0259t\u0259nini ne\u00e7\u0259y\u0259 satm\u0131\u015fd\u0131 &#8212; bir kafirin portreti v\u0259 2 min \u00e7ervona. Paskevi\u00e7in Mir F\u0259ttaha yazd\u0131\u011f\u0131 m\u0259ktubda deyilirdi: &#171;<strong>T\u0259xmin\u0259n iki h\u0259ft\u0259 sonra, may\u0131n 10-da Paskevi\u00e7 sevinc\u0259k Mir F\u0259ttaha m\u0259ktub g\u00f6nd\u0259rir: \u201c\u0130mperator H\u0259zr\u0259tl\u0259ri sizin xidm\u0259tl\u0259rinizi n\u0259z\u0259r\u0259 alaraq \u00f6z\u00fcn\u00fcn q\u0131z\u0131l suyuna \u00e7\u0259kilmi\u015f v\u0259 briliyantla b\u0259z\u0259dilmi\u015f portretini siz\u0259 h\u0259diyy\u0259 etm\u0259y\u0259 raz\u0131l\u0131q verib. Portret haz\u0131r olan kimi siz\u0259 \u00e7atd\u0131r\u0131lacaq.<\/strong><\/p>\n\n\n\n<p><strong><br>&#8230;Bundan \u0259lav\u0259 Zati Alil\u0259ri siz\u0259 illik 2 min \u00e7ervon d\u0259y\u0259rind\u0259 pensiya t\u0259yin edilm\u0259sin\u0259 raz\u0131l\u0131q verib\u201d.<\/strong> Ruslar\u0131nk\u0131 is\u0259 &#171;\u015fir quyru\u011fu&#187; deyil, vur-tut &#171;ay\u0131 quyru\u011fu&#187; ola bil\u0259r&#8230;<\/p>\n\n\n\n<p><br><strong>&#8230;\u0130ranl\u0131lar ikinci d\u0259f\u0259 satq\u0131n din xadiml\u0259rinin say\u0259sind\u0259 Qacarlar s\u00fclal\u0259sind\u0259n olan, F\u0259t\u0259li \u015fah\u0131n k\u00f6t\u00fcc\u0259si M\u0259h\u0259mm\u0259d M\u00fcs\u0259ddiqi satma\u011fa \u00e7ox tez raz\u0131la\u015fd\u0131lar. <\/strong>\u018fn \u00e7\u0259tini \u00f6lk\u0259d\u0259n qovulan \u015fah\u0131 geri qay\u0131tma\u011fa raz\u0131 salmaq idi. \u015eah M\u0259h\u0259mm\u0259d Rza s\u00fcrg\u00fcn h\u0259yat\u0131ndan raz\u0131d\u0131r v\u0259 yenid\u0259n b\u00fct\u00fcn bu qar\u0131\u015f\u0131ql\u0131q i\u00e7ind\u0259 batan \u0130rana hakim olmaq ist\u0259mirdi. Amerika k\u0259\u015ffiyat\u0131n\u0131n onu dil\u0259 tutmas\u0131 v\u0259 sonuna q\u0259d\u0259r toxunulmazl\u0131q qarantiyas\u0131 v\u0259d etm\u0259sind\u0259n sonra \u015eah \u00e7evrili\u015fin ard\u0131nca \u00f6lk\u0259y\u0259 d\u00f6n\u0259c\u0259yi bar\u0259d\u0259 raz\u0131l\u0131\u011f\u0131n\u0131 verir. \u018flind\u0259 bir &#171;\u015fir quyru\u011fu&#187; el\u0259 bu mollalar\u0131n f\u0259tvalar\u0131yla geri qay\u0131d\u0131r. AB\u015e-\u0131n bu \u00e7evrili\u015fd\u0259 i\u015ftirak etdiyini 2000-ci ild\u0259 xarici i\u015fl\u0259r naziri Madlen Olbrayt t\u0259r\u0259find\u0259n edil\u0259n etiraf il\u0259 a\u00e7\u0131q-a\u015fkar ortaya \u00e7\u0131xd\u0131. AB\u015e prezidenti Barak Obama 4 iyun 2009-cu il tarixind\u0259 Misird\u0259 etdiyi \u00e7\u0131x\u0131\u015f zaman\u0131 bu m\u0259lumat\u0131 r\u0259sm\u0259n t\u0259sdiql\u0259yib, AB\u015e ad\u0131na dem\u0259k olar ki, d\u00fcnyadan \u00fczr ist\u0259yir. <strong>Y\u0259ni \u0259g\u0259r mollalar\u0131n g\u00f6z\u00fcn\u0259 &#171;\u015fir quyru\u011fu&#187; g\u00f6r\u00fcnm\u0259y\u0259 ba\u015flay\u0131bsa, dem\u0259li \u0130randa v\u0259ziyy\u0259t yax\u015f\u0131 deyil.<\/strong><\/p>\n\n\n\n<p><br>\u0130ran ay\u0259tullah\u0131 Seyid H\u0259s\u0259n Amili h\u0259zr\u0259tl\u0259ri, Pey\u011f\u0259mb\u0259r (s.\u0259.s.) soyundan g\u0259l\u0259n \u015eeyx \u018fhm\u0259d Yas\u0259vi h\u0259zr\u0259tl\u0259ri ondan kimliyini soru\u015fan birin\u0259 demi\u015fdi: &#171;M\u0259n T\u00fcrk\u0259m v\u0259 m\u00fcs\u0259lmanam!&#187; Bu cavaba etiraz\u0131n\u0131 bildir\u0259n \u015f\u0259xs\u0259 verdiyi cavab is\u0259 \u015fox m\u00fck\u0259mm\u0259l v\u0259 m\u00f6ht\u0259\u015f\u0259mdi: <strong>&#171;M\u0259n milli m\u0259nsubiyy\u0259timi Allahdan (c), dinimi is\u0259 Pey\u011f\u0259mb\u0259rd\u0259n (s.\u0259.s) ald\u0131m. Sizc\u0259 hans\u0131 daha b\u00f6y\u00fckd\u00fcr?&#187;<\/strong><\/p>\n\n\n\n<p><br>X\u00fctb\u0259d\u0259 &#171;\u015fir quyru\u011fu&#187; il\u0259 oynamaqdansa, bel\u0259 pirl\u0259rimizd\u0259n xalq\u0131m\u0131za dan\u0131\u015fsan\u0131z daha yax\u015f\u0131 olard\u0131. \u00d6t\u0259n \u0259srd\u0259 ya\u015fam\u0131\u015f m\u00fcq\u0259dd\u0259sl\u0259rd\u0259n <strong>\u015eeyx\u00fclislam M\u0259h\u0259mm\u0259d\u0259li Pi\u015fnamazzad\u0259ni <\/strong>d\u0259 xat\u0131rlay\u0131n.<\/p>\n\n\n\n<p><br>Pi\u015fnamazzad\u0259 vaxtil\u0259 \u201cDifai\u201d partiyas\u0131n\u0131n yarad\u0131c\u0131lar\u0131ndan biri olub. Din xadimi olmas\u0131na baxmayaraq d\u00fc\u015fm\u0259n erm\u0259nil\u0259r\u0259 divan tuturmu\u015f. T\u0259bi\u0259t c\u0259h\u0259td\u0259n olduqca m\u00fclayim, r\u0259hmdil adam olmas\u0131na baxmayaraq, onlara qar\u015f\u0131 \u00fcr\u0259yind\u0259 q\u0259tiyy\u0259n r\u0259hm hissi olmay\u0131b. Ba\u015f k\u0259s\u0259rdi. Qan t\u00f6k\u0259rdi. Bir rus zabiti t\u0259r\u0259find\u0259n h\u0259bs olunark\u0259n ondan soru\u015furlar ki, ax\u0131 s\u0259n din xadimis\u0259n, s\u0259nin nec\u0259 insan qan\u0131 t\u00f6km\u0259y\u0259 \u0259lin g\u0259lirdi?<\/p>\n\n\n\n<figure class=\"wp-block-gallery columns-2 is-cropped wp-block-gallery-6 is-layout-flex wp-block-gallery-is-layout-flex\"><ul class=\"blocks-gallery-grid\"><li class=\"blocks-gallery-item\"><figure><img loading=\"lazy\" decoding=\"async\" width=\"200\" height=\"250\" src=\"https:\/\/fedai.az\/wp-content\/uploads\/2021\/09\/NyA8b6.png\" alt=\"\" data-id=\"48816\" data-link=\"https:\/\/fedai.az\/?attachment_id=48816\" class=\"wp-image-48816\" srcset=\"https:\/\/fedai.az\/wp-content\/uploads\/2021\/09\/NyA8b6.png 200w, https:\/\/fedai.az\/wp-content\/uploads\/2021\/09\/NyA8b6-120x150.png 120w\" sizes=\"auto, (max-width: 200px) 100vw, 200px\" \/><figcaption class=\"blocks-gallery-item__caption\">Pi\u015fnamazzad\u0259<\/figcaption><\/figure><\/li><li class=\"blocks-gallery-item\"><figure><img loading=\"lazy\" decoding=\"async\" width=\"653\" height=\"599\" src=\"https:\/\/fedai.az\/wp-content\/uploads\/2021\/09\/1Jnv0D-1.jpg\" alt=\"\" data-id=\"48817\" data-full-url=\"https:\/\/fedai.az\/wp-content\/uploads\/2021\/09\/1Jnv0D-1.jpg\" data-link=\"https:\/\/fedai.az\/?attachment_id=48817\" class=\"wp-image-48817\" srcset=\"https:\/\/fedai.az\/wp-content\/uploads\/2021\/09\/1Jnv0D-1.jpg 653w, https:\/\/fedai.az\/wp-content\/uploads\/2021\/09\/1Jnv0D-1-300x275.jpg 300w, https:\/\/fedai.az\/wp-content\/uploads\/2021\/09\/1Jnv0D-1-150x138.jpg 150w\" sizes=\"auto, (max-width: 653px) 100vw, 653px\" \/><figcaption class=\"blocks-gallery-item__caption\">B\u0130Z\u0130M \u015e\u0130R<\/figcaption><\/figure><\/li><\/ul><\/figure>\n\n\n\n<p><br>Pi\u015fnamazzad\u0259 bel\u0259 cavab vermi\u015fdi: <strong>&#171;\u018fg\u0259r o d\u0259yyuslar m\u0259nim dinim\u0259 t\u0259cav\u00fcz ets\u0259ydil\u0259r, m\u0259n onlar\u0131 Allaha tap\u015f\u0131rard\u0131m. \u00c7\u00fcnki ham\u0131m\u0131z\u0131n Allah\u0131 birdir. Allah \u00f6z\u00fc onlar\u0131n c\u0259zas\u0131n\u0131 ver\u0259c\u0259kdi. Amma onlar m\u0259nim mill\u0259tim\u0259 t\u0259cav\u00fcz edibl\u0259r. Mill\u0259timi, torpa\u011f\u0131m\u0131 qoruma\u011f\u0131 is\u0259 Allah m\u0259n\u0259 tap\u015f\u0131r\u0131b. Ona g\u00f6r\u0259 d\u0259 onlar\u0131n qan\u0131n\u0131 ax\u0131tma\u011fa m\u0259nim \u0259lim g\u0259lir. He\u00e7 heyfsl\u0259nmir\u0259m d\u0259&#187;&#8230;<\/strong><\/p>\n\n\n\n<p><br>Amma Xocal\u0131da &#171;\u015fi\u0259s\u0259n, m\u00fcs\u0259lmansan, t\u00fcrks\u0259n&#187; dey\u0259 q\u0131z-g\u0259linl\u0259rimiz\u0259 t\u0259cav\u00fcz ed\u0259nl\u0259r\u0259, hamil\u0259 qad\u0131nlar\u0131n qarn\u0131ndan \u00f6vladlar\u0131n\u0131 \u00e7\u0131xaranlara, \u00fcmm\u0259tinin v\u0259 mill\u0259tinin k\u0259silmi\u015f ba\u015f\u0131yla futbol oynayan, m\u00fcs\u0259lman meyidl\u0259riyl\u0259 k\u00f6rp\u00fc salan, Qurani K\u0259rimi murdarlay\u0131b yand\u0131ran, m\u0259scidl\u0259rind\u0259 donuz saxlayan bir v\u0259h\u015fi topluma qarda\u015f deyib qucaqlayan, onlara silah v\u0259 yanacaq da\u015f\u0131yan v\u0259 30 illik bu v\u0259h\u015f\u0259t\u0259 kafirc\u0259sin\u0259, dilsiz \u015feytan kimi susan v\u0259 h\u0259tta yerli-yersiz bu i\u015f\u011falda d\u00fc\u015fm\u0259ni deyil, bizi su\u00e7layanlar bizd\u0259n deyill\u0259r. El\u0259 bel\u0259l\u0259ri &#171;\u015firin quyru\u011fundan&#187; na\u011f\u0131llar dan\u0131\u015fsalar daha yax\u015f\u0131d\u0131r&#8230;<\/p>\n\n\n\n<p><strong>P.S. M\u0259qal\u0259nin haz\u0131rlanmas\u0131nda Az\u0259rbaycan v\u0259 rus m\u0259nb\u0259l\u0259rind\u0259n istifad\u0259 olunub.<\/strong><\/p>\n\n\n\n<p><br><strong>Xaqani \u018fd\u0259bo\u011flu<br>Az\u0259rbaycan V\u0259t\u0259n M\u00fcharib\u0259si Veteranlar\u0131 \u0130ctimai Birliyinin (AVMV\u0130B)<\/strong> <strong>M\u0259tbuat Xidm\u0259tinin r\u0259hb\u0259ri<\/strong><\/p>\n","protected":false},"excerpt":{"rendered":"<p>Az\u0259rbaycan\u0131n \u00f6z s\u0259rh\u0259dl\u0259ri daxilind\u0259 &#8212; Gorus-Qafan yolunda n\u0259zar\u0259t-burax\u0131l\u0131\u015f m\u0259nt\u0259q\u0259si qurmas\u0131 \u0130ran\u0131 \u0259m\u0259lli-ba\u015fl\u0131 \u00f6z\u00fcnd\u0259n \u00e7\u0131xar\u0131b. El\u0259 bil molla rejimin\u0259 AB\u015e yox, biz sanksiya t\u0259tbiq el\u0259mi\u015fik.<\/p>\n","protected":false},"author":2,"featured_media":0,"comment_status":"closed","ping_status":"closed","sticky":false,"template":"","format":"standard","meta":{"footnotes":""},"categories":[6],"tags":[],"class_list":["post-48801","post","type-post","status-publish","format-standard","hentry","category-arasdirma"],"aioseo_notices":[],"_links":{"self":[{"href":"https:\/\/fedai.az\/index.php?rest_route=\/wp\/v2\/posts\/48801","targetHints":{"allow":["GET"]}}],"collection":[{"href":"https:\/\/fedai.az\/index.php?rest_route=\/wp\/v2\/posts"}],"about":[{"href":"https:\/\/fedai.az\/index.php?rest_route=\/wp\/v2\/types\/post"}],"author":[{"embeddable":true,"href":"https:\/\/fedai.az\/index.php?rest_route=\/wp\/v2\/users\/2"}],"replies":[{"embeddable":true,"href":"https:\/\/fedai.az\/index.php?rest_route=%2Fwp%2Fv2%2Fcomments&post=48801"}],"version-history":[{"count":5,"href":"https:\/\/fedai.az\/index.php?rest_route=\/wp\/v2\/posts\/48801\/revisions"}],"predecessor-version":[{"id":48825,"href":"https:\/\/fedai.az\/index.php?rest_route=\/wp\/v2\/posts\/48801\/revisions\/48825"}],"wp:attachment":[{"href":"https:\/\/fedai.az\/index.php?rest_route=%2Fwp%2Fv2%2Fmedia&parent=48801"}],"wp:term":[{"taxonomy":"category","embeddable":true,"href":"https:\/\/fedai.az\/index.php?rest_route=%2Fwp%2Fv2%2Fcategories&post=48801"},{"taxonomy":"post_tag","embeddable":true,"href":"https:\/\/fedai.az\/index.php?rest_route=%2Fwp%2Fv2%2Ftags&post=48801"}],"curies":[{"name":"wp","href":"https:\/\/api.w.org\/{rel}","templated":true}]}}