{"id":48832,"date":"2021-09-20T11:59:34","date_gmt":"2021-09-20T07:59:34","guid":{"rendered":"https:\/\/fedai.az\/?p=48832"},"modified":"2021-09-20T12:00:28","modified_gmt":"2021-09-20T08:00:28","slug":"iran-qarabag-savasi-zamani-az%c9%99rbaycan-ordusunu-d%c9%99st%c9%99kl%c9%99y%c9%99nl%c9%99ri-m%c9%99hk%c9%99m%c9%99y%c9%99-cagirir","status":"publish","type":"post","link":"https:\/\/fedai.az\/?p=48832","title":{"rendered":"\u0130ran Qaraba\u011f sava\u015f\u0131 zaman\u0131 Az\u0259rbaycan ordusunu d\u0259st\u0259kl\u0259y\u0259nl\u0259ri m\u0259hk\u0259m\u0259y\u0259 \u00e7a\u011f\u0131r\u0131r"},"content":{"rendered":"\n<p><strong>44 g\u00fcnl\u00fck ikinci Qaraba\u011f sava\u015f\u0131 zaman\u0131 Az\u0259rbaycan ordusuna d\u0259st\u0259k v\u0259 \u0130ran\u0131n Erm\u0259nistana yard\u0131mlar\u0131na etiraz aksiyalar\u0131nda saxlan\u0131lan 12 G\u00fcney az\u0259rbaycanl\u0131 f\u0259al \u0130nqilab M\u0259hk\u0259m\u0259sin\u0259 \u00e7a\u011fr\u0131l\u0131b.<\/strong><\/p>\n\n\n\n<p><br>Milli-m\u0259d\u0259ni f\u0259allar P\u0259rviz Siyabi G\u00fcrc\u00fcan, H\u00fcseyn Balaxani \u0130salu, M\u00fcrt\u0259za P\u0259rvin Cuda, Hamid Heyd\u0259ri Bar\u0131s, M\u0259h\u0259mm\u0259d Kolani Ocaq, Mustafa P\u0259rvin Cuda, S\u00fcbhan B\u0259x\u015fi, Mehdi Hu\u015fm\u0259nd, B\u0259hm\u0259n Xeyrcu, M\u00fcct\u0259ba P\u0259rvin Cuda, \u018fsg\u0259r \u018fkb\u0259rzad\u0259 X\u0131zrabadi v\u0259 S\u0259ccad Kolani Ocaqa m\u0259hk\u0259m\u0259nin elektron sistemi vasit\u0259sil\u0259 \u00e7a\u011f\u0131r\u0131\u015flar g\u00f6nd\u0259rilib.<\/p>\n\n\n\n<p><br>\u00c7a\u011f\u0131r\u0131\u015flarda milli-m\u0259d\u0259ni f\u0259allardan sentyabr\u0131n 20-i, h\u0259ft\u0259nin birinci g\u00fcn\u00fc yerli vaxtla saat 09:30, Bak\u0131 vaxtil\u0259 saat 10:00-da \u018frd\u0259bil \u015f\u0259h\u0259rinin \u0130nqilab M\u0259hk\u0259m\u0259sind\u0259 olmaqlar\u0131 ist\u0259nilib.<\/p>\n\n\n\n<p>Maraql\u0131d\u0131r ki, \u00f6t\u0259n il ad\u0131 \u00e7\u0259kil\u0259n f\u0259allara qar\u015f\u0131 ir\u0259li s\u00fcr\u00fcl\u0259n ittihamlarda d\u0259yi\u015fiklik edilib. Yeni \u00e7a\u011f\u0131r\u0131\u015fda onlar\u0131n ittiham\u0131 \u201c\u0130ran r\u0259hb\u0259rini t\u0259hqir etm\u0259k\u201d kimi g\u00f6st\u0259rilib.<\/p>\n\n\n\n<p><br><strong>Qeyd etm\u0259k laz\u0131md\u0131r ki, yuxar\u0131da ad\u0131 sadalanan f\u0259allar sentyabr\u0131n 28-d\u0259 \u018frd\u0259bilin Ciral park\u0131nda Qaraba\u011f\u0131n azadl\u0131\u011f\u0131 \u00fc\u00e7\u00fcn h\u0259rbi \u0259m\u0259liyyatlar aparan Az\u0259rbaycan Ordusuna d\u0259st\u0259k verdikl\u0259rin\u0259 g\u00f6r\u0259 \u0130ran rejiminin t\u0259hl\u00fck\u0259sizlik q\u00fcvv\u0259l\u0259ri t\u0259r\u0259find\u0259n d\u00f6y\u00fcl\u0259r\u0259k h\u0259bs edilmi\u015fdil\u0259r. Sonrak\u0131 g\u00fcnl\u0259rd\u0259 d\u0259 ox\u015far m\u0259qs\u0259dl\u0259 G\u00fcney Az\u0259rbaycan\u0131n m\u00fcxt\u0259lif \u015f\u0259h\u0259rl\u0259rind\u0259 v\u0259 Tehranda aksiyalar ke\u00e7ir\u0259n f\u0259allar da h\u0259bs edilmi\u015f v\u0259 m\u00fclki v\u0259siq\u0259 qar\u015f\u0131l\u0131\u011f\u0131nda m\u00fcv\u0259qq\u0259ti azadl\u0131\u011fa burax\u0131lm\u0131\u015fd\u0131lar.<\/strong><\/p>\n\n\n\n<p><br>\u0130ran rejiminin t\u0259hl\u00fck\u0259sizlik q\u00fcvv\u0259l\u0259rinin f\u0259allar\u0131 fiziki zor t\u0259tbiq etm\u0259kl\u0259 h\u0259bs etm\u0259si v\u0259 onlarla xo\u015fag\u0259lm\u0259y\u0259n t\u0259rzd\u0259 davranmas\u0131 h\u0259m g\u00fcney az\u0259rbaycanl\u0131lar\u0131n, h\u0259m d\u0259 bir s\u0131ra insan haqlar\u0131 t\u0259\u015fkilatlar\u0131n\u0131n k\u0259skin etirazlar\u0131na s\u0259b\u0259b olmu\u015fdu. \u201cAmnesty \u0130nternational\u201d yayd\u0131\u011f\u0131 b\u0259yanatda \u0130ran rejimind\u0259n son aksiyalarda tutulanlar\u0131n ham\u0131s\u0131n\u0131n d\u0259rhal v\u0259 qeyd- \u015f\u0259rtsiz azad etm\u0259sini t\u0259l\u0259b etmi\u015fdi. <\/p>\n\n\n\n<p><strong>P.S. \u0130ran anti \u0130slam xisl\u0259tinin b\u00fct\u00fcn iyr\u0259nclikl\u0259rini ortaya qoyub. Biz bu soyda\u015flar\u0131m\u0131za \u00f6z d\u0259st\u0259yimizi bildirm\u0259liyik!<\/strong><\/p>\n\n\n\n<p>M\u0259nb\u0259: An tv.Live<\/p>\n","protected":false},"excerpt":{"rendered":"<p>44 g\u00fcnl\u00fck ikinci Qaraba\u011f sava\u015f\u0131 zaman\u0131 Az\u0259rbaycan ordusuna d\u0259st\u0259k v\u0259 \u0130ran\u0131n Erm\u0259nistana yard\u0131mlar\u0131na etiraz aksiyalar\u0131nda saxlan\u0131lan 12 G\u00fcney az\u0259rbaycanl\u0131 f\u0259al \u0130nqilab M\u0259hk\u0259m\u0259sin\u0259 \u00e7a\u011fr\u0131l\u0131b. Milli-m\u0259d\u0259ni<\/p>\n","protected":false},"author":2,"featured_media":48833,"comment_status":"closed","ping_status":"closed","sticky":false,"template":"","format":"standard","meta":{"footnotes":""},"categories":[15],"tags":[],"class_list":["post-48832","post","type-post","status-publish","format-standard","has-post-thumbnail","hentry","category-atmaca"],"aioseo_notices":[],"_links":{"self":[{"href":"https:\/\/fedai.az\/index.php?rest_route=\/wp\/v2\/posts\/48832","targetHints":{"allow":["GET"]}}],"collection":[{"href":"https:\/\/fedai.az\/index.php?rest_route=\/wp\/v2\/posts"}],"about":[{"href":"https:\/\/fedai.az\/index.php?rest_route=\/wp\/v2\/types\/post"}],"author":[{"embeddable":true,"href":"https:\/\/fedai.az\/index.php?rest_route=\/wp\/v2\/users\/2"}],"replies":[{"embeddable":true,"href":"https:\/\/fedai.az\/index.php?rest_route=%2Fwp%2Fv2%2Fcomments&post=48832"}],"version-history":[{"count":2,"href":"https:\/\/fedai.az\/index.php?rest_route=\/wp\/v2\/posts\/48832\/revisions"}],"predecessor-version":[{"id":48835,"href":"https:\/\/fedai.az\/index.php?rest_route=\/wp\/v2\/posts\/48832\/revisions\/48835"}],"wp:featuredmedia":[{"embeddable":true,"href":"https:\/\/fedai.az\/index.php?rest_route=\/wp\/v2\/media\/48833"}],"wp:attachment":[{"href":"https:\/\/fedai.az\/index.php?rest_route=%2Fwp%2Fv2%2Fmedia&parent=48832"}],"wp:term":[{"taxonomy":"category","embeddable":true,"href":"https:\/\/fedai.az\/index.php?rest_route=%2Fwp%2Fv2%2Fcategories&post=48832"},{"taxonomy":"post_tag","embeddable":true,"href":"https:\/\/fedai.az\/index.php?rest_route=%2Fwp%2Fv2%2Ftags&post=48832"}],"curies":[{"name":"wp","href":"https:\/\/api.w.org\/{rel}","templated":true}]}}