{"id":48844,"date":"2021-09-21T02:26:00","date_gmt":"2021-09-20T22:26:00","guid":{"rendered":"https:\/\/fedai.az\/?p=48844"},"modified":"2021-09-21T02:26:05","modified_gmt":"2021-09-20T22:26:05","slug":"%c9%99rdogan-quterresl%c9%99-gorusdu","status":"publish","type":"post","link":"https:\/\/fedai.az\/?p=48844","title":{"rendered":"\u018frdo\u011fan Quterre\u015fl\u0259 g\u00f6r\u00fc\u015fd\u00fc"},"content":{"rendered":"\n<p><strong>T\u00fcrkiy\u0259 Prezidenti R\u0259c\u0259b Tayyib \u018frdo\u011fan Birl\u0259\u015fmi\u015f Mill\u0259tl\u0259r T\u0259\u015fkilat\u0131n\u0131n (BMT) Ba\u015f katibi Antonio Quterre\u015fl\u0259 g\u00f6r\u00fc\u015f\u00fcb.<\/strong><\/p>\n\n\n\n<p>Bu bar\u0259d\u0259 \u201cAnadolu\u201d agentliyi m\u0259lumat yay\u0131b.<\/p>\n\n\n\n<p>New-Yorkda yeni a\u00e7\u0131lan \u201cT\u00fcrk evi\u201dnin binas\u0131nda ba\u015f tutan g\u00f6r\u00fc\u015f m\u0259tbuata qapal\u0131 ke\u00e7irilib.<\/p>\n\n\n\n<p>G\u00f6r\u00fc\u015fd\u0259 xarici i\u015fl\u0259r naziri M\u00f6vlud \u00c7avu\u015fo\u011flu, T\u00fcrkiy\u0259nin BMT-d\u0259ki daimi n\u00fcmay\u0259nd\u0259si Feridun Sinirlio\u011flu v\u0259 BMT 75 -ci Ba\u015f Assambleyas\u0131n\u0131n s\u0259dri Volkan Bozk\u0131r da i\u015ftirak edib.<\/p>\n","protected":false},"excerpt":{"rendered":"<p>T\u00fcrkiy\u0259 Prezidenti R\u0259c\u0259b Tayyib \u018frdo\u011fan Birl\u0259\u015fmi\u015f Mill\u0259tl\u0259r T\u0259\u015fkilat\u0131n\u0131n (BMT) Ba\u015f katibi Antonio Quterre\u015fl\u0259 g\u00f6r\u00fc\u015f\u00fcb. Bu bar\u0259d\u0259 \u201cAnadolu\u201d agentliyi m\u0259lumat yay\u0131b. New-Yorkda yeni a\u00e7\u0131lan \u201cT\u00fcrk<\/p>\n","protected":false},"author":2,"featured_media":48845,"comment_status":"closed","ping_status":"closed","sticky":false,"template":"","format":"standard","meta":{"footnotes":""},"categories":[1],"tags":[],"class_list":["post-48844","post","type-post","status-publish","format-standard","has-post-thumbnail","hentry","category-siyast"],"aioseo_notices":[],"_links":{"self":[{"href":"https:\/\/fedai.az\/index.php?rest_route=\/wp\/v2\/posts\/48844","targetHints":{"allow":["GET"]}}],"collection":[{"href":"https:\/\/fedai.az\/index.php?rest_route=\/wp\/v2\/posts"}],"about":[{"href":"https:\/\/fedai.az\/index.php?rest_route=\/wp\/v2\/types\/post"}],"author":[{"embeddable":true,"href":"https:\/\/fedai.az\/index.php?rest_route=\/wp\/v2\/users\/2"}],"replies":[{"embeddable":true,"href":"https:\/\/fedai.az\/index.php?rest_route=%2Fwp%2Fv2%2Fcomments&post=48844"}],"version-history":[{"count":1,"href":"https:\/\/fedai.az\/index.php?rest_route=\/wp\/v2\/posts\/48844\/revisions"}],"predecessor-version":[{"id":48846,"href":"https:\/\/fedai.az\/index.php?rest_route=\/wp\/v2\/posts\/48844\/revisions\/48846"}],"wp:featuredmedia":[{"embeddable":true,"href":"https:\/\/fedai.az\/index.php?rest_route=\/wp\/v2\/media\/48845"}],"wp:attachment":[{"href":"https:\/\/fedai.az\/index.php?rest_route=%2Fwp%2Fv2%2Fmedia&parent=48844"}],"wp:term":[{"taxonomy":"category","embeddable":true,"href":"https:\/\/fedai.az\/index.php?rest_route=%2Fwp%2Fv2%2Fcategories&post=48844"},{"taxonomy":"post_tag","embeddable":true,"href":"https:\/\/fedai.az\/index.php?rest_route=%2Fwp%2Fv2%2Ftags&post=48844"}],"curies":[{"name":"wp","href":"https:\/\/api.w.org\/{rel}","templated":true}]}}