{"id":48859,"date":"2021-09-21T03:09:43","date_gmt":"2021-09-20T23:09:43","guid":{"rendered":"https:\/\/fedai.az\/?p=48859"},"modified":"2021-09-21T03:09:46","modified_gmt":"2021-09-20T23:09:46","slug":"%c9%99rdogan-putinl%c9%99-az%c9%99rbaycanda-turk-bazasini-da-muzakir%c9%99-ed%c9%99c%c9%99k","status":"publish","type":"post","link":"https:\/\/fedai.az\/?p=48859","title":{"rendered":"\u018frdo\u011fan Putinl\u0259 Az\u0259rbaycanda t\u00fcrk bazas\u0131n\u0131 da m\u00fczakir\u0259 ed\u0259c\u0259k"},"content":{"rendered":"\n<p><strong>\u018fg\u0259r c\u0259nab R\u0259c\u0259b Tayyib \u018frdo\u011fan Az\u0259rbaycanda T\u00fcrkiy\u0259 h\u0259rbi bazas\u0131n\u0131n yarad\u0131lmas\u0131n\u0131 Az\u0259rbaycan v\u0259 T\u00fcrkiy\u0259 t\u0259r\u0259finin Putinl\u0259 h\u0259yata ke\u00e7ir\u0259c\u0259yi g\u00f6r\u00fc\u015fl\u0259rin f\u0259rqli \u015f\u0259kild\u0259 inki\u015faf etdir\u0259 bil\u0259c\u0259yini deyibs\u0259, So\u00e7i g\u00f6r\u00fc\u015f\u00fcnd\u0259 bu m\u0259s\u0259l\u0259nin m\u00fczakir\u0259si m\u00fcmk\u00fcnd\u00fcr.<\/strong><\/p>\n\n\n\n<p><br>Bu s\u00f6zl\u0259ri Sfera.az-a t\u00fcrk h\u0259rbi ekspert Hakan K\u0131l\u0131\u00e7 T\u00fcrkiy\u0259 v\u0259 Rusiya prezidentl\u0259rinin So\u00e7i g\u00f6r\u00fc\u015f\u00fc zaman\u0131 Az\u0259rbaycanda t\u00fcrk bazas\u0131n\u0131n yarad\u0131lmas\u0131n\u0131 m\u00fczakir\u0259 etm\u0259 ehtimal\u0131ndan dan\u0131\u015fark\u0259n deyib.<\/p>\n\n\n\n<p>Ekspert bu q\u0259rar\u0131n Az\u0259rbaycan v\u0259 T\u00fcrkiy\u0259 aras\u0131nda h\u0259ll oluna bil\u0259c\u0259yin\u0259 inand\u0131\u011f\u0131n\u0131 deyib:<\/p>\n\n\n\n<p><br>&#171;Bu iki \u00f6lk\u0259nin ver\u0259c\u0259yi q\u0259rard\u0131r, bunun \u00fc\u00e7\u00fcnc\u00fc bir \u00f6lk\u0259y\u0259 aidiyy\u0259ti yoxdur\u201d.<\/p>\n\n\n\n<p>M\u00fct\u0259x\u0259ssisin s\u00f6zl\u0259rin\u0259 g\u00f6r\u0259, burada Rusiya il\u0259 \u0259laq\u0259l\u0259rd\u0259n s\u00f6hb\u0259t gedir, onun raz\u0131l\u0131\u011f\u0131ndan deyil:<\/p>\n\n\n\n<p><br>&#171;Az\u0259rbaycan bizim qarda\u015f\u0131m\u0131zd\u0131r, m\u00fcharib\u0259 zaman\u0131 T\u00fcrkiy\u0259nin Az\u0259rbaycana g\u00f6st\u0259rdiyi d\u0259st\u0259k is\u0259 ortadad\u0131r. M\u0259nc\u0259, orada baza qurmaq h\u0259r iki \u00f6lk\u0259nin maraqlar\u0131na uy\u011fundursa, bunu etm\u0259k laz\u0131md\u0131r. M\u0259qs\u0259d onsuz da Erm\u0259nistan v\u0259 \u0130randan qorunmaqd\u0131r. Bunun Rusiya il\u0259 he\u00e7 bir \u0259laq\u0259si yoxdur. T\u00fcrkiy\u0259 Az\u0259rbaycanda quraca\u011f\u0131 baza Rusiyan\u0131 h\u0259d\u0259fl\u0259m\u0259y\u0259c\u0259k, T\u00fcrkiy\u0259nin buna ehtiyac\u0131 da yoxdur\u201d.<\/p>\n","protected":false},"excerpt":{"rendered":"<p>\u018fg\u0259r c\u0259nab R\u0259c\u0259b Tayyib \u018frdo\u011fan Az\u0259rbaycanda T\u00fcrkiy\u0259 h\u0259rbi bazas\u0131n\u0131n yarad\u0131lmas\u0131n\u0131 Az\u0259rbaycan v\u0259 T\u00fcrkiy\u0259 t\u0259r\u0259finin Putinl\u0259 h\u0259yata ke\u00e7ir\u0259c\u0259yi g\u00f6r\u00fc\u015fl\u0259rin f\u0259rqli \u015f\u0259kild\u0259 inki\u015faf etdir\u0259 bil\u0259c\u0259yini deyibs\u0259,<\/p>\n","protected":false},"author":2,"featured_media":48860,"comment_status":"closed","ping_status":"closed","sticky":false,"template":"","format":"standard","meta":{"footnotes":""},"categories":[3],"tags":[],"class_list":["post-48859","post","type-post","status-publish","format-standard","has-post-thumbnail","hentry","category-gundm"],"aioseo_notices":[],"_links":{"self":[{"href":"https:\/\/fedai.az\/index.php?rest_route=\/wp\/v2\/posts\/48859","targetHints":{"allow":["GET"]}}],"collection":[{"href":"https:\/\/fedai.az\/index.php?rest_route=\/wp\/v2\/posts"}],"about":[{"href":"https:\/\/fedai.az\/index.php?rest_route=\/wp\/v2\/types\/post"}],"author":[{"embeddable":true,"href":"https:\/\/fedai.az\/index.php?rest_route=\/wp\/v2\/users\/2"}],"replies":[{"embeddable":true,"href":"https:\/\/fedai.az\/index.php?rest_route=%2Fwp%2Fv2%2Fcomments&post=48859"}],"version-history":[{"count":1,"href":"https:\/\/fedai.az\/index.php?rest_route=\/wp\/v2\/posts\/48859\/revisions"}],"predecessor-version":[{"id":48861,"href":"https:\/\/fedai.az\/index.php?rest_route=\/wp\/v2\/posts\/48859\/revisions\/48861"}],"wp:featuredmedia":[{"embeddable":true,"href":"https:\/\/fedai.az\/index.php?rest_route=\/wp\/v2\/media\/48860"}],"wp:attachment":[{"href":"https:\/\/fedai.az\/index.php?rest_route=%2Fwp%2Fv2%2Fmedia&parent=48859"}],"wp:term":[{"taxonomy":"category","embeddable":true,"href":"https:\/\/fedai.az\/index.php?rest_route=%2Fwp%2Fv2%2Fcategories&post=48859"},{"taxonomy":"post_tag","embeddable":true,"href":"https:\/\/fedai.az\/index.php?rest_route=%2Fwp%2Fv2%2Ftags&post=48859"}],"curies":[{"name":"wp","href":"https:\/\/api.w.org\/{rel}","templated":true}]}}