{"id":48862,"date":"2021-09-21T03:12:24","date_gmt":"2021-09-20T23:12:24","guid":{"rendered":"https:\/\/fedai.az\/?p=48862"},"modified":"2021-09-21T03:12:28","modified_gmt":"2021-09-20T23:12:28","slug":"naxcivanda-az%c9%99rbaycan-v%c9%99-turkiy%c9%99-h%c9%99rbcil%c9%99rinin-birg%c9%99-t%c9%99limi-baslayib","status":"publish","type":"post","link":"https:\/\/fedai.az\/?p=48862","title":{"rendered":"Nax\u00e7\u0131vanda Az\u0259rbaycan v\u0259 T\u00fcrkiy\u0259 h\u0259rb\u00e7il\u0259rinin birg\u0259 t\u0259limi ba\u015flay\u0131b"},"content":{"rendered":"\n<p><strong>Az\u0259rbaycan v\u0259 T\u00fcrkiy\u0259 aras\u0131nda imzalanm\u0131\u015f h\u0259rbi \u0259m\u0259kda\u015fl\u0131q haqq\u0131nda sazi\u015f\u0259 \u0259sas\u0259n, Nax\u00e7\u0131vanda h\u0259r iki \u00f6lk\u0259nin motoat\u0131c\u0131, x\u00fcsusi t\u0259yinatl\u0131, komando v\u0259 m\u00fcxt\u0259lif qo\u015fun n\u00f6vl\u0259rinin i\u015ftirak\u0131 il\u0259 \u201cSars\u0131lmaz qarda\u015fl\u0131q-2021\u201d birg\u0259 d\u00f6y\u00fc\u015f at\u0131\u015fl\u0131 taktiki t\u0259limin\u0259 start verilib.<\/strong><\/p>\n\n\n\n<p>\u018flahidd\u0259 \u00dcmumqo\u015fun Ordudan\u00a0 veril\u0259n m\u0259lumata g\u00f6r\u0259, Nax\u00e7\u0131van Qarnizonu Qo\u015funlar\u0131n\u0131n birl\u0259\u015fm\u0259 v\u0259 hiss\u0259l\u0259rinin, T\u00fcrkiy\u0259 Silahl\u0131 Q\u00fcvv\u0259l\u0259rinin b\u00f6lm\u0259l\u0259rinin c\u0259lb edildiyi t\u0259limd\u0259 \u0259n\u0259n\u0259y\u0259 uy\u011fun olaraq iki qarda\u015f \u00f6lk\u0259nin d\u00f6vl\u0259t bayraqlar\u0131n\u0131n d\u0259yi\u015fm\u0259 m\u0259rasimi ke\u00e7irilib.<\/p>\n\n\n\n<p>Bayraqd\u0259yi\u015fm\u0259 m\u0259rasimind\u0259 i\u015ftirak etm\u0259k \u00fc\u00e7\u00fcn \u018flahidd\u0259 \u00dcmumqo\u015fun Ordunun bayraq taq\u0131m\u0131 Nax\u00e7\u0131van \u015f\u0259h\u0259rind\u0259n v\u0259 eyni zamanda T\u00fcrkiy\u0259 Respublikas\u0131n\u0131n bayraq taq\u0131m\u0131 da Do\u011fu B\u0259yazid \u015f\u0259h\u0259rind\u0259n S\u0259d\u0259r\u0259k s\u0259rh\u0259d-ke\u00e7id m\u0259nt\u0259q\u0259sin\u0259-Araz \u00e7ay\u0131 \u00fcz\u0259rind\u0259ki \u201c\u00dcmid\u201d k\u00f6rp\u00fcs\u00fcn\u0259 do\u011fru h\u0259r\u0259k\u0259t\u0259 ba\u015flay\u0131b.<\/p>\n\n\n\n<p>Bayraq taq\u0131mlar\u0131 \u201c\u00dcmid\u201d k\u00f6rp\u00fcs\u00fc \u00fcz\u0259rin\u0259 \u00e7atd\u0131qdan sonra T\u00fcrkiy\u0259 v\u0259 Az\u0259rbaycan\u0131n d\u00f6vl\u0259t himnl\u0259ri s\u0259sl\u0259ndirilib v\u0259 bayraqd\u0259yi\u015fm\u0259 m\u0259rasimi ke\u00e7irilib.<\/p>\n\n\n\n<p>M\u0259rasimin davam\u0131 olaraq \u201c\u00dcmid\u201d k\u00f6rp\u00fcs\u00fcnd\u0259n ke\u00e7\u0259n T\u00fcrkiy\u0259 Silahl\u0131 Q\u00fcvv\u0259l\u0259rinin h\u0259rbi kolonu t\u0259lim rayonu istiqam\u0259tind\u0259 h\u0259r\u0259k\u0259t edib v\u0259 qarda\u015f \u00f6lk\u0259nin h\u0259rbi qulluq\u00e7ular\u0131 \u018flahidd\u0259 \u00dcmumqo\u015fun Ordunun h\u0259rbi hiss\u0259sind\u0259 t\u0259nt\u0259n\u0259li \u015f\u0259kild\u0259 qar\u015f\u0131lan\u0131b.<\/p>\n\n\n\n<figure class=\"wp-block-embed is-type-video is-provider-youtube wp-block-embed-youtube wp-embed-aspect-16-9 wp-has-aspect-ratio\"><div class=\"wp-block-embed__wrapper\">\n<iframe loading=\"lazy\" title=\"Nax\u00e7\u0131vanda \u201cSars\u0131lmaz qarda\u015fl\u0131q-2021\u201d birg\u0259 d\u00f6y\u00fc\u015f at\u0131\u015fl\u0131 taktiki t\u0259limin\u0259 start verilib\" width=\"715\" height=\"402\" src=\"https:\/\/www.youtube.com\/embed\/xQfjPE5hyeg?feature=oembed\" frameborder=\"0\" allow=\"accelerometer; autoplay; clipboard-write; encrypted-media; gyroscope; picture-in-picture\" allowfullscreen><\/iframe>\n<\/div><\/figure>\n","protected":false},"excerpt":{"rendered":"<p>Az\u0259rbaycan v\u0259 T\u00fcrkiy\u0259 aras\u0131nda imzalanm\u0131\u015f h\u0259rbi \u0259m\u0259kda\u015fl\u0131q haqq\u0131nda sazi\u015f\u0259 \u0259sas\u0259n, Nax\u00e7\u0131vanda h\u0259r iki \u00f6lk\u0259nin motoat\u0131c\u0131, x\u00fcsusi t\u0259yinatl\u0131, komando v\u0259 m\u00fcxt\u0259lif qo\u015fun n\u00f6vl\u0259rinin i\u015ftirak\u0131 il\u0259<\/p>\n","protected":false},"author":2,"featured_media":48863,"comment_status":"closed","ping_status":"closed","sticky":false,"template":"","format":"standard","meta":{"footnotes":""},"categories":[3],"tags":[],"class_list":["post-48862","post","type-post","status-publish","format-standard","has-post-thumbnail","hentry","category-gundm"],"aioseo_notices":[],"_links":{"self":[{"href":"https:\/\/fedai.az\/index.php?rest_route=\/wp\/v2\/posts\/48862","targetHints":{"allow":["GET"]}}],"collection":[{"href":"https:\/\/fedai.az\/index.php?rest_route=\/wp\/v2\/posts"}],"about":[{"href":"https:\/\/fedai.az\/index.php?rest_route=\/wp\/v2\/types\/post"}],"author":[{"embeddable":true,"href":"https:\/\/fedai.az\/index.php?rest_route=\/wp\/v2\/users\/2"}],"replies":[{"embeddable":true,"href":"https:\/\/fedai.az\/index.php?rest_route=%2Fwp%2Fv2%2Fcomments&post=48862"}],"version-history":[{"count":1,"href":"https:\/\/fedai.az\/index.php?rest_route=\/wp\/v2\/posts\/48862\/revisions"}],"predecessor-version":[{"id":48864,"href":"https:\/\/fedai.az\/index.php?rest_route=\/wp\/v2\/posts\/48862\/revisions\/48864"}],"wp:featuredmedia":[{"embeddable":true,"href":"https:\/\/fedai.az\/index.php?rest_route=\/wp\/v2\/media\/48863"}],"wp:attachment":[{"href":"https:\/\/fedai.az\/index.php?rest_route=%2Fwp%2Fv2%2Fmedia&parent=48862"}],"wp:term":[{"taxonomy":"category","embeddable":true,"href":"https:\/\/fedai.az\/index.php?rest_route=%2Fwp%2Fv2%2Fcategories&post=48862"},{"taxonomy":"post_tag","embeddable":true,"href":"https:\/\/fedai.az\/index.php?rest_route=%2Fwp%2Fv2%2Ftags&post=48862"}],"curies":[{"name":"wp","href":"https:\/\/api.w.org\/{rel}","templated":true}]}}