{"id":48883,"date":"2021-09-21T04:07:23","date_gmt":"2021-09-21T00:07:23","guid":{"rendered":"https:\/\/fedai.az\/?p=48883"},"modified":"2021-09-21T04:07:26","modified_gmt":"2021-09-21T00:07:26","slug":"s%c9%99hid-anasini-aldadib-27-min-manat-pulunu-alan-s%c9%99xsl%c9%99r-saxlanilib","status":"publish","type":"post","link":"https:\/\/fedai.az\/?p=48883","title":{"rendered":"\u015e\u0259hid anas\u0131n\u0131 aldad\u0131b 27 min manat pulunu alan \u015f\u0259xsl\u0259r saxlan\u0131l\u0131b"},"content":{"rendered":"\n<p><strong>V\u0259t\u0259n m\u00fcharib\u0259sind\u0259 i\u015ftirak ed\u0259r\u0259k q\u0259hr\u0259mancas\u0131na h\u0259lak olmu\u015f \u015f\u0259hidl\u0259rimizd\u0259n birinin qohumlar\u0131n\u0131n Daxili \u0130\u015fl\u0259r Nazirliyin\u0259 etdikl\u0259ri m\u00fcraci\u0259tl\u0259 \u0259laq\u0259dar z\u0259ruri \u0259m\u0259liyyat t\u0259dbirl\u0259rin\u0259 ba\u015flan\u0131l\u0131b.<\/strong><br><br>Bu bar\u0259d\u0259 nazirlik m\u0259lumat verib.<br><br>M\u0259lumata g\u00f6r\u0259, ara\u015fd\u0131rma zaman\u0131 h\u0259min \u015f\u0259hidin d\u00f6y\u00fc\u015fl\u0259rd\u0259 h\u0259lak olandan sonra ya\u015fad\u0131\u011f\u0131 rayonda d\u0259fn edildiyi, bundan sonra onun anas\u0131n\u0131n \u00f6vlad\u0131n\u0131n b\u0259lk\u0259 d\u0259, d\u00fcnyas\u0131n\u0131 d\u0259yi\u015fm\u0259diyini, \u015f\u0259hidin is\u0259 ba\u015fqa birisi oldu\u011funu z\u0259nn ed\u0259r\u0259k \u00e7\u0131x\u0131\u015f yolunu \u201cfal\u00e7\u0131\u201dlara m\u00fcraci\u0259t etm\u0259kd\u0259 g\u00f6rd\u00fcy\u00fc m\u00fc\u0259yy\u0259n edilib. Bu m\u0259qs\u0259dl\u0259 o, X\u0259z\u0259r rayonunda ya\u015fayan v\u0259 \u201cfal\u00e7\u0131\u201d kimi tan\u0131d\u0131\u011f\u0131 bir qad\u0131na m\u00fcraci\u0259t edib. H\u0259min \u015f\u0259xs 100 manat pul m\u00fcqabilind\u0259 \u201cfala\u201d baxaraq \u00f6vlad\u0131n\u0131n d\u00fcnyas\u0131n\u0131 d\u0259yi\u015fm\u0259diyini v\u0259 \u0259sirlikd\u0259 oldu\u011funu anas\u0131na bildir\u0259r\u0259k onu aldad\u0131b. Sonradan fal\u00e7\u0131n\u0131n o\u011flu \u0130xtiyar Orucov v\u0259 \u015f\u0259hidin yax\u0131n qohumu Balaxan H\u00fcseynlinin \u00fcnsiyy\u0259tl\u0259ri yaran\u0131b v\u0259 onlar \u0259lbir olaraq \u015f\u0259hidin ail\u0259 \u00fczvl\u0259rin\u0259 d\u00f6vl\u0259t t\u0259r\u0259find\u0259n ayr\u0131lan pulu, el\u0259c\u0259 d\u0259 onlar\u0131n \u0259lind\u0259 olan \u0259lav\u0259 maddi v\u0259saitl\u0259ri d\u0259l\u0259duzluq yolu il\u0259 \u0259l\u0259 ke\u00e7irm\u0259k bar\u0259d\u0259 raz\u0131l\u0131\u011fa g\u0259libl\u0259r.<\/p>\n\n\n\n<figure class=\"wp-block-gallery columns-2 is-cropped wp-block-gallery-1 is-layout-flex wp-block-gallery-is-layout-flex\"><ul class=\"blocks-gallery-grid\"><li class=\"blocks-gallery-item\"><figure><img decoding=\"async\" src=\"https:\/\/fedai.az\/wp-content\/uploads\/2021\/09\/94d420a3f7a13a24a7d9c752079817f5.jpg\" alt=\"\" data-id=\"48884\" data-link=\"https:\/\/fedai.az\/?attachment_id=48884\" class=\"wp-image-48884\"\/><\/figure><\/li><li class=\"blocks-gallery-item\"><figure><img decoding=\"async\" src=\"https:\/\/fedai.az\/wp-content\/uploads\/2021\/09\/0d1ef42908633a9f825d59eeb2f9c8d6.jpg\" alt=\"\" data-id=\"48885\" data-full-url=\"https:\/\/fedai.az\/wp-content\/uploads\/2021\/09\/0d1ef42908633a9f825d59eeb2f9c8d6.jpg\" data-link=\"https:\/\/fedai.az\/?attachment_id=48885\" class=\"wp-image-48885\"\/><\/figure><\/li><\/ul><\/figure>\n\n\n\n<p>Bundan sonra adlar\u0131 \u00e7\u0259kil\u0259n \u015f\u0259xsl\u0259r \u00f6z \u00e7irkin \u0259m\u0259ll\u0259rini h\u0259yata ke\u00e7irm\u0259k \u00fc\u00e7\u00fcn \u015f\u0259hidin fotolar\u0131n\u0131 montaj ed\u0259r\u0259k guya onun \u0259sirlikd\u0259 sa\u011f olmas\u0131n\u0131 \u00f6z\u00fcnd\u0259 \u0259ks etdir\u0259n yeni \u015f\u0259kill\u0259r haz\u0131rlay\u0131blar. Bu \u015f\u0259xsl\u0259r h\u0259tta qrim ustas\u0131n\u0131n yan\u0131na ged\u0259r\u0259k guya \u015f\u0259hid haqq\u0131nda s\u0259n\u0259dli film \u00e7\u0259kil\u0259c\u0259yini qeyd edibl\u0259r. Balaxan H\u00fcseynlinin qrimd\u0259n istifad\u0259 ed\u0259r\u0259k \u015f\u0259hid\u0259 b\u0259nz\u0259dilm\u0259sin\u0259 nail olublar. Balaxan H\u00fcseynlinin qriml\u0259nmi\u015f \u015f\u0259kill\u0259rini v\u0259 videog\u00f6r\u00fcnt\u00fcl\u0259rini \u015f\u0259hidin anas\u0131na g\u00f6st\u0259r\u0259r\u0259k onu \u00f6vlad\u0131n\u0131n sa\u011f oldu\u011funa inand\u0131rma\u011fa nail olublar. Niyy\u0259tl\u0259rini h\u0259yata ke\u00e7irm\u0259k m\u0259qs\u0259di il\u0259 m\u0259rhumun qohumu Balaxan H\u00fcseynli \u00f6z s\u0259sini \u015f\u0259hid qohumunun s\u0259sin\u0259 b\u0259nz\u0259d\u0259r\u0259k bir ne\u00e7\u0259 d\u0259f\u0259 \u0130xtiyar Orucovun telefonu il\u0259 \u015f\u0259hidin anas\u0131 il\u0259 dan\u0131\u015f\u0131b v\u0259 sa\u011f oldu\u011funa dair onlarda yaln\u0131\u015f t\u0259s\u0259vv\u00fcr yarad\u0131b. Daha sonra h\u0259r iki \u015f\u0259xs \u015f\u0259hidin anas\u0131ndan v\u0259 qohumlar\u0131ndan pul almaq \u00fc\u00e7\u00fcn guya \u0259sirlikd\u0259 olan \u00f6vladlar\u0131n\u0131 qon\u015fu \u00f6lk\u0259l\u0259rd\u0259n biri vasit\u0259si il\u0259 Az\u0259rbaycana g\u0259tir\u0259c\u0259kl\u0259ri ad\u0131 il\u0259 aldad\u0131b bu m\u0259qs\u0259dl\u0259 onladan 100 min manat pul ist\u0259yib v\u0259 m\u00fcxt\u0259lif vaxtlarda hiss\u0259-hiss\u0259 \u015f\u0259hidin qohumlar\u0131ndan 26 min 800 manat al\u0131blar.<br><br>\u200bFaktla ba\u011fl\u0131 Daxili \u0130\u015fl\u0259r Nazir\u0131iyinin Ba\u015f M\u00fct\u0259\u015f\u0259kkil Cinay\u0259tkarl\u0131qla M\u00fcbariz\u0259 \u0130dar\u0259sind\u0259 Cinay\u0259t M\u0259c\u0259ll\u0259sinin m\u00fcvafiq madd\u0259l\u0259ri il\u0259 cinay\u0259t i\u015fi ba\u015flan\u0131l\u0131b. \u0130xtiyar Orucov v\u0259 Balaxan H\u00fcseynli tutularaq h\u0259r iki \u015f\u0259xs\u0259 ittiham elan edilib v\u0259 m\u0259hk\u0259m\u0259nin q\u0259rar\u0131 il\u0259 bar\u0259l\u0259rind\u0259 h\u0259bs q\u0259timkan t\u0259dbiri se\u00e7ilib. Onlar \u015f\u0259xs ifad\u0259l\u0259rind\u0259 t\u00f6r\u0259tdikl\u0259ri qanun pozuntusunu etiraf edibl\u0259r. Haz\u0131rda h\u0259min cinay\u0259t \u0259m\u0259linin dig\u0259r i\u015ftirak\u00e7\u0131lar\u0131n\u0131n olub-olmamas\u0131n\u0131n m\u00fc\u0259yy\u0259n edilm\u0259si istiqam\u0259tind\u0259 z\u0259ruri \u0259m\u0259liyyat-istintaq t\u0259dbirl\u0259ri davam etdirilir.<\/p>\n\n\n\n<figure class=\"wp-block-embed is-type-video is-provider-youtube wp-block-embed-youtube wp-embed-aspect-16-9 wp-has-aspect-ratio\"><div class=\"wp-block-embed__wrapper\">\n<iframe loading=\"lazy\" title=\"\u015e\u0259hid ail\u0259sin\u0259 guya \u00f6vladlar\u0131n\u0131n sa\u011f oldu\u011funu dey\u0259r\u0259k onlar\u0131 aldadan \u015f\u0259xsl\u0259r saxlan\u0131l\u0131blar\" width=\"715\" height=\"402\" src=\"https:\/\/www.youtube.com\/embed\/nQKqQNNRHec?feature=oembed\" frameborder=\"0\" allow=\"accelerometer; autoplay; clipboard-write; encrypted-media; gyroscope; picture-in-picture\" allowfullscreen><\/iframe>\n<\/div><\/figure>\n","protected":false},"excerpt":{"rendered":"<p>V\u0259t\u0259n m\u00fcharib\u0259sind\u0259 i\u015ftirak ed\u0259r\u0259k q\u0259hr\u0259mancas\u0131na h\u0259lak olmu\u015f \u015f\u0259hidl\u0259rimizd\u0259n birinin qohumlar\u0131n\u0131n Daxili \u0130\u015fl\u0259r Nazirliyin\u0259 etdikl\u0259ri m\u00fcraci\u0259tl\u0259 \u0259laq\u0259dar z\u0259ruri \u0259m\u0259liyyat t\u0259dbirl\u0259rin\u0259 ba\u015flan\u0131l\u0131b. Bu bar\u0259d\u0259 nazirlik m\u0259lumat<\/p>\n","protected":false},"author":2,"featured_media":0,"comment_status":"closed","ping_status":"closed","sticky":false,"template":"","format":"standard","meta":{"footnotes":""},"categories":[3],"tags":[],"class_list":["post-48883","post","type-post","status-publish","format-standard","hentry","category-gundm"],"aioseo_notices":[],"_links":{"self":[{"href":"https:\/\/fedai.az\/index.php?rest_route=\/wp\/v2\/posts\/48883","targetHints":{"allow":["GET"]}}],"collection":[{"href":"https:\/\/fedai.az\/index.php?rest_route=\/wp\/v2\/posts"}],"about":[{"href":"https:\/\/fedai.az\/index.php?rest_route=\/wp\/v2\/types\/post"}],"author":[{"embeddable":true,"href":"https:\/\/fedai.az\/index.php?rest_route=\/wp\/v2\/users\/2"}],"replies":[{"embeddable":true,"href":"https:\/\/fedai.az\/index.php?rest_route=%2Fwp%2Fv2%2Fcomments&post=48883"}],"version-history":[{"count":1,"href":"https:\/\/fedai.az\/index.php?rest_route=\/wp\/v2\/posts\/48883\/revisions"}],"predecessor-version":[{"id":48887,"href":"https:\/\/fedai.az\/index.php?rest_route=\/wp\/v2\/posts\/48883\/revisions\/48887"}],"wp:attachment":[{"href":"https:\/\/fedai.az\/index.php?rest_route=%2Fwp%2Fv2%2Fmedia&parent=48883"}],"wp:term":[{"taxonomy":"category","embeddable":true,"href":"https:\/\/fedai.az\/index.php?rest_route=%2Fwp%2Fv2%2Fcategories&post=48883"},{"taxonomy":"post_tag","embeddable":true,"href":"https:\/\/fedai.az\/index.php?rest_route=%2Fwp%2Fv2%2Ftags&post=48883"}],"curies":[{"name":"wp","href":"https:\/\/api.w.org\/{rel}","templated":true}]}}