{"id":48909,"date":"2021-09-21T14:24:08","date_gmt":"2021-09-21T10:24:08","guid":{"rendered":"https:\/\/fedai.az\/?p=48909"},"modified":"2021-09-21T18:02:14","modified_gmt":"2021-09-21T14:02:14","slug":"gork%c9%99mli-akademikin-dogum-gunu-qeyd-olunub","status":"publish","type":"post","link":"https:\/\/fedai.az\/?p=48909","title":{"rendered":"G\u00f6rk\u0259mli akademikin do\u011fum g\u00fcn\u00fc qeyd olunub"},"content":{"rendered":"\n<p><strong>Kimya elml\u0259ri doktoru, professor, Az\u0259rbaycan Milli Elml\u0259r Akademiyas\u0131n\u0131n h\u0259qiqi \u00fczv\u00fc (akademik), &#171;\u015e\u00f6hr\u0259t&#187; ordenli, \u0259m\u0259kdar elm xadimi R\u0259fiq\u0259 \u018flirza q\u0131z\u0131 \u018fliyevan\u0131n do\u011fum g\u00fcn\u00fc qeyd olunub.<\/strong><\/p>\n\n\n\n<p><br>Bu bar\u0259d\u0259 Az\u0259rbaycan V\u0259t\u0259n M\u00fcharib\u0259si Veteranlar\u0131 \u0130ctimai Birliyi (AVMV\u0130B) s\u0259drinin ideoloji i\u015fl\u0259r \u00fczr\u0259 m\u00fc\u015faviri, AYB v\u0259 AJB \u00fczv\u00fc, BMT yan\u0131nda \u00dcmumd\u00fcnya S\u00fclh Federasiyas\u0131n\u0131n \u00abS\u00fclh s\u0259firi\u00bb, \u00abVedibasar\u00bb q\u0259zetinin redaktoru, \u00abEl g\u00fcc\u00fc\u00bb Beyn\u0259lxalq Humanitar Assosasiyas\u0131n\u0131n \u015f\u00f6b\u0259 m\u00fcdiri, 15 kitab v\u0259 50 mahn\u0131n\u0131n m\u00fc\u0259llifi \u015fair\u0259 N\u0259sib\u0259 \u0130srafilq\u0131z\u0131 m\u0259lumat verib.<\/p>\n\n\n\n<figure class=\"wp-block-image size-large\"><img loading=\"lazy\" decoding=\"async\" width=\"1024\" height=\"595\" src=\"https:\/\/fedai.az\/wp-content\/uploads\/2021\/09\/242447080_553569389295517_4864936616197859827_n-1024x595.jpg\" alt=\"\" class=\"wp-image-48910\" srcset=\"https:\/\/fedai.az\/wp-content\/uploads\/2021\/09\/242447080_553569389295517_4864936616197859827_n-1024x595.jpg 1024w, https:\/\/fedai.az\/wp-content\/uploads\/2021\/09\/242447080_553569389295517_4864936616197859827_n-300x174.jpg 300w, https:\/\/fedai.az\/wp-content\/uploads\/2021\/09\/242447080_553569389295517_4864936616197859827_n-150x87.jpg 150w, https:\/\/fedai.az\/wp-content\/uploads\/2021\/09\/242447080_553569389295517_4864936616197859827_n-768x446.jpg 768w, https:\/\/fedai.az\/wp-content\/uploads\/2021\/09\/242447080_553569389295517_4864936616197859827_n.jpg 1280w\" sizes=\"auto, (max-width: 1024px) 100vw, 1024px\" \/><\/figure>\n\n\n\n<p><br><strong>O, bildirib ki, Az\u0259rbaycan Sahibkar Qad\u0131nlar \u0130\u00e7timai Birliyinin (ASQ IB) s\u0259dri Zemfira xan\u0131m A\u011fayevan\u0131n t\u0259\u015fkilat\u00e7\u0131l\u0131\u011f\u0131 v\u0259 t\u0259\u015f\u0259bb\u00fcs\u00fcyl\u0259 g\u00f6rk\u0259mli alimin ad g\u00fcn\u00fc m\u00fcnasib\u0259tiyl\u0259 m\u0259rasim ke\u00e7irilib. <\/strong><\/p>\n\n\n\n<figure class=\"wp-block-gallery columns-2 is-cropped wp-block-gallery-1 is-layout-flex wp-block-gallery-is-layout-flex\"><ul class=\"blocks-gallery-grid\"><li class=\"blocks-gallery-item\"><figure><img loading=\"lazy\" decoding=\"async\" width=\"768\" height=\"1024\" src=\"https:\/\/fedai.az\/wp-content\/uploads\/2021\/09\/IMG-20210921-WA0069-768x1024.jpg\" alt=\"\" data-id=\"48946\" data-full-url=\"https:\/\/fedai.az\/wp-content\/uploads\/2021\/09\/IMG-20210921-WA0069.jpg\" data-link=\"https:\/\/fedai.az\/?attachment_id=48946\" class=\"wp-image-48946\" srcset=\"https:\/\/fedai.az\/wp-content\/uploads\/2021\/09\/IMG-20210921-WA0069-768x1024.jpg 768w, https:\/\/fedai.az\/wp-content\/uploads\/2021\/09\/IMG-20210921-WA0069-225x300.jpg 225w, https:\/\/fedai.az\/wp-content\/uploads\/2021\/09\/IMG-20210921-WA0069-113x150.jpg 113w, https:\/\/fedai.az\/wp-content\/uploads\/2021\/09\/IMG-20210921-WA0069-1152x1536.jpg 1152w, https:\/\/fedai.az\/wp-content\/uploads\/2021\/09\/IMG-20210921-WA0069.jpg 1200w\" sizes=\"auto, (max-width: 768px) 100vw, 768px\" \/><\/figure><\/li><li class=\"blocks-gallery-item\"><figure><img loading=\"lazy\" decoding=\"async\" width=\"768\" height=\"1024\" src=\"https:\/\/fedai.az\/wp-content\/uploads\/2021\/09\/IMG-20210921-WA0070-768x1024.jpg\" alt=\"\" data-id=\"48945\" data-link=\"https:\/\/fedai.az\/?attachment_id=48945\" class=\"wp-image-48945\" srcset=\"https:\/\/fedai.az\/wp-content\/uploads\/2021\/09\/IMG-20210921-WA0070-768x1024.jpg 768w, https:\/\/fedai.az\/wp-content\/uploads\/2021\/09\/IMG-20210921-WA0070-225x300.jpg 225w, https:\/\/fedai.az\/wp-content\/uploads\/2021\/09\/IMG-20210921-WA0070-113x150.jpg 113w, https:\/\/fedai.az\/wp-content\/uploads\/2021\/09\/IMG-20210921-WA0070-1152x1536.jpg 1152w, https:\/\/fedai.az\/wp-content\/uploads\/2021\/09\/IMG-20210921-WA0070.jpg 1200w\" sizes=\"auto, (max-width: 768px) 100vw, 768px\" \/><\/figure><\/li><\/ul><\/figure>\n\n\n\n<p>N\u0259sib\u0259 \u0130srafilq\u0131z\u0131 qeyd etdi ki, m\u0259rasim i\u015ftirak\u00e7\u0131lar\u0131 t\u0259r\u0259find\u0259n R\u0259fiq\u0259 \u018fliyevan\u0131n, h\u0259m\u00e7inin onun \u00f6m\u00fcr-g\u00fcn yolda\u015f\u0131, g\u00f6rk\u0259mli d\u00f6vl\u0259t xadimi Rafiq X\u0259l\u0259fovun da m\u0259zarlar\u0131 ziyar\u0259t edilmi\u015f v\u0259 g\u00fcl qoyulmu\u015fdur. <\/p>\n\n\n\n<p>Bir alim kimi \u00f6lk\u0259mizd\u0259 R\u0259fiq\u0259 \u018fliyeva, fotometrik metod vasit\u0259si il\u0259 \u00fczvi reaktivl\u0259rd\u0259n istifad\u0259 etm\u0259kl\u0259 metallar\u0131n t\u0259yini metodikas\u0131n\u0131n i\u015fl\u0259nilm\u0259si v\u0259 m\u00fcr\u0259kk\u0259b obyektl\u0259rd\u0259 t\u0259tbiqi, molein anhidridi v\u0259 stirol \u0259sas\u0131nda sintez edilmi\u015f sorbentl\u0259rd\u0259n istifad\u0259 etm\u0259kl\u0259 bir s\u0131ra metallar\u0131n sorbsiya imkanlar\u0131n\u0131n oyr\u0259nilm\u0259si sah\u0259sind\u0259 g\u0259r\u0259kli t\u0259dqiqatlara imza atm\u0131\u015fd\u0131r. Professor R.\u018f.\u018fliyeva t\u0259r\u0259find\u0259n ilk d\u0259f\u0259 olaraq \u03b2- diketonlar \u0259sas\u0131nda azobirl\u0259\u015fm\u0259l\u0259r sintez edilmi\u015f v\u0259 fotometrik reagent kimi t\u0259tbiq edilm\u0259si t\u0259klif edilmi\u015fdir. Onun r\u0259hb\u0259rliyi alt\u0131nda sintez edilmi\u015f \u00fczvi reagentl\u0259rd\u0259 kvantkimy\u0259vi hesablamalara g\u00f6r\u0259 elektron s\u0131xl\u0131\u011f\u0131 hesablanm\u0131\u015f v\u0259 al\u0131nan n\u0259tic\u0259y\u0259 \u0259sas\u0259n bu reagentl\u0259rin bir-birin\u0259 n\u0259z\u0259r\u0259n n\u0259 d\u0259r\u0259c\u0259d\u0259 analitik effekt verm\u0259si qabaqcadan proqnozla\u015fd\u0131r\u0131lm\u0131\u015fd\u0131r.<\/p>\n\n\n\n<figure class=\"wp-block-gallery columns-2 is-cropped wp-block-gallery-2 is-layout-flex wp-block-gallery-is-layout-flex\"><ul class=\"blocks-gallery-grid\"><li class=\"blocks-gallery-item\"><figure><img loading=\"lazy\" decoding=\"async\" width=\"774\" height=\"1024\" src=\"https:\/\/fedai.az\/wp-content\/uploads\/2021\/09\/242507148_1407010489670023_2572214022873308221_n-774x1024.jpg\" alt=\"\" data-id=\"48911\" data-link=\"https:\/\/fedai.az\/?attachment_id=48911\" class=\"wp-image-48911\" srcset=\"https:\/\/fedai.az\/wp-content\/uploads\/2021\/09\/242507148_1407010489670023_2572214022873308221_n-774x1024.jpg 774w, https:\/\/fedai.az\/wp-content\/uploads\/2021\/09\/242507148_1407010489670023_2572214022873308221_n-227x300.jpg 227w, https:\/\/fedai.az\/wp-content\/uploads\/2021\/09\/242507148_1407010489670023_2572214022873308221_n-113x150.jpg 113w, https:\/\/fedai.az\/wp-content\/uploads\/2021\/09\/242507148_1407010489670023_2572214022873308221_n-768x1016.jpg 768w, https:\/\/fedai.az\/wp-content\/uploads\/2021\/09\/242507148_1407010489670023_2572214022873308221_n.jpg 900w\" sizes=\"auto, (max-width: 774px) 100vw, 774px\" \/><\/figure><\/li><li class=\"blocks-gallery-item\"><figure><img loading=\"lazy\" decoding=\"async\" width=\"720\" height=\"978\" src=\"https:\/\/fedai.az\/wp-content\/uploads\/2021\/09\/242500566_287543432846493_4507640377106663012_n.jpg\" alt=\"\" data-id=\"48912\" data-full-url=\"https:\/\/fedai.az\/wp-content\/uploads\/2021\/09\/242500566_287543432846493_4507640377106663012_n.jpg\" data-link=\"https:\/\/fedai.az\/?attachment_id=48912\" class=\"wp-image-48912\" srcset=\"https:\/\/fedai.az\/wp-content\/uploads\/2021\/09\/242500566_287543432846493_4507640377106663012_n.jpg 720w, https:\/\/fedai.az\/wp-content\/uploads\/2021\/09\/242500566_287543432846493_4507640377106663012_n-221x300.jpg 221w, https:\/\/fedai.az\/wp-content\/uploads\/2021\/09\/242500566_287543432846493_4507640377106663012_n-110x150.jpg 110w\" sizes=\"auto, (max-width: 720px) 100vw, 720px\" \/><\/figure><\/li><\/ul><\/figure>\n\n\n\n<p><br>N\u0259sib\u0259 \u0130srafilq\u0131z\u0131 qeyd etdi ki, akademik R\u0259fiq\u0259 \u018flirza q\u0131z\u0131 \u018fliyevan\u0131n xatir\u0259sin\u0259 h\u0259sr etdiyi &#171;C\u0259nn\u0259td\u0259 bir m\u0259l\u0259k artd\u0131 o g\u00fcnd\u0259n&#187; adl\u0131 \u015feirin s\u00f6zl\u0259rin\u0259 b\u0259st\u0259kar Humay S\u00fcleymanb\u0259yli &#171;C\u0259nn\u0259t m\u0259l\u0259yi&#187; adl\u0131 mahn\u0131 b\u0259st\u0259l\u0259yib.<\/p>\n\n\n\n<p><br><strong>\u00d6l\u00fcm aram\u0131zdan bir d\u00fcha se\u00e7di,<br>Nisgili \u00fcr\u0259y\u0259 d\u0259rddi o g\u00fcnd\u0259n.<br>Burdan Haqq &#8212; d\u0259rgaha bir ana k\u00f6\u00e7d\u00fc,<br>C\u0259nn\u0259td\u0259 bir m\u0259l\u0259k artd\u0131 o g\u00fcnd\u0259n&#8230;<\/strong><\/p>\n\n\n\n<p><br>G\u00f6rk\u0259mli akademik R\u0259fiq\u0259 \u018fliyevan\u0131n ad g\u00fcn\u00fc m\u0259rasimind\u0259n sonra F\u0259xriyy\u0259 X\u0259l\u0259fova ehsan s\u00fcfr\u0259si verdi.<\/p>\n\n\n\n<p><br><strong>Allah r\u0259hm\u0259t el\u0259sin!<\/strong><\/p>\n\n\n\n<p><strong>Nurlan M\u0259mm\u0259dli<\/strong><\/p>\n\n\n\n<figure class=\"wp-block-image size-large\"><img loading=\"lazy\" decoding=\"async\" width=\"1024\" height=\"766\" src=\"https:\/\/fedai.az\/wp-content\/uploads\/2021\/09\/242639886_226099776154914_8923381710708930766_n-1024x766.jpg\" alt=\"\" class=\"wp-image-48913\" srcset=\"https:\/\/fedai.az\/wp-content\/uploads\/2021\/09\/242639886_226099776154914_8923381710708930766_n-1024x766.jpg 1024w, https:\/\/fedai.az\/wp-content\/uploads\/2021\/09\/242639886_226099776154914_8923381710708930766_n-300x225.jpg 300w, https:\/\/fedai.az\/wp-content\/uploads\/2021\/09\/242639886_226099776154914_8923381710708930766_n-150x112.jpg 150w, https:\/\/fedai.az\/wp-content\/uploads\/2021\/09\/242639886_226099776154914_8923381710708930766_n-768x575.jpg 768w, https:\/\/fedai.az\/wp-content\/uploads\/2021\/09\/242639886_226099776154914_8923381710708930766_n.jpg 1280w\" sizes=\"auto, (max-width: 1024px) 100vw, 1024px\" \/><\/figure>\n","protected":false},"excerpt":{"rendered":"<p>Kimya elml\u0259ri doktoru, professor, Az\u0259rbaycan Milli Elml\u0259r Akademiyas\u0131n\u0131n h\u0259qiqi \u00fczv\u00fc (akademik), &#171;\u015e\u00f6hr\u0259t&#187; ordenli, \u0259m\u0259kdar elm xadimi R\u0259fiq\u0259 \u018flirza q\u0131z\u0131 \u018fliyevan\u0131n do\u011fum g\u00fcn\u00fc qeyd olunub.<\/p>\n","protected":false},"author":2,"featured_media":48914,"comment_status":"closed","ping_status":"closed","sticky":false,"template":"","format":"standard","meta":{"footnotes":""},"categories":[3],"tags":[],"class_list":["post-48909","post","type-post","status-publish","format-standard","has-post-thumbnail","hentry","category-gundm"],"aioseo_notices":[],"_links":{"self":[{"href":"https:\/\/fedai.az\/index.php?rest_route=\/wp\/v2\/posts\/48909","targetHints":{"allow":["GET"]}}],"collection":[{"href":"https:\/\/fedai.az\/index.php?rest_route=\/wp\/v2\/posts"}],"about":[{"href":"https:\/\/fedai.az\/index.php?rest_route=\/wp\/v2\/types\/post"}],"author":[{"embeddable":true,"href":"https:\/\/fedai.az\/index.php?rest_route=\/wp\/v2\/users\/2"}],"replies":[{"embeddable":true,"href":"https:\/\/fedai.az\/index.php?rest_route=%2Fwp%2Fv2%2Fcomments&post=48909"}],"version-history":[{"count":4,"href":"https:\/\/fedai.az\/index.php?rest_route=\/wp\/v2\/posts\/48909\/revisions"}],"predecessor-version":[{"id":48948,"href":"https:\/\/fedai.az\/index.php?rest_route=\/wp\/v2\/posts\/48909\/revisions\/48948"}],"wp:featuredmedia":[{"embeddable":true,"href":"https:\/\/fedai.az\/index.php?rest_route=\/wp\/v2\/media\/48914"}],"wp:attachment":[{"href":"https:\/\/fedai.az\/index.php?rest_route=%2Fwp%2Fv2%2Fmedia&parent=48909"}],"wp:term":[{"taxonomy":"category","embeddable":true,"href":"https:\/\/fedai.az\/index.php?rest_route=%2Fwp%2Fv2%2Fcategories&post=48909"},{"taxonomy":"post_tag","embeddable":true,"href":"https:\/\/fedai.az\/index.php?rest_route=%2Fwp%2Fv2%2Ftags&post=48909"}],"curies":[{"name":"wp","href":"https:\/\/api.w.org\/{rel}","templated":true}]}}