{"id":48916,"date":"2021-09-21T14:56:22","date_gmt":"2021-09-21T10:56:22","guid":{"rendered":"https:\/\/fedai.az\/?p=48916"},"modified":"2021-09-21T14:56:27","modified_gmt":"2021-09-21T10:56:27","slug":"27-sentyabr-2021-ci-ild%c9%99-44-gunluk-v%c9%99t%c9%99n-muharib%c9%99sinin-baslamasinin-1-ili-tamam-olur","status":"publish","type":"post","link":"https:\/\/fedai.az\/?p=48916","title":{"rendered":"27 sentyabr 2021-ci ild\u0259, 44 g\u00fcnl\u00fck V\u0259t\u0259n M\u00fcharib\u0259sinin ba\u015flamas\u0131n\u0131n 1 ili tamam olur"},"content":{"rendered":"\n<p><strong>\u00a0Birlik, irad\u0259 v\u0259 \u0259zmkarl\u0131q, m\u0259hz m\u00f6ht\u0259\u015f\u0259m q\u0259l\u0259b\u0259nin qazan\u0131lmas\u0131nda \u0259sas rol oynad\u0131!..<\/strong><\/p>\n\n\n\n<p>\u00a0<strong>M\u0259lumdur ki, ill\u0259rl\u0259 davam ed\u0259n erm\u0259nil\u0259rin biz\u0259 qar\u015f\u0131 m\u0259qs\u0259dy\u00f6nl\u00fc \u015f\u0259kild\u0259 y\u00f6n\u0259lmi\u015f olan d\u00fc\u015fm\u0259n\u00e7ilik siyas\u0259ti, bu g\u00fcn d\u0259 davam etm\u0259kd\u0259dir. Erm\u0259nil\u0259rin xalq\u0131m\u0131za qar\u015f\u0131 d\u00fc\u015fm\u0259n\u00e7ilik siyas\u0259ti 200 ild\u0259n art\u0131q bir zaman k\u0259siyind\u0259 \u2013 \u00e7ar Rusiyas\u0131 zaman\u0131 \u0259z\u0259li Az\u0259rbaycan torpa\u011f\u0131 Qaraba\u011fa k\u00f6\u00e7\u00fcr\u00fcld\u00fckl\u0259ri vaxtdan ba\u015flayaraq bu g\u00fcn\u0259 q\u0259d\u0259r davam edir. M\u0259skunla\u015fd\u0131qlar\u0131 ilk g\u00fcnd\u0259n Az\u0259rbaycan toponiml\u0259rini d\u0259yi\u015fm\u0259y\u0259 ba\u015flam\u0131\u015f, m\u00fcnbit \u0259razil\u0259ri \u0259l\u0259 ke\u00e7irm\u0259y\u0259 \u00e7al\u0131\u015fm\u0131\u015f, \u0259ks\u0259riyy\u0259t t\u0259\u015fkil etdikl\u0259ri ya\u015fay\u0131\u015f m\u0259nt\u0259q\u0259l\u0259rind\u0259 az\u0259rbaycanl\u0131lar\u0131 s\u0131x\u0131\u015fd\u0131rm\u0131\u015flar (Az\u0259rbaycanl\u0131lara qar\u015f\u0131 etnik d\u00f6z\u00fcms\u00fczl\u00fck \u00e7ar Rusiyas\u0131ndan sonrak\u0131 ill\u0259rd\u0259 d\u0259 davam etmi\u015fdir).<\/strong><\/p>\n\n\n\n<figure class=\"wp-block-image size-large is-resized\"><img loading=\"lazy\" decoding=\"async\" src=\"https:\/\/fedai.az\/wp-content\/uploads\/2021\/09\/ilham4.jpg\" alt=\"\" class=\"wp-image-48917\" width=\"1091\" height=\"681\" srcset=\"https:\/\/fedai.az\/wp-content\/uploads\/2021\/09\/ilham4.jpg 850w, https:\/\/fedai.az\/wp-content\/uploads\/2021\/09\/ilham4-300x187.jpg 300w, https:\/\/fedai.az\/wp-content\/uploads\/2021\/09\/ilham4-150x94.jpg 150w, https:\/\/fedai.az\/wp-content\/uploads\/2021\/09\/ilham4-768x479.jpg 768w, https:\/\/fedai.az\/wp-content\/uploads\/2021\/09\/ilham4-115x73.jpg 115w\" sizes=\"auto, (max-width: 1091px) 100vw, 1091px\" \/><\/figure>\n\n\n\n<p> Rusiya inqilablar\u0131n\u0131n yaratd\u0131\u011f\u0131 \u015f\u0259raitd\u0259n sui-istifad\u0259 ed\u0259r\u0259k erm\u0259ni q\u0259sbkarlar\u0131 1905-1907-ci v\u0259 1918-ci ill\u0259rd\u0259 y\u00fcz minl\u0259rl\u0259 soyda\u015f\u0131m\u0131z\u0131 v\u0259h\u015fic\u0259sin\u0259 q\u0259tl\u0259 yetirmi\u015fl\u0259r. 1918-1920-ci ill\u0259r is\u0259 xalq\u0131m\u0131z\u0131n yadda\u015f\u0131nda erm\u0259ni silahl\u0131 quldur d\u0259st\u0259l\u0259rinin x\u00fcsusi q\u0259ddarl\u0131\u011f\u0131 il\u0259 yadda qalm\u0131\u015fd\u0131r. H\u0259min ill\u0259rd\u0259 \u0130r\u0259vanda, D\u0259r\u0259l\u0259y\u0259zd\u0259, Z\u0259ng\u0259zurda, G\u00f6y\u00e7\u0259d\u0259, Tiflisd\u0259, Nax\u00e7\u0131vanda, Bak\u0131da, G\u0259nc\u0259d\u0259, \u015eamax\u0131da, Qubada, L\u0259nk\u0259randa, Qaraba\u011fda, Mu\u011fanda, G\u00f6y\u00e7ayda on minl\u0259rl\u0259 dinc az\u0259rbaycanl\u0131 \u0259hali soyq\u0131r\u0131m\u0131na m\u0259ruz qalm\u0131\u015f, ya\u015fad\u0131qlar\u0131 yerl\u0259rd\u0259n qovulmu\u015f, onlara i\u015fg\u0259nc\u0259l\u0259r verilmi\u015f, y\u00fczl\u0259rl\u0259 ya\u015fay\u0131\u015f m\u0259nt\u0259q\u0259si da\u011f\u0131d\u0131l\u0131b yerl\u0259 yeksan edilmi\u015fdir. Az\u0259rbaycanl\u0131lar\u0131n \u00f6z tarixi-etnik torpaqlar\u0131ndan qovulmas\u0131 sovet d\u00f6vr\u00fcnd\u0259 d\u0259 davam etmi\u015fdir.<\/p>\n\n\n\n<p>1948-1953-c\u00fc ill\u0259rd\u0259 Erm\u0259nistandak\u0131 \u00f6z tarixi d\u0259d\u0259-baba torpaqlar\u0131ndan 150 min az\u0259rbaycanl\u0131 deportasiya olunaraq Az\u0259rbaycan\u0131n K\u00fcr-Araz d\u00fcz\u0259nliyind\u0259 yerl\u0259\u015fdirilmi\u015fdir. 1988-ci ild\u0259 daha 250 min az\u0259rbaycanl\u0131 \u00f6z do\u011fma yurdundan qovulmu\u015f, bununla da Erm\u0259nistan monoetnik d\u00f6vl\u0259t\u0259 \u00e7evrilmi\u015fdir. 1988-ci ild\u0259 ba\u015flayan Qaraba\u011f hadis\u0259l\u0259ri, erm\u0259ni ideoloqlar\u0131n\u0131n \u201cd\u0259nizd\u0259n d\u0259niz\u0259 Erm\u0259nistan\u201d adl\u0131 s\u0259rs\u0259m ideyas\u0131n\u0131 realla\u015fd\u0131rmaq c\u0259hdi k\u0259ndl\u0259rin, \u015f\u0259h\u0259rl\u0259rin da\u011f\u0131lmas\u0131, on minl\u0259r\u0259 g\u00fcnahs\u0131z insan\u0131n \u00f6l\u00fcm\u00fc, y\u00fcz minl\u0259rl\u0259 az\u0259rbaycanl\u0131n\u0131n \u00f6z tarixi torpaqlar\u0131ndan did\u0259rgin d\u00fc\u015fm\u0259si il\u0259 n\u0259tic\u0259l\u0259nmi\u015fdir. Dan\u0131lmaz bir tarixi faktd\u0131r ki, erm\u0259nil\u0259rin tarixi \u0259razil\u0259rimizd\u0259 h\u0259yata ke\u00e7irdikl\u0259ri soyq\u0131r\u0131m\u0131 siyas\u0259tin\u0259 ilk d\u0259f\u0259 \u00dcmummilli Lider Heyd\u0259r \u018fliyev t\u0259r\u0259find\u0259n siyasi-h\u00fcquqi qiym\u0259t verilmi\u015fdir. Ulu \u00d6nd\u0259rin 1998-ci ild\u0259 imzalad\u0131\u011f\u0131 F\u0259rman il\u0259 31 mart tarixi Az\u0259rbaycanl\u0131lar\u0131n Soyq\u0131r\u0131m\u0131 G\u00fcn\u00fc elan edilmi\u015fdir. Bildiyimiz kimi, xarici havadarlar\u0131 t\u0259r\u0259find\u0259n silahland\u0131r\u0131lan erm\u0259nil\u0259r Az\u0259rbaycan \u0259razisinin 20%-ni i\u015f\u011fal etmi\u015fl\u0259r. \u0130\u015f\u011fal zaman\u0131 ya\u015fay\u0131\u015f m\u0259nt\u0259q\u0259l\u0259ri da\u011f\u0131d\u0131lm\u0131\u015f, dinc \u0259hali amans\u0131zcas\u0131na q\u0259tl\u0259 yetirilmi\u015fdir. Ba\u015fl\u0131bel, A\u011fdaban v\u0259 Baqanis-Ayr\u0131m k\u0259ndl\u0259rind\u0259 t\u00f6r\u0259dilmi\u015f v\u0259h\u015filikl\u0259r erm\u0259ni fa\u015fizminin \u0259sl simas\u0131n\u0131 g\u00f6st\u0259rir. Dinc az\u0259rbaycanl\u0131lara qar\u015f\u0131 t\u00f6r\u0259dil\u0259n q\u0259tliamlar i\u00e7\u0259risind\u0259 Xocal\u0131 q\u0259tliam\u0131 x\u00fcsusi q\u0259ddarl\u0131\u011f\u0131 il\u0259 se\u00e7ilir. <\/p>\n\n\n\n<p>1992-ci il fevral\u0131n 26-da Erm\u0259nistan h\u0259rbi birl\u0259\u015fm\u0259l\u0259ri 7 min \u0259halisi olan Xocal\u0131 \u015f\u0259h\u0259rind\u0259 soyq\u0131r\u0131m\u0131 h\u0259yata ke\u00e7irmi\u015fdir. Xocal\u0131 soyq\u0131r\u0131m\u0131 zaman\u0131 613 n\u0259f\u0259r, o c\u00fcml\u0259d\u0259n 106 qad\u0131n, 63 azya\u015fl\u0131 u\u015faq, 70 qoca \u00f6ld\u00fcr\u00fclmu\u015f, 8 ail\u0259 tamamil\u0259 m\u0259hv edilmi\u015f, 25 u\u015faq h\u0259r iki valideynini, 130 n\u0259f\u0259r valideynl\u0259rind\u0259n birini itirmi\u015f, 1000 n\u0259f\u0259r m\u00fcxt\u0259lif ya\u015fl\u0131 dinc sakin ald\u0131\u011f\u0131 g\u00fcll\u0259 yaras\u0131ndan \u0259lil olmu\u015fdur. Soyq\u0131r\u0131m\u0131 ba\u015f ver\u0259n gec\u0259 1275 n\u0259f\u0259r dinc sakin girov g\u00f6t\u00fcr\u00fclm\u00fc\u015fd\u00fcr v\u0259 onlardan 150-sinin taleyi indi d\u0259 m\u0259lum deyil. B\u00fct\u00f6vl\u00fckd\u0259 Az\u0259rbaycan xalq\u0131na qar\u015f\u0131 y\u00f6n\u0259ldilmi\u015f Xocal\u0131 soyq\u0131r\u0131m\u0131 \u00f6z a\u011flas\u0131\u011fmaz q\u0259ddarl\u0131\u011f\u0131 v\u0259 qeyri-insani c\u0259za \u00fcsullar\u0131 il\u0259 b\u0259\u015f\u0259r tarixind\u0259 bir v\u0259h\u015filik akt\u0131d\u0131r. Bu soyq\u0131r\u0131m\u0131, eyni zamanda, b\u00fct\u00fcn b\u0259\u015f\u0259riyy\u0259t\u0259 qar\u015f\u0131 cinay\u0259tdir. 30 il davam ed\u0259n beyn\u0259lxalq riyakarl\u0131q b\u00fct\u00fcn d\u00fcnyaya Erm\u0259nistan\u0131n h\u0259r \u00fcz\u00fcn\u00fc a\u00e7\u0131q \u015f\u0259kild\u0259 g\u00f6st\u0259rdi. Da\u011fl\u0131q Qaraba\u011f m\u00fcnaqi\u015f\u0259sinin nizamlanmas\u0131 \u00fc\u00e7\u00fcn 24 mart 1992-ci ild\u0259 t\u0259sis olunmu\u015f AT\u018fM-in (indiki AT\u018fT) Minsk Qrupu f\u0259aliyy\u0259tinin 29 ili \u0259rzind\u0259 m\u0259s\u0259l\u0259nin h\u0259llin\u0259 yox, dondurulmas\u0131na \u00e7al\u0131\u015fm\u0131\u015f v\u0259 bununla da ill\u0259r \u0259rzind\u0259 apar\u0131lan dan\u0131\u015f\u0131qlar n\u0259tic\u0259siz qalm\u0131\u015fd\u0131r. H\u0259m i\u015f\u011fal\u00e7\u0131ya, h\u0259m d\u0259 i\u015f\u011fala m\u0259ruz qalm\u0131\u015f t\u0259r\u0259f\u0259 eyni m\u00fcnasib\u0259t b\u0259sl\u0259nilmi\u015f v\u0259 beyn\u0259lxalq q\u0259tnam\u0259l\u0259r ka\u011f\u0131z \u00fcz\u0259rind\u0259 qalm\u0131\u015fd\u0131r. M\u0259suliyy\u0259tli \u00f6lk\u0259 olaraq Az\u0259rbaycan daim beyn\u0259lxalq h\u00fcquqa sadiqliyini n\u00fcmayi\u015f etdirmi\u015f v\u0259 m\u00fcnaqi\u015f\u0259nin dan\u0131\u015f\u0131qlar vasit\u0259sil\u0259 h\u0259llin\u0259 \u00e7al\u0131\u015fm\u0131\u015fd\u0131r. Dig\u0259r bir m\u00f6t\u0259b\u0259r beyn\u0259lxalq t\u0259\u015fkilat, BMT d\u0259 i\u015f\u011fal\u00e7\u0131 Erm\u0259nistana t\u0259zyiq g\u00f6st\u0259rm\u0259kd\u0259 acizlik n\u00fcmayi\u015f etdirmi\u015f, t\u0259r\u0259fl\u0259ri s\u00fclh\u0259 \u00e7a\u011f\u0131ran b\u0259yanatlarla kifay\u0259tl\u0259nmi\u015fdir. BMT T\u0259hl\u00fck\u0259sizlik \u015euras\u0131n\u0131n Erm\u0259nistan silahl\u0131 q\u00fcvv\u0259l\u0259rinin i\u015f\u011fal olunmu\u015f Az\u0259rbaycan \u0259razil\u0259rind\u0259n d\u0259rhal \u00e7\u0131xar\u0131lmas\u0131n\u0131 t\u0259l\u0259b ed\u0259n 4 q\u0259tnam\u0259si 27 il ka\u011f\u0131z \u00fcz\u0259rind\u0259 qalm\u0131\u015f v\u0259 icra olunmam\u0131\u015fd\u0131r. \u0130\u015f\u011fala son qoyulmas\u0131 is\u0259, Erm\u0259nistan\u0131n b\u00fct\u00fcn \u00fcmidl\u0259rini p\u00fc\u00e7 etdi. B\u00fct\u00fcn bu ill\u0259r \u0259rzind\u0259 Erm\u0259nistan i\u015f\u011fal\u00e7\u0131 siyas\u0259tini davam etdirmi\u015f, \u0259razil\u0259rimizd\u0259 t\u0259xribatlar t\u00f6r\u0259tmi\u015f, t\u0259mas x\u0259tti boyunca ya\u015fayan dinc \u0259halimiz\u0259 m\u00fct\u0259madi at\u0259\u015f a\u00e7m\u0131\u015f, onlar\u0131n rahat ya\u015famas\u0131na imkan verm\u0259mi\u015fdir.<\/p>\n\n\n\n<figure class=\"wp-block-image size-large is-resized\"><img loading=\"lazy\" decoding=\"async\" src=\"https:\/\/fedai.az\/wp-content\/uploads\/2021\/09\/16106968344357251863_1000x669.jpg\" alt=\"\" class=\"wp-image-48919\" width=\"1085\" height=\"723\" srcset=\"https:\/\/fedai.az\/wp-content\/uploads\/2021\/09\/16106968344357251863_1000x669.jpg 590w, https:\/\/fedai.az\/wp-content\/uploads\/2021\/09\/16106968344357251863_1000x669-300x200.jpg 300w, https:\/\/fedai.az\/wp-content\/uploads\/2021\/09\/16106968344357251863_1000x669-150x100.jpg 150w\" sizes=\"auto, (max-width: 1085px) 100vw, 1085px\" \/><\/figure>\n\n\n\n<p>2016-c\u0131 il aprel ay\u0131nda L\u0259l\u0259t\u0259p\u0259 v\u0259 2020-ci il iyul ay\u0131nda Tovuz d\u00f6y\u00fc\u015fl\u0259ri zaman\u0131 Az\u0259rbaycan bu i\u015f\u011falla bar\u0131\u015fmayaca\u011f\u0131n\u0131 n\u00fcmayi\u015f etdirmi\u015fdir, lakin Erm\u0259nistan bu d\u00f6y\u00fc\u015fl\u0259rd\u0259n d\u0259 n\u0259tic\u0259 \u00e7\u0131xarmam\u0131\u015f, Az\u0259rbaycana qar\u015f\u0131 diversiyalar\u0131 davam etdirmi\u015f, erm\u0259ni siyas\u0259t\u00e7il\u0259ri a\u015fa\u011f\u0131layac\u0131 v\u0259 t\u0259xribat\u00e7\u0131 b\u0259yanatlar vermi\u015fl\u0259r. 2020-ci il 27 sentyabr tarixind\u0259 Erm\u0259nistan t\u0259r\u0259find\u0259n n\u00f6vb\u0259ti h\u0259rbi t\u0259xribat t\u00f6r\u0259dilmi\u015f, Az\u0259rbaycan\u0131n ya\u015fay\u0131\u015f m\u0259nt\u0259q\u0259l\u0259ri v\u0259 d\u00f6y\u00fc\u015f m\u00f6vqel\u0259ri \u015fidd\u0259tli artilleriya at\u0259\u015fin\u0259 tutulmu\u015fdur. N\u0259tic\u0259d\u0259, h\u0259rbi qulluq\u00e7ular il\u0259 yana\u015f\u0131 Az\u0259rbaycan\u0131n 11 dinc sakini, o c\u00fcml\u0259d\u0259n 2 u\u015faq h\u0259lak olmu\u015fdur. D\u00fc\u015fm\u0259nin h\u0259rbi t\u0259xribat\u0131n\u0131 d\u0259f etm\u0259k v\u0259 t\u0259cav\u00fcz\u00fcn\u0259 son qoymaq m\u0259qs\u0259dil\u0259 Silahl\u0131 Q\u00fcvv\u0259l\u0259rin Ali Ba\u015f Komandan\u0131 \u0130lham \u018fliyev d\u0259rhal b\u00fct\u00fcn c\u0259bh\u0259 boyu \u0259ks-h\u00fccuma ke\u00e7m\u0259k \u0259mri vermi\u015fdir. Bel\u0259likl\u0259 d\u0259, Az\u0259rbaycan Ordusu M\u00fcz\u0259ff\u0259r Ali Ba\u015f Komandan\u0131n r\u0259hb\u0259rliyi il\u0259 \u00f6lk\u0259nin \u0259razi b\u00fct\u00f6vl\u00fcy\u00fcn\u00fc, tarixi \u0259dal\u0259ti, beyn\u0259lxalq h\u00fcququ b\u0259rpa etmi\u015fdir. \u0130\u015f\u011fal\u0131n ac\u0131 n\u0259tic\u0259l\u0259rini ill\u0259rl\u0259 ya\u015fad\u0131q v\u0259 sonda haqq-\u0259dal\u0259t \u00f6z yerini tapd\u0131. Erm\u0259nistan silahl\u0131 q\u00fcvv\u0259l\u0259rinin Az\u0259rbaycan torpaqlar\u0131n\u0131 i\u015f\u011fal etm\u0259si az\u0259rbaycanl\u0131lar\u0131 do\u011fma yurd-yuvalar\u0131ndan did\u0259rgin salmaqla yana\u015f\u0131, \u00f6lk\u0259mizin iqtisadiyyat\u0131na v\u0259 m\u0259d\u0259ni irsin\u0259 d\u0259 a\u011f\u0131r z\u0259rb\u0259 vurmu\u015fdur. Bir milyondan \u00e7ox az\u0259rbaycanl\u0131 30 il \u0259rzind\u0259 qa\u00e7q\u0131n v\u0259 m\u0259cburi k\u00f6\u00e7k\u00fcn h\u0259yat\u0131 s\u00fcrm\u0259y\u0259 m\u0259cbur olmu\u015fdur. <\/p>\n\n\n\n<figure class=\"wp-block-image size-large\"><img loading=\"lazy\" decoding=\"async\" width=\"1024\" height=\"699\" src=\"https:\/\/fedai.az\/wp-content\/uploads\/2021\/09\/116-1024x699.jpg\" alt=\"\" class=\"wp-image-48922\" srcset=\"https:\/\/fedai.az\/wp-content\/uploads\/2021\/09\/116-1024x699.jpg 1024w, https:\/\/fedai.az\/wp-content\/uploads\/2021\/09\/116-300x205.jpg 300w, https:\/\/fedai.az\/wp-content\/uploads\/2021\/09\/116-150x102.jpg 150w, https:\/\/fedai.az\/wp-content\/uploads\/2021\/09\/116-768x524.jpg 768w, https:\/\/fedai.az\/wp-content\/uploads\/2021\/09\/116-1536x1048.jpg 1536w, https:\/\/fedai.az\/wp-content\/uploads\/2021\/09\/116.jpg 1600w\" sizes=\"auto, (max-width: 1024px) 100vw, 1024px\" \/><\/figure>\n\n\n\n<p>Erm\u0259nistan bu m\u00fcdd\u0259t \u0259rzind\u0259 i\u015f\u011fal alt\u0131nda saxlad\u0131\u011f\u0131 Az\u0259rbaycan \u0259razil\u0259rini ac\u0131nacaql\u0131 v\u0259ziyy\u0259t\u0259 salm\u0131\u015f, \u015f\u0259h\u0259r v\u0259 k\u0259ndl\u0259rd\u0259 infrastrukturu tamamil\u0259 m\u0259hv etmi\u015f, Az\u0259rbaycana milyardlarla dollar d\u0259y\u0259rind\u0259 maddi ziyan vurmu\u015fdur. Bu proses m\u0259d\u0259niyy\u0259t abid\u0259l\u0259rinin m\u0259hvind\u0259n d\u0259 yan ke\u00e7m\u0259di. \u0130\u015f\u011fal zaman\u0131 m\u00fclki v\u0259 t\u0259s\u0259rr\u00fcfat obyektl\u0259ri il\u0259 yana\u015f\u0131, Az\u0259rbaycan\u0131n misilsiz m\u0259d\u0259niyy\u0259t abid\u0259l\u0259ri d\u0259 m\u0259hv edilmi\u015fdir. Erm\u0259nistan t\u0259r\u0259find\u0259n i\u015f\u011fal edilmi\u015f q\u0259dim Az\u0259rbaycan torpaqlar\u0131nda 13 d\u00fcnya \u0259h\u0259miyy\u0259tli (6 memarl\u0131q v\u0259 7 arxeoloji), 292 \u00f6lk\u0259 \u0259h\u0259miyy\u0259tli (119 memarl\u0131q v\u0259 173 arxeoloji) v\u0259 330 yerli \u0259h\u0259miyy\u0259tli (270 memarl\u0131q, 22 arxeoloji, 23 ba\u011f, park, monumental v\u0259 xatir\u0259 abid\u0259l\u0259ri, 15 dekorativ s\u0259n\u0259t n\u00fcmun\u0259si) tarix v\u0259 m\u0259d\u0259niyy\u0259t abid\u0259l\u0259ri olmu\u015fdur. Bununla yana\u015f\u0131, 40 mind\u0259n art\u0131q eksponat\u0131n topland\u0131\u011f\u0131 22\u00a0muzey, 4,6 milyon kitab fondu olan 927 kitabxana, 808 klub, 4 teatr v\u0259 2 konsert salonu, 31 m\u0259scid, 9 tarixi saray, 8 m\u0259d\u0259niyy\u0259t v\u0259 istirah\u0259t park\u0131, 4 r\u0259sm qalereyas\u0131, 85 musiqi m\u0259kt\u0259bi, 103200 \u0259d\u0259d mebel avadanl\u0131\u011f\u0131, 5640 musiqi al\u0259ti, 481 kinoqur\u011fu, 20 \u0259d\u0259d kinokamera, 423 videomaqnitafon, 5920 d\u0259st milli ki\u015fi v\u0259 qad\u0131n geyiml\u0259ri, 40 d\u0259st s\u0259sg\u00fccl\u0259ndirici, 25 iri v\u0259 40 ki\u00e7ik h\u0259cmli attraksion i\u015f\u011fal olunmu\u015f \u0259razil\u0259rd\u0259 qalm\u0131\u015fd\u0131r.<\/p>\n\n\n\n<p>Art\u0131q bu g\u00fcn qalib xalq\u0131n q\u0259hr\u0259man Ordusu \u00f6z s\u00f6z\u00fcn\u00fc dedi. \u00d6lk\u0259nin h\u0259rbi q\u00fcdr\u0259ti artm\u0131\u015f, u\u011furlu ordu quruculu\u011funun n\u0259tic\u0259sind\u0259 tarixi Z\u0259f\u0259r qazan\u0131lm\u0131\u015fd\u0131r. \u00dcmummilli Lider Heyd\u0259r \u018fliyevin m\u00fcst\u0259sna xidm\u0259tl\u0259ri say\u0259sind\u0259 formala\u015fan v\u0259 inki\u015faf yoluna q\u0259d\u0259m qoyan Az\u0259rbaycan Silahl\u0131 Q\u00fcvv\u0259l\u0259ri bu g\u00fcn M\u00fcz\u0259ff\u0259r Ali Ba\u015f Komandan \u0130lham \u018fliyevin r\u0259hb\u0259rliyi alt\u0131nda \u00f6z \u015f\u0259r\u0259fli missiyas\u0131n\u0131 u\u011furla davam etdirir. M\u0259hz bu u\u011furlu siyas\u0259t n\u0259tic\u0259sind\u0259 Az\u0259rbaycan Ordusu d\u00fcnyan\u0131n \u0259n g\u00fccl\u00fc ordular\u0131 s\u0131ras\u0131ndad\u0131r. Ordumuzun m\u00fcasir texnika il\u0259 t\u0259chizat\u0131, m\u00fcnt\u0259z\u0259m olaraq ke\u00e7irilmi\u015f t\u0259liml\u0259r, ordumuzun d\u00f6y\u00fc\u015f potensial\u0131n\u0131n g\u00fccl\u0259ndirilm\u0259si, h\u0259rbi s\u0259nayenin yarad\u0131lmas\u0131 v\u0259 idxaldan m\u00fc\u0259yy\u0259n d\u0259r\u0259c\u0259d\u0259 as\u0131l\u0131l\u0131\u011f\u0131n azald\u0131lmas\u0131 \u2013 b\u00fct\u00fcn bunlar m\u0259qs\u0259dy\u00f6nl\u00fc \u015f\u0259kild\u0259 apar\u0131lan siyas\u0259tin t\u0259rkib hiss\u0259sidir. Bu g\u00fcn Az\u0259rbaycan Ordusu C\u0259nubi Qafqaz\u0131n \u0259n q\u00fcdr\u0259tli ordusudur. Az\u0259rbaycan Ordusu d\u00f6y\u00fc\u015f haz\u0131rl\u0131\u011f\u0131na g\u00f6r\u0259 MDB m\u0259kan\u0131nda \u00f6n s\u0131ralarda gedir. \u00d6t\u0259n 17 ild\u0259 \u00f6lk\u0259mizin m\u00fcdafi\u0259 sisteminin m\u00f6hk\u0259ml\u0259ndirilm\u0259si, Silahl\u0131 Q\u00fcvv\u0259l\u0259rd\u0259 apar\u0131lan islahatlar v\u0259 bunun n\u0259tic\u0259si olaraq ba\u015f ver\u0259n keyfiyy\u0259t d\u0259yi\u015fiklikl\u0259r M\u00fcz\u0259ff\u0259r Ali Ba\u015f Komandan \u0130lham \u018fliyevin ordu quruculu\u011fundak\u0131 davaml\u0131 i\u015finin n\u0259tic\u0259sidir. Milli h\u0259mr\u0259yliyin, pe\u015f\u0259kar r\u0259hb\u0259rliyin, effektiv h\u0259rbi strategiyan\u0131n v\u0259 Ordumuzun g\u00fcc\u00fc d\u00fc\u015fm\u0259ni kapitulyasiya akt\u0131na imza atma\u011fa m\u0259cbur etmi\u015fdir. V\u0259t\u0259n m\u00fcharib\u0259si n\u0259tic\u0259sind\u0259 Erm\u0259nistan\u0131n i\u015f\u011fal\u00e7\u0131l\u0131q siyas\u0259tin\u0259 son qoyuldu. Q\u0259hr\u0259man h\u0259rb\u00e7il\u0259rimizin \u015f\u00fcca\u0259ti, r\u0259\u015fad\u0259ti hesab\u0131na, \u015f\u0259hidl\u0259rimizin qan\u0131-can\u0131 bahas\u0131na b\u00fct\u00fcn d\u00fcnya Az\u0259rbaycan\u0131n \u015fanl\u0131 q\u0259l\u0259b\u0259sinin \u015fahidi oldu. M\u00fcxt\u0259lif dair\u0259l\u0259rd\u0259n olan m\u00fcnt\u0259z\u0259m t\u0259zyiq v\u0259 t\u0259hdidl\u0259r\u0259 r\u0259\u011fm\u0259n Az\u0259rbaycan \u00f6z haqq sava\u015f\u0131nda z\u0259f\u0259r \u00e7ald\u0131. <\/p>\n\n\n\n<p>Bu Z\u0259f\u0259r say\u0259sind\u0259 \u201cErm\u0259nistan\u0131n g\u00fccl\u00fc ordusu var\u201d, \u201cerm\u0259ni xalq\u0131 d\u00f6y\u00fc\u015fk\u0259n xalqd\u0131r\u201d, \u201cAz\u0259rbaycan xalq\u0131 d\u00f6y\u00fc\u015f\u0259 bilmir\u201d kimi mifl\u0259r\u0259 bird\u0259f\u0259lik son qoyuldu. Art\u0131q, Az\u0259rbaycan Ordusu h\u0259rb tarixind\u0259 yeni d\u00f6y\u00fc\u015f taktikalar\u0131n\u0131n m\u00fc\u0259llifidir. B\u0259zi apar\u0131c\u0131 Q\u0259rb m\u0259tbu orqanlar\u0131nda, habel\u0259 AB\u015e-\u0131n Milli M\u00fcharib\u0259 Kollecinin (National War College) v\u0259 Seton Hall Universitetinin Diplomatiya v\u0259 Beyn\u0259lxalq M\u00fcnasib\u0259tl\u0259r M\u0259kt\u0259binin analitik n\u0259\u015frl\u0259rind\u0259 Az\u0259rbaycan Ordusunun h\u0259rbi taktikas\u0131 \u00f6yr\u0259nil\u0259rk\u0259n bel\u0259 q\u0259na\u0259t\u0259 g\u0259linib ki, bizim qar\u015f\u0131m\u0131zda h\u0259tta d\u00fcnyan\u0131n apar\u0131c\u0131 \u00f6lk\u0259si olsayd\u0131 bel\u0259 onun da he\u00e7 bir \u015fans\u0131 olmayacaqd\u0131. Az\u0259rbaycan Ordusu ist\u0259nil\u0259n v\u0259zif\u0259ni icra etm\u0259y\u0259 qadirdir. II Qaraba\u011f m\u00fcharib\u0259si zaman\u0131 istifad\u0259 olunan d\u00f6y\u00fc\u015f taktikas\u0131 d\u00fcnya h\u0259rb tarixind\u0259 yenilik hesab olunur v\u0259 m\u00fcvafiq ali h\u0259rbi m\u0259kt\u0259bl\u0259rin d\u0259rslikl\u0259rin\u0259 sal\u0131naraq \u00f6yr\u0259nilir. <\/p>\n\n\n\n<figure class=\"wp-block-image size-large is-resized\"><img loading=\"lazy\" decoding=\"async\" src=\"https:\/\/fedai.az\/wp-content\/uploads\/2021\/09\/modern.az-12.05.2021-1620835291.jpg\" alt=\"\" class=\"wp-image-48932\" width=\"1095\" height=\"684\" srcset=\"https:\/\/fedai.az\/wp-content\/uploads\/2021\/09\/modern.az-12.05.2021-1620835291.jpg 800w, https:\/\/fedai.az\/wp-content\/uploads\/2021\/09\/modern.az-12.05.2021-1620835291-300x188.jpg 300w, https:\/\/fedai.az\/wp-content\/uploads\/2021\/09\/modern.az-12.05.2021-1620835291-150x94.jpg 150w, https:\/\/fedai.az\/wp-content\/uploads\/2021\/09\/modern.az-12.05.2021-1620835291-768x480.jpg 768w, https:\/\/fedai.az\/wp-content\/uploads\/2021\/09\/modern.az-12.05.2021-1620835291-115x73.jpg 115w\" sizes=\"auto, (max-width: 1095px) 100vw, 1095px\" \/><\/figure>\n\n\n\n<p>AB\u015e H\u0259rbi Akademiyas\u0131 v\u0259 Pentaqonun r\u0259smil\u0259ri Az\u0259rbaycan Ordusunun h\u0259rbi \u0259m\u0259liyyatlar\u0131n\u0131n \u00f6yr\u0259nilm\u0259si z\u0259rur\u0259tini qeyd edirl\u0259r. \u0130ndi is\u0259, d\u00f6y\u00fc\u015f haz\u0131rl\u0131\u011f\u0131 v\u0259 manevr t\u0259cr\u00fcb\u0259sini art\u0131ran birg\u0259 h\u0259rbi t\u0259liml\u0259r\u0259 start verilib. M\u00fcxt\u0259lif d\u00f6vrl\u0259rd\u0259 T\u00fcrkiy\u0259 il\u0259 birg\u0259 ke\u00e7irilmi\u015f h\u0259rbi t\u0259liml\u0259r say\u0259sind\u0259 Az\u0259rbaycan Ordusunun t\u0259cr\u00fcb\u0259si v\u0259 taktik manevr etm\u0259 s\u0259ri\u015ft\u0259si \u0259sasl\u0131 \u015f\u0259kild\u0259 artm\u0131\u015fd\u0131r. H\u0259rbi quruculuq i\u015fi Prezident \u0130lham \u018fliyevin d\u00f6vl\u0259t siyas\u0259tinin strateji prioritetl\u0259rind\u0259ndir. Prezident \u0130lham \u018fliyev demi\u015fdir: \u201c\u018fmin\u0259m ki, Az\u0259rbaycan g\u00fccl\u0259ndikc\u0259 ordumuz da g\u00fccl\u0259n\u0259c\u0259k v\u0259 ordumuz ist\u0259nil\u0259n v\u0259zif\u0259ni h\u0259ll etm\u0259y\u0259 haz\u0131rd\u0131r, buna qadirdir.\u201d \u201cAz\u0259rbaycan Ordusu n\u0259inki b\u00f6lg\u0259d\u0259, h\u0259m h\u0259rbi potensial\u0131na, d\u00f6y\u00fc\u015f qabiliyy\u0259tin\u0259, t\u0259chizata g\u00f6r\u0259 d\u00fcnya miqyas\u0131nda g\u00fccl\u00fc ordular s\u0131ras\u0131ndad\u0131r.\u201d \u201cD\u00fc\u015fm\u0259n bilm\u0259lidir ki, biz ist\u0259nil\u0259n anda m\u0259s\u0259l\u0259ni h\u0259rb yolu il\u0259 h\u0259ll ed\u0259 bil\u0259rik. Ordunun g\u00fccl\u0259nm\u0259si, orduda nizam-intizam\u0131n g\u00fccl\u0259nm\u0259si, ordunun maddi-texniki bazas\u0131n\u0131n m\u00f6hk\u0259ml\u0259nm\u0259si, m\u00fcasir silahlar\u0131n al\u0131nmas\u0131 \u2013 b\u00fct\u00fcn bunlar buna g\u00f6r\u0259dir.\u201d<\/p>\n\n\n\n<p>He\u00e7 kim\u0259 sirr deyil ki, Erm\u0259nistan hakimiyy\u0259ti h\u0259rbi cinay\u0259tkard\u0131r. T\u00f6r\u0259dilmi\u015f cinay\u0259tl\u0259r\u0259 g\u00f6r\u0259 Erm\u0259nistan m\u0259suliyy\u0259t da\u015f\u0131mal\u0131d\u0131r. T\u00f6r\u0259tdiyi b\u00fct\u00fcn cinay\u0259tl\u0259r\u0259 g\u00f6r\u0259 d\u00fc\u015fm\u0259n beyn\u0259lxalq m\u00fcst\u0259vid\u0259 cavab verm\u0259lidir. M\u0259nfur d\u00fc\u015fm\u0259n Az\u0259rbaycan\u0131n ya\u015fay\u0131\u015f m\u0259nt\u0259q\u0259l\u0259rini da\u011f\u0131tm\u0131\u015fd\u0131r. Vandallar i\u015f\u011fal d\u00f6vr\u00fcnd\u0259 b\u00fct\u00fcn binalar\u0131 s\u00f6km\u00fc\u015f v\u0259 talam\u0131\u015flar. B\u00fct\u00fcn d\u00fcnya bu erm\u0259ni v\u0259h\u015filiyi haqq\u0131nda m\u0259lumatland\u0131r\u0131lmal\u0131d\u0131r. R\u0259smi \u0130r\u0259van\u0131n h\u0259rbi cinay\u0259tkar olmas\u0131, onun \u0259sas siyasi m\u00f6vqeyind\u0259n v\u0259 ke\u00e7mi\u015f tarixi faktlardan m\u0259lumd\u0131r. Az\u0259rbaycan Ordusunun z\u0259f\u0259r y\u00fcr\u00fc\u015f\u00fc qar\u015f\u0131s\u0131nda tab g\u0259tir\u0259 bilm\u0259y\u0259n d\u00fc\u015fm\u0259n t\u0259xribatlara \u0259l ataraq dinc m\u00fclki \u015f\u0259xsl\u0259ri h\u0259d\u0259f\u0259 almaqla m\u00fcharib\u0259 cinay\u0259tl\u0259ri t\u00f6r\u0259tmi\u015fdir. Az\u0259rbaycan\u0131n \u015f\u0259h\u0259rl\u0259ri ballistik raketl\u0259rl\u0259, fosforlu v\u0259 kasetli bombalarla at\u0259\u015f\u0259 tutulmu\u015fdur. M\u00fcharib\u0259 d\u00f6vr\u00fcnd\u0259 nam\u0259rd at\u0259\u015fl\u0259r n\u0259tic\u0259sind\u0259 100-\u0259 yax\u0131n m\u00fclki \u015f\u0259xs, onlar\u0131n aras\u0131nda u\u015faqlar, qad\u0131nlar h\u0259lak olmu\u015flar. 400-d\u0259n \u00e7ox m\u00fclki \u015f\u0259xs yaralanm\u0131\u015f, 5 mind\u0259n \u00e7ox ev da\u011f\u0131d\u0131lm\u0131\u015f, ziyan \u00e7\u0259kmi\u015fdir. <\/p>\n\n\n\n<p>A\u011fdam, B\u0259rd\u0259, F\u00fczuli, G\u0259nc\u0259, Goranboy, Naftalan, Ming\u0259\u00e7evir v\u0259 T\u0259rt\u0259r rayonlar\u0131nda \u015f\u0259h\u0259r v\u0259 k\u0259ndl\u0259rin raket at\u0259\u015fin\u0259 tutulmas\u0131 m\u00fcharib\u0259 cinay\u0259tidir. M\u00fcnaqi\u015f\u0259 zonas\u0131nda olmayan \u015f\u0259h\u0259r v\u0259 rayonlar\u0131n at\u0259\u015f\u0259 m\u0259ruz qalmas\u0131, dinc sakinl\u0259rin h\u0259lak olmas\u0131 v\u0259 yaralanmas\u0131 beyn\u0259lxalq ictimaiyy\u0259t t\u0259r\u0259find\u0259n k\u0259skin q\u0131nan\u0131lmal\u0131d\u0131r. Basd\u0131r\u0131lm\u0131\u015f mina x\u0259rit\u0259l\u0259rinin Az\u0259rbaycana t\u0259qdim olunmamas\u0131 r\u0259smi \u0130r\u0259van\u0131n h\u0259rbi cinay\u0259tkar olmas\u0131n\u0131n n\u00f6vb\u0259ti s\u00fcbutudur. Basd\u0131r\u0131lm\u0131\u015f y\u00fcz minl\u0259rl\u0259 mina b\u0259rpa i\u015fl\u0259rini \u0259sasl\u0131 \u015f\u0259kild\u0259 l\u0259ngidir v\u0259 m\u00fclki \u0259halinin h\u0259yat\u0131 \u00fc\u00e7\u00fcn t\u0259hdid t\u00f6r\u0259dir. M\u00fcharib\u0259 ba\u015fa \u00e7atandan bu g\u00fcn\u0259d\u0259k 150-d\u0259n \u00e7ox m\u00fclki \u015f\u0259xs v\u0259 h\u0259rb\u00e7i minaya d\u00fc\u015f\u0259r\u0259k h\u0259lak olmu\u015f v\u0259 ya \u00f6z sa\u011flaml\u0131\u011f\u0131n\u0131 itirmi\u015fdir. Obyektiv h\u0259qiq\u0259tl\u0259rin beyn\u0259lxalq al\u0259m\u0259 \u00e7atd\u0131r\u0131lmas\u0131 \u00fc\u00e7\u00fcn \u00e7al\u0131\u015fan jurnalistl\u0259rin s\u00fclh d\u00f6vr\u00fcnd\u0259 \u00f6z pe\u015f\u0259 v\u0259zif\u0259l\u0259rinin icras\u0131 zaman\u0131 h\u0259lak olmas\u0131 fakt\u0131 d\u00fcnya jurnalistl\u0259ri t\u0259r\u0259find\u0259n q\u0131nan\u0131lmal\u0131d\u0131r. Beyn\u0259lxalq ictimaiyy\u0259tin susmas\u0131 v\u0259 bu c\u00fcr insidentl\u0259r il\u0259 ba\u011fl\u0131 r\u0259smi b\u0259yanat v\u0259 ya q\u0259tnam\u0259l\u0259rin q\u0259bul olunmamas\u0131 \u201cikili standartlar\u201d siyas\u0259tinin t\u0259zah\u00fcr\u00fcd\u00fcr. H\u0259r bir mina partlay\u0131\u015f\u0131 at\u0259\u015fk\u0259sin v\u0259 s\u00fclh\u00fcn pozulmas\u0131 kimi qiym\u0259tl\u0259ndiril\u0259 bil\u0259r. D\u00fcnya ictimaiyy\u0259ti v\u0259 beyn\u0259lxalq t\u0259\u015fkilatlar Erm\u0259nistan\u0131 minalar\u0131n x\u0259rit\u0259l\u0259rini verm\u0259diyin\u0259 g\u00f6r\u0259 q\u0131namal\u0131 v\u0259 r\u0259smi \u0130r\u0259van h\u00fcquqi m\u0259suliyy\u0259t da\u015f\u0131mal\u0131d\u0131r.<\/p>\n\n\n\n<p>\u015e\u0259hid ail\u0259l\u0259rin\u0259 v\u0259 m\u00fcharib\u0259 i\u015ftirak\u00e7\u0131lar\u0131na d\u00f6vl\u0259tin diqq\u0259t v\u0259 qay\u011f\u0131s\u0131, h\u0259mi\u015f\u0259 oldu\u011fu kimi,\u00a0 bu g\u00fcn d\u0259 davam etm\u0259kd\u0259dir. Yaralanan d\u00f6y\u00fc\u015f\u00e7\u00fcn\u00fcn yaras\u0131 h\u0259r bir az\u0259rbaycanl\u0131n\u0131n yaras\u0131d\u0131r. \u201cM\u0259n h\u0259r zaman qazil\u0259rin yan\u0131nda olaca\u011fam\u201d dey\u0259n Prezident \u0130lham \u018fliyev \u0259slind\u0259 c\u0259miyy\u0259timizd\u0259 b\u00fct\u00fcn m\u00fcharib\u0259 i\u015ftirak\u00e7\u0131lar\u0131na olan m\u00fcnasib\u0259tini bildirmi\u015f olmu\u015fdur. Yaralanm\u0131\u015f m\u00fcharib\u0259 i\u015ftirak\u00e7\u0131lar\u0131n\u0131n reabilitasiyas\u0131 v\u0259 onlar\u0131n sosial m\u0259s\u0259l\u0259l\u0259rinin h\u0259lli istiqam\u0259tind\u0259 g\u00f6r\u00fclm\u00fc\u015f i\u015fl\u0259r s\u00fcbut edir ki, d\u00f6vl\u0259t h\u0259r zaman \u00f6z \u0259sg\u0259rinin yan\u0131ndad\u0131r. Az\u0259rbaycan xalq\u0131 m\u00fcbariz o\u011ful v\u0259 q\u0131zlar\u0131n\u0131n \u015f\u00fcca\u0259tini y\u00fcks\u0259k qiym\u0259tl\u0259ndirir, b\u00fct\u00fcn \u015f\u0259hidl\u0259rimizin ruhuna ehtiram g\u00f6st\u0259rir, xatir\u0259sini uca tutur. V\u0259t\u0259n m\u00fcharib\u0259sind\u0259 q\u0259hr\u0259mancas\u0131na d\u00f6y\u00fc\u015fm\u00fc\u015f, Az\u0259rbaycan Bayra\u011f\u0131n\u0131 i\u015f\u011faldan azad edil\u0259n torpaqlar\u0131m\u0131za sancm\u0131\u015f, \u00f6lk\u0259mizin \u0259razi b\u00fct\u00f6vl\u00fcy\u00fc u\u011frunda canlar\u0131n\u0131 f\u0259da etmi\u015f \u0259sg\u0259r v\u0259 zabitl\u0259rimiz\u0259 h\u0259sr olunmu\u015f silsil\u0259 t\u0259dbirl\u0259r h\u0259yata ke\u00e7irilir. Az\u0259rbaycan Respublikas\u0131 Prezidentinin tap\u015f\u0131r\u0131\u011f\u0131na uy\u011fun olaraq M\u0259rk\u0259zi Bank v\u0259 Az\u0259rbaycan Banklar Assosiasiyas\u0131 t\u0259r\u0259find\u0259n M\u00fcdafi\u0259 Nazirliyinin r\u0259smi siyah\u0131s\u0131nda olan \u015f\u0259hidl\u0259rin banklar qar\u015f\u0131s\u0131nda kredit \u00f6hd\u0259likl\u0259ri silinmi\u015fdir. \u015e\u0259hid v\u0259 qazi ail\u0259l\u0259rin\u0259 d\u0259st\u0259k g\u00f6st\u0259rilm\u0259sind\u0259 Az\u0259rbaycanda milli h\u0259mr\u0259ylik ya\u015fan\u0131r v\u0259 bu m\u0259qs\u0259dl\u0259 b\u00fct\u00fcn aidiyy\u0259ti d\u00f6vl\u0259t qurumlar\u0131n\u0131n potensial\u0131 s\u0259f\u0259rb\u0259r olmu\u015fdur. D\u00f6vl\u0259timiz V\u0259t\u0259n m\u00fcharib\u0259sind\u0259 i\u015ftirak ed\u0259nl\u0259r\u0259 ali qiym\u0259t verir v\u0259 b\u00fct\u00fcn qay\u011f\u0131larla \u0259hat\u0259 edir. <\/p>\n\n\n\n<p>Az\u0259rbaycan Respublikas\u0131 \u0259razil\u0259rinin i\u015f\u011faldan azad olunmas\u0131 zaman\u0131 h\u0259rbi \u0259m\u0259liyyatlarda i\u015ftirak ed\u0259r\u0259k \u015f\u00fcca\u0259t n\u00fcmayi\u015f etdirmi\u015f, v\u0259zif\u0259 borcunu l\u0259yaq\u0259tl\u0259 v\u0259 vicdanla, d\u00f6y\u00fc\u015f tap\u015f\u0131r\u0131qlar\u0131n\u0131 u\u011furla yerin\u0259 yetirmi\u015f Silahl\u0131 Q\u00fcvv\u0259l\u0259rin h\u0259rbi qulluq\u00e7ular\u0131 Prezident, M\u00fcz\u0259ff\u0259r Ali Ba\u015f Komandan \u0130lham \u018fliyevin s\u0259r\u0259ncamlar\u0131 il\u0259 m\u00fcxt\u0259lif orden v\u0259 medallarla t\u0259ltif olunmu\u015flar \u2013 \u201cV\u0259t\u0259n M\u00fcharib\u0259si Q\u0259hr\u0259man\u0131\u201d ad\u0131, \u201cZ\u0259f\u0259r\u201d, \u201cQaraba\u011f\u201d, \u201cV\u0259t\u0259n\u0259 xidm\u0259t\u0259 g\u00f6r\u0259\u201d 1, 2 v\u0259 3-c\u00fc d\u0259r\u0259c\u0259li, \u201cR\u0259\u015fad\u0259t\u201d, \u201cAz\u0259rbaycan Bayra\u011f\u0131\u201d ordenl\u0259ri, habel\u0259 \u201cV\u0259t\u0259n u\u011frunda\u201d, \u201c\u0130gidliy\u0259 g\u00f6r\u0259\u201d, \u201cD\u00f6y\u00fc\u015fd\u0259 f\u0259rql\u0259nm\u0259y\u0259 g\u00f6r\u0259\u201d, \u201cC\u0259sur d\u00f6y\u00fc\u015f\u00e7\u00fc\u201d, \u201cC\u0259bray\u0131l\u0131n azad olunmas\u0131na g\u00f6r\u0259\u201d, \u201cF\u00fczulinin azad olunmas\u0131na g\u00f6r\u0259\u201d, \u201cXocav\u0259ndin azad olunmas\u0131na g\u00f6r\u0259\u201d, \u201cZ\u0259ngilan\u0131n azad olunmas\u0131na g\u00f6r\u0259\u201d, \u201cSuqovu\u015fan\u0131n azad olunmas\u0131na g\u00f6r\u0259\u201d, \u201cQubadl\u0131n\u0131n azad olunmas\u0131na g\u00f6r\u0259\u201d, \u201c\u015eu\u015fan\u0131n azad olunmas\u0131na g\u00f6r\u0259\u201d, \u201cK\u0259lb\u0259c\u0259rin azad olunmas\u0131na g\u00f6r\u0259\u201d, \u201cA\u011fdam\u0131n azad olunmas\u0131na g\u00f6r\u0259\u201d, \u201cLa\u00e7\u0131n\u0131n azad olunmas\u0131na g\u00f6r\u0259\u201d, \u201cH\u0259rbi xidm\u0259tl\u0259r\u0259 g\u00f6r\u0259\u201d kimi medallar V\u0259t\u0259n m\u00fcharib\u0259si i\u015ftirak\u00e7\u0131lar\u0131na v\u0259 ya \u00f6l\u00fcm\u00fcnd\u0259n sonra onlar\u0131n yax\u0131nlar\u0131na t\u0259qdim olunmu\u015fdur. D\u00f6vl\u0259t h\u0259r bir qazi v\u0259 \u015f\u0259hid ail\u0259sinin yan\u0131ndad\u0131r. M\u00fcharib\u0259 d\u00f6vr\u00fcnd\u0259 \u0259lini, qolunu itirmi\u015f qazil\u0259rimiz \u00fc\u00e7\u00fcn \u0259n m\u00fcasir protezl\u0259r sifari\u015f edilmi\u015fdir. Ehtiyac\u0131 olan b\u00fct\u00fcn qazil\u0259r\u0259, \u015f\u0259hid ail\u0259l\u0259rin\u0259 d\u00f6vl\u0259t t\u0259r\u0259find\u0259n laz\u0131mi k\u00f6m\u0259klik g\u00f6st\u0259rilm\u0259kd\u0259dir. \u0130ndiy\u0259d\u0259k 9200-\u0259 yax\u0131n \u015f\u0259hid ail\u0259si, m\u00fcharib\u0259 \u0259lili d\u00f6vl\u0259t t\u0259r\u0259find\u0259n m\u0259nzill\u0259rl\u0259 t\u0259min edilmi\u015fdir. H\u0259m Birinci, h\u0259m d\u0259 \u0130kinci Qaraba\u011f m\u00fcharib\u0259si \u015f\u0259hidl\u0259rinin ail\u0259l\u0259rin\u0259 Bak\u0131da, Sumqay\u0131tda, Ab\u015feron rayonunda bu ilin sonuna q\u0259d\u0259r m\u0259nzill\u0259r veril\u0259c\u0259kdir. \u018flav\u0259 olaraq, m\u00fcharib\u0259 \u0259lill\u0259rin\u0259 7200-\u0259 yax\u0131n minik avtoma\u015f\u0131n\u0131 verilmi\u015fdir. <\/p>\n\n\n\n<figure class=\"wp-block-image size-large is-resized\"><img loading=\"lazy\" decoding=\"async\" src=\"https:\/\/fedai.az\/wp-content\/uploads\/2021\/09\/ilham4-1.jpg\" alt=\"\" class=\"wp-image-48928\" width=\"1098\" height=\"685\" srcset=\"https:\/\/fedai.az\/wp-content\/uploads\/2021\/09\/ilham4-1.jpg 850w, https:\/\/fedai.az\/wp-content\/uploads\/2021\/09\/ilham4-1-300x187.jpg 300w, https:\/\/fedai.az\/wp-content\/uploads\/2021\/09\/ilham4-1-150x94.jpg 150w, https:\/\/fedai.az\/wp-content\/uploads\/2021\/09\/ilham4-1-768x479.jpg 768w, https:\/\/fedai.az\/wp-content\/uploads\/2021\/09\/ilham4-1-115x73.jpg 115w\" sizes=\"auto, (max-width: 1098px) 100vw, 1098px\" \/><\/figure>\n\n\n\n<p>Az\u0259rbaycan Respublikas\u0131 Prezidenti t\u0259r\u0259find\u0259n \u0259sas m\u0259qs\u0259di \u015f\u0259hid ail\u0259l\u0259rinin v\u0259 h\u0259rbi \u0259m\u0259liyyatlar n\u0259tic\u0259sind\u0259 \u0259lilliyi m\u00fc\u0259yy\u0259n olunmu\u015f \u015f\u0259xsl\u0259rin sosial m\u00fcdafi\u0259si sah\u0259sind\u0259 d\u00f6vl\u0259t t\u0259r\u0259find\u0259n h\u0259yata ke\u00e7iril\u0259n t\u0259dbirl\u0259r\u0259 \u0259lav\u0259 d\u0259st\u0259k verilm\u0259si istiqam\u0259tind\u0259 v\u0259t\u0259nda\u015f c\u0259miyy\u0259ti t\u0259\u015f\u0259bb\u00fcsl\u0259rinin realla\u015fd\u0131r\u0131lmas\u0131 \u00fc\u00e7\u00fcn m\u00fcvafiq platforman\u0131n yarad\u0131lmas\u0131, bu sah\u0259d\u0259 \u015f\u0259ffafl\u0131\u011f\u0131n, hesabatl\u0131l\u0131\u011f\u0131n v\u0259 ictimai n\u0259zar\u0259tin t\u0259min edilm\u0259si olan \u201cYA\u015eAT\u201d Fondu yarad\u0131lm\u0131\u015fd\u0131r. \u0130ndiy\u0259d\u0259k Fondda 62 milyon manatdan \u00e7ox v\u0259sait toplanm\u0131\u015fd\u0131r. Az\u0259rbaycan xalq\u0131 \u015f\u0259hidl\u0259rimizin intiqam\u0131n\u0131 d\u00fc\u015fm\u0259nd\u0259n d\u00f6y\u00fc\u015f meydan\u0131nda ald\u0131 v\u0259 onlar\u0131n qan\u0131 yerd\u0259 qalmad\u0131. Az\u0259rbaycan \u015f\u0259hid ail\u0259l\u0259rin\u0259 g\u00f6st\u0259ril\u0259n diqq\u0259t\u0259 g\u00f6r\u0259 d\u00fcnya miqyas\u0131nda n\u00fcmun\u0259 say\u0131la bil\u0259r. B\u00fct\u00fcn \u015f\u0259hidl\u0259rimizin An\u0131m G\u00fcn\u00fc \u2013 27 Sentyabr tarixidir. V\u0259t\u0259n m\u00fcharib\u0259sind\u0259 q\u0259hr\u0259mancas\u0131na d\u00f6y\u00fc\u015fm\u00fc\u015f, Az\u0259rbaycan Bayra\u011f\u0131n\u0131 i\u015f\u011faldan azad edil\u0259n torpaqlar\u0131m\u0131zda dal\u011faland\u0131rm\u0131\u015f, \u00f6lk\u0259mizin \u0259razi b\u00fct\u00f6vl\u00fcy\u00fc yolunda canlar\u0131n\u0131 f\u0259da etmi\u015f \u0259sg\u0259r v\u0259 zabitl\u0259rimiz\u0259, b\u00fct\u00fcn \u015f\u0259hidl\u0259rimiz\u0259 d\u0259rin ehtiram \u0259lam\u0259ti olaraq Prezident \u0130lham \u018fliyev 27 sentyabr \u2013 V\u0259t\u0259n m\u00fcharib\u0259sinin ba\u015flad\u0131\u011f\u0131 g\u00fcn\u00fcn Az\u0259rbaycan Respublikas\u0131nda An\u0131m G\u00fcn\u00fc kimi qeyd olunmas\u0131 il\u0259 ba\u011fl\u0131 S\u0259r\u0259ncam imzalam\u0131\u015fd\u0131r. Bu add\u0131m \u015f\u0259hid ruhlar\u0131na, \u015f\u0259hidl\u0259rin do\u011fmalar\u0131na ali ehtiram\u0131n g\u00f6st\u0259ricisidir. Xalq\u0131n birliyi v\u0259 \u0259dal\u0259tli m\u00f6vqeyi \u201cd\u0259mir yumruq\u201dda birl\u0259\u015f\u0259r\u0259k i\u015f\u011fal\u00e7\u0131ya sars\u0131d\u0131c\u0131 z\u0259rb\u0259 vurmu\u015fdur. Az\u0259rbaycan Respublikas\u0131n\u0131n suverenliyi v\u0259 \u0259razi b\u00fct\u00f6vl\u00fcy\u00fc u\u011frunda ged\u0259n m\u00fcbariz\u0259d\u0259 q\u0259hr\u0259manl\u0131q g\u00f6st\u0259r\u0259n \u0259sg\u0259r v\u0259 zabitl\u0259rimiz, arxa c\u0259bh\u0259d\u0259 \u00e7al\u0131\u015fan m\u00fclki \u015f\u0259xsl\u0259r, b\u00fct\u00f6vl\u00fckd\u0259 xalq\u0131m\u0131z \u0259zm v\u0259 irad\u0259, bir yumruq kimi birlik v\u0259 h\u0259mr\u0259ylik n\u00fcmayi\u015f etdir\u0259r\u0259k d\u00fc\u015fm\u0259n\u0259 sars\u0131d\u0131c\u0131 z\u0259rb\u0259l\u0259r endirmi\u015fdir. \u00d6lk\u0259 Prezidenti h\u0259r zaman xalq\u0131n d\u0259st\u0259yin\u0259 arxalanm\u0131\u015fd\u0131r. Prezident \u0130lham \u018fliyev h\u0259rbi sah\u0259d\u0259 oldu\u011fu kimi diplomatik v\u0259 informasiya sava\u015f\u0131 c\u0259bh\u0259sind\u0259 d\u0259 misilsiz r\u0259\u015fad\u0259t g\u00f6st\u0259rmi\u015f, Az\u0259rbaycana qar\u015f\u0131 informasiya blokadas\u0131n\u0131 yarm\u0131\u015f, m\u00fcharib\u0259nin gedi\u015find\u0259 v\u0259 m\u00fcharib\u0259d\u0259n sonra onlarla apar\u0131c\u0131 xarici K\u0130V-\u0259 m\u00fcsahib\u0259l\u0259r vermi\u015fdir. Bu m\u00fcsahib\u0259nin h\u0259r biri Az\u0259rbaycan\u0131n diplomatik u\u011furudur \u2013 beyn\u0259lxalq t\u0259\u015fkilatlar vasit\u0259sil\u0259 \u00f6lk\u0259miz\u0259 t\u0259zyiql\u0259r c\u0259hdinin qar\u015f\u0131s\u0131 m\u00fcv\u0259ff\u0259qiyy\u0259tl\u0259 al\u0131nm\u0131\u015fd\u0131r. Az\u0259rbaycan\u0131n tarixin\u0259 Q\u0259l\u0259b\u0259 s\u0259hif\u0259si yazm\u0131\u015f Prezident\u0259 xalq\u0131n etibar\u0131 v\u0259 ehtiram\u0131 sonsuzdur. Azad edilmi\u015f \u0259razil\u0259r\u0259 s\u0259f\u0259rl\u0259ri il\u0259 Prezident \u0130lham \u018fliyev \u00f6z sevincini xalq\u0131 il\u0259 b\u00f6l\u00fc\u015fm\u0259kl\u0259 yana\u015f\u0131, h\u0259min \u0259razil\u0259ri tez bir zamanda b\u0259rpa etm\u0259k, dir\u00e7\u0259ltm\u0259k \u0259zmind\u0259 oldu\u011funu \u0259yani n\u00fcmayi\u015f etdirmi\u015fdir. Milli h\u0259mr\u0259yliyimiz, m\u0259hz b\u00fct\u00fcn u\u011furlar\u0131m\u0131z\u0131n k\u00f6k\u00fcnd\u0259 dayanan \u0259n m\u00fch\u00fcm amildir. <\/p>\n\n\n\n<p>V\u0259t\u0259n m\u00fcharib\u0259si zaman\u0131 siyasi partiyalar\u0131n Ali Ba\u015f Komandan \u0130lham \u018fliyev\u0259 d\u0259st\u0259k ifad\u0259 ed\u0259n birg\u0259 b\u0259yanat v\u0259 m\u00fcraci\u0259tl\u0259r imzalamas\u0131 milli m\u0259s\u0259l\u0259l\u0259rd\u0259 \u00f6lk\u0259d\u0259 h\u0259r hans\u0131 fikir ayr\u0131l\u0131\u011f\u0131n\u0131n istisna olundu\u011funu g\u00f6st\u0259rmi\u015fdir. Siyasi partiyalar t\u0259r\u0259find\u0259n \u00fcmumilikd\u0259 8 birg\u0259 b\u0259yanat v\u0259 2 m\u00fcraci\u0259t imzalanm\u0131\u015fd\u0131r. Burada \u201cErm\u0259nistan\u0131n Az\u0259rbaycana qar\u015f\u0131 davam ed\u0259n t\u0259cav\u00fcz\u00fc v\u0259 d\u00f6vl\u0259t s\u0259rh\u0259dinin Tovuz istiqam\u0259tind\u0259 t\u00f6r\u0259tdiyi t\u0259xribatlar\u0131 il\u0259 \u0259laq\u0259dar\u201d, \u201cErm\u0259nistan silahl\u0131 q\u00fcvv\u0259l\u0259rinin geni\u015fmiqyasl\u0131 t\u0259xribat\u0131na dair\u201d, \u201cFransa Senat\u0131nda Da\u011fl\u0131q Qaraba\u011fdak\u0131 qondarma qurumun tan\u0131nmas\u0131 m\u0259s\u0259l\u0259sin\u0259 bax\u0131lmas\u0131 il\u0259 ba\u011fl\u0131\u201d, \u201cAz\u0259rbaycan Respublikas\u0131 il\u0259 T\u00fcrkiy\u0259 Respublikas\u0131 aras\u0131nda m\u00fctt\u0259fiqlik m\u00fcnasib\u0259tl\u0259ri haqq\u0131nda \u015eu\u015fa B\u0259yannam\u0259si\u201dnin imzalanmas\u0131 il\u0259 \u0259laq\u0259dar\u201d b\u0259yanatlar, h\u0259m\u00e7inin \u201cDa\u011fl\u0131q Qaraba\u011f m\u0259s\u0259l\u0259sind\u0259 Fransan\u0131n m\u00f6vqeyin\u0259 dair\u201d v\u0259 m\u00fcharib\u0259 d\u00f6vr\u00fcnd\u0259 16 beyn\u0259lxalq t\u0259\u015fkilata Az\u0259rbaycan ziyal\u0131lar\u0131n\u0131n v\u0259 v\u0259t\u0259nda\u015f c\u0259miyy\u0259ti \u00fczvl\u0259rinin (o c\u00fcml\u0259d\u0259n 50 siyasi partiyan\u0131n) m\u00fcraci\u0259tl\u0259ri x\u00fcsusi olaraq qeyd olunmal\u0131d\u0131r. Bu g\u00fcn Erm\u0259nistan havadarlar\u0131 Az\u0259rbaycan\u0131n g\u00fcc\u00fc qar\u015f\u0131s\u0131nda m\u0259yus qalm\u0131\u015fd\u0131r. Son 30 ild\u0259 havadarlar\u0131na arxalanan Erm\u0259nistandak\u0131 h\u0259rbi-siyasi xuntalar g\u00fcman edirdil\u0259r ki, \u201cxilaskar\u201dlar\u0131 bu d\u0259f\u0259 d\u0259 onlar\u0131n k\u00f6m\u0259yin\u0259 g\u0259l\u0259c\u0259k. Lakin 44 g\u00fcnl\u00fck m\u00fcharib\u0259d\u0259 Ordumuzun q\u0259hr\u0259manl\u0131\u011f\u0131, Ali Ba\u015f Komandan\u0131n q\u0259tiyy\u0259ti erm\u0259nil\u0259rin v\u0259 havadarlar\u0131n\u0131n b\u00f6lg\u0259d\u0259ki siyas\u0259tinin iflas\u0131 il\u0259 n\u0259tic\u0259l\u0259ndi. B\u00fct\u00fcn t\u0259zyiql\u0259r\u0259, yalvar\u0131\u015flara, t\u0259hdidl\u0259r\u0259 baxmayaraq Az\u0259rbaycan Q\u0259l\u0259b\u0259 qazand\u0131 v\u0259 tarixi \u0259dal\u0259t b\u0259rpa olundu. Erm\u0259nistan\u0131n revan\u015fist \u00fcns\u00fcrl\u0259rinin qar\u015f\u0131s\u0131nda Az\u0259rbaycan\u0131n d\u0259mir yumru\u011fu dayan\u0131b. M\u00fcz\u0259ff\u0259r Ali Ba\u015f Komandan \u0130lham \u018fliyevin fevral\u0131n 25-d\u0259 Bak\u0131n\u0131n Ramana q\u0259s\u0259b\u0259sind\u0259ki ya\u015fay\u0131\u015f kompleksind\u0259 \u015f\u0259hid ail\u0259l\u0259ri v\u0259 m\u00fcharib\u0259 \u0259lill\u0259rin\u0259 m\u0259nzill\u0259rin t\u0259qdim olunmas\u0131 m\u0259rasimind\u0259ki \u00e7\u0131x\u0131\u015f\u0131nda yumru\u011funu d\u00fcy\u00fcnl\u0259y\u0259r\u0259k bildirmi\u015fdir: \u201c\u018fg\u0259r kims\u0259 revan\u015fist fikirl\u0259rl\u0259 ya\u015fay\u0131rsa, bax, bu yumru\u011fu g\u00f6r\u0259c\u0259k, bu, yerind\u0259dir v\u0259 bizim s\u0259brimizi s\u0131namas\u0131nlar. Erm\u0259nistan ordusu bitdi, yoxdur v\u0259 olmamal\u0131d\u0131r\u201d. R\u0259smi \u0130r\u0259van\u0131n revan\u015fist c\u0259hdl\u0259ri sad\u0259c\u0259 intihar \u2013 Erm\u0259nistan d\u00f6vl\u0259t\u00e7iliyinin sonu ola bil\u0259r. Erm\u0259nistan bundan sonra \u00f6z g\u0259l\u0259c\u0259yi haqq\u0131nda d\u00fc\u015f\u00fcn\u0259rk\u0259n g\u0259r\u0259k qon\u015fu \u00f6lk\u0259l\u0259rin torpaqlar\u0131 haqq\u0131nda x\u0259yallara qap\u0131lmas\u0131n. Az\u0259rbaycan xalq\u0131 v\u0259 Ordusu b\u00f6y\u00fck co\u015f\u011fu il\u0259 m\u00f6ht\u0259\u015f\u0259m q\u0259l\u0259b\u0259 qazand\u0131. Bu hadis\u0259 tariximiz\u0259 unudulmaz bir g\u00fcn kimi yaz\u0131ld\u0131. Az\u0259rbaycan Silahl\u0131 Q\u00fcvv\u0259l\u0259rinin Ali Ba\u015f Komandan\u0131 \u0130lham \u018fliyev do\u011fma xalq\u0131n\u0131 b\u00f6y\u00fck z\u0259f\u0259r x\u0259b\u0259ri il\u0259 m\u00fcjd\u0259l\u0259di Erm\u0259nistan-Az\u0259rbaycan Da\u011fl\u0131q Qaraba\u011f m\u00fcnaqi\u015f\u0259sin\u0259 son qoyuldu. Q\u0259l\u0259b\u0259 bizimdir!..<\/p>\n\n\n\n<p>Az\u0259rbaycan xalq\u0131 uzun ill\u0259rdir h\u0259sr\u0259tind\u0259 oldu\u011fu tarixi q\u0259l\u0259b\u0259ni sevincl\u0259 qeyd etdi. Qaraba\u011f q\u0259dim Az\u0259rbaycan torpa\u011f\u0131d\u0131r. Onun erm\u0259ni i\u015f\u011fal\u00e7\u0131lar\u0131n\u0131n \u0259sar\u0259tind\u0259 qalmas\u0131 h\u0259r bir az\u0259rbaycanl\u0131n\u0131n q\u00fcrurunu \u0259zir, q\u0259lbini incidirdi. Odur ki, Az\u0259rbaycan xalq\u0131 bir n\u0259f\u0259r kimi Ali Ba\u015f Komandan\u0131n \u0259traf\u0131nda birl\u0259\u015fdi. Bu birlik d\u00fc\u015fm\u0259nl\u0259r\u0259 g\u00f6zda\u011f\u0131 oldu v\u0259 bizi q\u0259l\u0259b\u0259y\u0259 qovu\u015fdurdu. Bundan sonra yolumuz daha da uzundur. Yarad\u0131l\u0131\u015fdan g\u00f6z\u0259l olan Qaraba\u011f torpaqlar\u0131n\u0131 erm\u0259ni i\u015f\u011fal\u00e7\u0131lar\u0131 talan edib, el-obalar\u0131m\u0131z\u0131 viran qoyub. \u018fl-\u0259l\u0259 verib o yurd yerl\u0259rini yenid\u0259n g\u00fcl\u00fcstana \u00e7evir\u0259c\u0259yik. Bel\u0259 m\u00fcdrik d\u00f6vl\u0259t ba\u015f\u00e7\u0131s\u0131 olan \u00f6lk\u0259nin g\u0259l\u0259c\u0259yi parlaq, yolu h\u0259mi\u015f\u0259 zirv\u0259l\u0259r\u0259dir. Bu tarixi g\u00fcn\u00fc, bu q\u00fcruru biz\u0259 M\u00fcz\u0259ff\u0259r Ali Ba\u015f Komandan\u0131m\u0131z, ordumuz b\u0259x\u015f etdi. Onlara minn\u0259tdarl\u0131q duy\u011fum sonsuzdur. H\u0259r birimiz Ali Ba\u015f Komandan\u0131m\u0131zla, ordumuzla f\u0259xr edir, q\u00fcrur duyuruq. Onlar\u0131n say\u0259sind\u0259 xalq\u0131m\u0131z bu tarixi g\u00fcn\u00fc ya\u015fay\u0131r. 8 noyabr \u015eu\u015fan\u0131n i\u015f\u011faldan azad olundu\u011fu g\u00fcn, 9 noyabr Az\u0259rbaycan\u0131n D\u00f6vl\u0259t Bayra\u011f\u0131 G\u00fcn\u00fc, 10 noyabr is\u0259 erm\u0259ni i\u015f\u011fal\u0131na son qoyuldu\u011fu g\u00fcn kimi tarix\u0259 d\u00fc\u015fd\u00fc&#8230;<\/p>\n\n\n\n<p>Art\u0131q, Da\u011fl\u0131q Qaraba\u011f m\u00fcnaqi\u015f\u0259si bitdi. \u0130yirmi s\u0259kkiz il \u0259vv\u0259l ya\u015fanan k\u0259d\u0259r bu g\u00fcn sona \u00e7atd\u0131. Az\u0259rbaycan xalq\u0131n\u0131n yeni, g\u00f6z\u0259l \u00e7a\u011flar\u0131 ba\u015flay\u0131r. Bu birlikl\u0259, bu yenilm\u0259z g\u00fccl\u0259, bu y\u00fcks\u0259k q\u0259l\u0259b\u0259 ruhu il\u0259 \u0259n b\u00f6y\u00fck z\u0259f\u0259rl\u0259r bizimdir!!!.<\/p>\n\n\n\n<figure class=\"wp-block-gallery columns-3 is-cropped wp-block-gallery-1 is-layout-flex wp-block-gallery-is-layout-flex\"><ul class=\"blocks-gallery-grid\"><li class=\"blocks-gallery-item\"><figure><img loading=\"lazy\" decoding=\"async\" width=\"767\" height=\"1024\" src=\"https:\/\/fedai.az\/wp-content\/uploads\/2021\/09\/IMG-20210921-WA0040-767x1024.jpg\" alt=\"\" data-id=\"48923\" data-link=\"https:\/\/fedai.az\/?attachment_id=48923\" class=\"wp-image-48923\" srcset=\"https:\/\/fedai.az\/wp-content\/uploads\/2021\/09\/IMG-20210921-WA0040-767x1024.jpg 767w, https:\/\/fedai.az\/wp-content\/uploads\/2021\/09\/IMG-20210921-WA0040-225x300.jpg 225w, https:\/\/fedai.az\/wp-content\/uploads\/2021\/09\/IMG-20210921-WA0040-112x150.jpg 112w, https:\/\/fedai.az\/wp-content\/uploads\/2021\/09\/IMG-20210921-WA0040-768x1025.jpg 768w, https:\/\/fedai.az\/wp-content\/uploads\/2021\/09\/IMG-20210921-WA0040.jpg 959w\" sizes=\"auto, (max-width: 767px) 100vw, 767px\" \/><\/figure><\/li><li class=\"blocks-gallery-item\"><figure><img loading=\"lazy\" decoding=\"async\" width=\"540\" height=\"848\" src=\"https:\/\/fedai.az\/wp-content\/uploads\/2021\/09\/8u.jpg\" alt=\"\" data-id=\"48925\" data-link=\"https:\/\/fedai.az\/?attachment_id=48925\" class=\"wp-image-48925\" srcset=\"https:\/\/fedai.az\/wp-content\/uploads\/2021\/09\/8u.jpg 540w, https:\/\/fedai.az\/wp-content\/uploads\/2021\/09\/8u-191x300.jpg 191w, https:\/\/fedai.az\/wp-content\/uploads\/2021\/09\/8u-96x150.jpg 96w\" sizes=\"auto, (max-width: 540px) 100vw, 540px\" \/><\/figure><\/li><li class=\"blocks-gallery-item\"><figure><img loading=\"lazy\" decoding=\"async\" width=\"540\" height=\"912\" src=\"https:\/\/fedai.az\/wp-content\/uploads\/2021\/09\/8i.jpg\" alt=\"\" data-id=\"48926\" data-full-url=\"https:\/\/fedai.az\/wp-content\/uploads\/2021\/09\/8i.jpg\" data-link=\"https:\/\/fedai.az\/?attachment_id=48926\" class=\"wp-image-48926\" srcset=\"https:\/\/fedai.az\/wp-content\/uploads\/2021\/09\/8i.jpg 540w, https:\/\/fedai.az\/wp-content\/uploads\/2021\/09\/8i-178x300.jpg 178w, https:\/\/fedai.az\/wp-content\/uploads\/2021\/09\/8i-89x150.jpg 89w\" sizes=\"auto, (max-width: 540px) 100vw, 540px\" \/><\/figure><\/li><\/ul><\/figure>\n\n\n\n<p><strong>Xalq\u0131m\u0131z\u0131, \u015eanl\u0131 Ordumuzu v\u0259 Az\u0259rbaycan Respublikas\u0131n\u0131n Prezidenti, Ali Ba\u015f Komandan, c\u0259nab \u0130lham \u018fliyevi qazand\u0131\u011f\u0131m\u0131z M\u00f6ht\u0259\u015f\u0259m Q\u0259l\u0259b\u0259mizin 1 ilinin tamam olmas\u0131 m\u00fcnasib\u0259til\u0259 \u00fcr\u0259kd\u0259n t\u0259brik edir\u0259m!<\/strong><\/p>\n\n\n\n<p><strong>Ya\u015fas\u0131n m\u00fcst\u0259qil Az\u0259rbaycan Respublikas\u0131! E\u015fq olsun Az\u0259rbaycan xalq\u0131na v\u0259 R\u0259\u015fad\u0259tli Az\u0259rbaycan Ordusuna! Allah c\u0259mi \u015f\u0259hidl\u0259rimiz\u0259 r\u0259hm\u0259t etsin! Allah yaral\u0131 h\u0259rbi qulluq\u00e7ular\u0131m\u0131za \u015f\u0259fa versin!<\/strong><\/p>\n\n\n\n<p><strong> Uca Allahdan xalq\u0131m\u0131z\u0131n \u00dcmummilli Lideri Heyd\u0259r \u018fliyev\u0259 r\u0259hm\u0259t dil\u0259yirik!..<\/strong><\/p>\n\n\n\n<p><strong> H\u0259r birimiz Az\u0259rbaycan Respublikas\u0131n\u0131n Prezidenti, Ali Ba\u015f Komandan, c\u0259nab \u0130lham \u018fliyevl\u0259 q\u00fcrur duyuruq!.. <\/strong><\/p>\n\n\n\n<p><strong>Qaraba\u011f Az\u0259rbaycand\u0131r!..<\/strong><\/p>\n\n\n\n<div class=\"wp-block-media-text alignwide is-stacked-on-mobile\" style=\"grid-template-columns:43% auto\"><figure class=\"wp-block-media-text__media\"><img loading=\"lazy\" decoding=\"async\" width=\"767\" height=\"1024\" src=\"https:\/\/fedai.az\/wp-content\/uploads\/2021\/09\/IMG-20210921-WA0044.jpg\" alt=\"\" class=\"wp-image-48927 size-full\" srcset=\"https:\/\/fedai.az\/wp-content\/uploads\/2021\/09\/IMG-20210921-WA0044.jpg 767w, https:\/\/fedai.az\/wp-content\/uploads\/2021\/09\/IMG-20210921-WA0044-225x300.jpg 225w, https:\/\/fedai.az\/wp-content\/uploads\/2021\/09\/IMG-20210921-WA0044-112x150.jpg 112w\" sizes=\"auto, (max-width: 767px) 100vw, 767px\" \/><\/figure><div class=\"wp-block-media-text__content\">\n<p class=\"has-large-font-size\"><strong>M\u00fc\u015ffiq \u018fliyev<\/strong><\/p>\n\n\n\n<p><strong><em>Az\u0259rbaycan Respublikas\u0131 \u015e\u0259hid Ail\u0259l\u0259rin\u0259 \u201cQay\u011f\u0131\u201d C\u0259miyy\u0259tinin s\u0259dri, Az\u0259rbaycan V\u0259t\u0259n M\u00fcharib\u0259si Veteranlar\u0131 \u0130ctimai Birliyi s\u0259drinin humanitar m\u0259s\u0259l\u0259l\u0259r \u00fczr\u0259 s\u0259lahiyy\u0259tli n\u00fcmay\u0259nd\u0259si<\/em><\/strong><\/p>\n\n\n\n<p><strong>BAKI \u015e\u018fH\u018fR\u0130, X\u018fZ\u018fR RAYON SAK\u0130N\u0130<\/strong><\/p>\n<\/div><\/div>\n\n\n\n<p><strong>\u00a0\u00a0\u00a0\u00a0\u00a0\u00a0\u00a0\u00a0\u00a0\u00a0\u00a0\u00a0\u00a0\u00a0\u00a0\u00a0\u00a0\u00a0\u00a0\u00a0\u00a0\u00a0\u00a0\u00a0\u00a0\u00a0\u00a0\u00a0\u00a0\u00a0\u00a0\u00a0\u00a0\u00a0\u00a0\u00a0\u00a0\u00a0\u00a0\u00a0\u00a0\u00a0\u00a0\u00a0\u00a0\u00a0\u00a0\u00a0\u00a0\u00a0\u00a0\u00a0\u00a0\u00a0\u00a0\u00a0\u00a0\u00a0\u00a0\u00a0\u00a0\u00a0\u00a0\u00a0\u00a0\u00a0\u00a0\u00a0\u00a0\u00a0\u00a0\u00a0\u00a0\u00a0\u00a0\u00a0\u00a0\u00a0\u00a0\u00a0\u00a0\u00a0\u00a0\u00a0\u00a0\u00a0\u00a0\u00a0<\/strong><\/p>\n","protected":false},"excerpt":{"rendered":"<p>\u00a0Birlik, irad\u0259 v\u0259 \u0259zmkarl\u0131q, m\u0259hz m\u00f6ht\u0259\u015f\u0259m q\u0259l\u0259b\u0259nin qazan\u0131lmas\u0131nda \u0259sas rol oynad\u0131!.. \u00a0M\u0259lumdur ki, ill\u0259rl\u0259 davam ed\u0259n erm\u0259nil\u0259rin biz\u0259 qar\u015f\u0131 m\u0259qs\u0259dy\u00f6nl\u00fc \u015f\u0259kild\u0259 y\u00f6n\u0259lmi\u015f olan d\u00fc\u015fm\u0259n\u00e7ilik<\/p>\n","protected":false},"author":2,"featured_media":48933,"comment_status":"closed","ping_status":"closed","sticky":false,"template":"","format":"standard","meta":{"footnotes":""},"categories":[3],"tags":[],"class_list":["post-48916","post","type-post","status-publish","format-standard","has-post-thumbnail","hentry","category-gundm"],"aioseo_notices":[],"_links":{"self":[{"href":"https:\/\/fedai.az\/index.php?rest_route=\/wp\/v2\/posts\/48916","targetHints":{"allow":["GET"]}}],"collection":[{"href":"https:\/\/fedai.az\/index.php?rest_route=\/wp\/v2\/posts"}],"about":[{"href":"https:\/\/fedai.az\/index.php?rest_route=\/wp\/v2\/types\/post"}],"author":[{"embeddable":true,"href":"https:\/\/fedai.az\/index.php?rest_route=\/wp\/v2\/users\/2"}],"replies":[{"embeddable":true,"href":"https:\/\/fedai.az\/index.php?rest_route=%2Fwp%2Fv2%2Fcomments&post=48916"}],"version-history":[{"count":1,"href":"https:\/\/fedai.az\/index.php?rest_route=\/wp\/v2\/posts\/48916\/revisions"}],"predecessor-version":[{"id":48934,"href":"https:\/\/fedai.az\/index.php?rest_route=\/wp\/v2\/posts\/48916\/revisions\/48934"}],"wp:featuredmedia":[{"embeddable":true,"href":"https:\/\/fedai.az\/index.php?rest_route=\/wp\/v2\/media\/48933"}],"wp:attachment":[{"href":"https:\/\/fedai.az\/index.php?rest_route=%2Fwp%2Fv2%2Fmedia&parent=48916"}],"wp:term":[{"taxonomy":"category","embeddable":true,"href":"https:\/\/fedai.az\/index.php?rest_route=%2Fwp%2Fv2%2Fcategories&post=48916"},{"taxonomy":"post_tag","embeddable":true,"href":"https:\/\/fedai.az\/index.php?rest_route=%2Fwp%2Fv2%2Ftags&post=48916"}],"curies":[{"name":"wp","href":"https:\/\/api.w.org\/{rel}","templated":true}]}}