{"id":48949,"date":"2021-09-21T18:22:45","date_gmt":"2021-09-21T14:22:45","guid":{"rendered":"https:\/\/fedai.az\/?p=48949"},"modified":"2021-09-21T18:30:46","modified_gmt":"2021-09-21T14:30:46","slug":"ivan-xocali-aeroportunda-helikopter-ucurdur","status":"publish","type":"post","link":"https:\/\/fedai.az\/?p=48949","title":{"rendered":"\u0130van Xocal\u0131 aeroportunda helikopter u\u00e7urdur"},"content":{"rendered":"\n<p><strong>Az\u0259rbaycan\u0131n Qaraba\u011f b\u00f6lg\u0259sind\u0259 mandats\u0131z v\u0259 m\u00fcv\u0259qq\u0259ti yerl\u0259\u015fdiril\u0259n Rusiya s\u00fclhm\u0259raml\u0131lar\u0131 n\u00f6vb\u0259ti d\u0259f\u0259 t\u0259xribat\u00e7\u0131 h\u0259r\u0259k\u0259t\u0259 yol veribl\u0259r. Onlar\u0131n bud\u0259f\u0259ki t\u0259xribat\u0131 m\u0259suliyy\u0259t b\u00f6lg\u0259sind\u0259ki \u015f\u0259rti z\u0259r\u0259r\u00e7\u0259kmi\u015fl\u0259ri evakuasiya etm\u0259k \u00fc\u00e7\u00fcn t\u0259lim olub.<\/strong><\/p>\n\n\n\n<p>T\u0259lim zaman\u0131 \u015f\u0259rti evakuasiya \u00fc\u00e7\u00fcn Mi-8 AMY\u015e &#171;Terminator&#187; vertolyotundan istifad\u0259 edilib. \u0130stifad\u0259 yeri Xocal\u0131 hava liman\u0131d\u0131r. Bu tip vertolyotlar n\u0259qliyyat-h\u00fccum vertolyotlar\u0131 say\u0131l\u0131r.&nbsp; &nbsp;<\/p>\n\n\n\n<figure class=\"wp-block-image size-large is-resized\"><img loading=\"lazy\" decoding=\"async\" src=\"https:\/\/fedai.az\/wp-content\/uploads\/2021\/09\/1632231856_rus-sulhmaramlilari-1.jpeg\" alt=\"\" class=\"wp-image-48952\" width=\"921\" height=\"605\" srcset=\"https:\/\/fedai.az\/wp-content\/uploads\/2021\/09\/1632231856_rus-sulhmaramlilari-1.jpeg 700w, https:\/\/fedai.az\/wp-content\/uploads\/2021\/09\/1632231856_rus-sulhmaramlilari-1-300x197.jpeg 300w, https:\/\/fedai.az\/wp-content\/uploads\/2021\/09\/1632231856_rus-sulhmaramlilari-1-150x99.jpeg 150w\" sizes=\"auto, (max-width: 921px) 100vw, 921px\" \/><\/figure>\n\n\n\n<p><br>Qeyd ed\u0259k ki, Rusiya s\u00fclhm\u0259raml\u0131lar\u0131n\u0131n yerl\u0259\u015fdirilm\u0259si il\u0259 ba\u011fl\u0131 raz\u0131la\u015fmada 1960 n\u0259f\u0259r h\u0259rb\u00e7i, 90 \u0259d\u0259d zirehli texnika, 380 \u0259d\u0259d avtomobil v\u0259 x\u00fcsusi texnika qeyd olunub. B\u0259yanat\u0131nda yer alan avadanl\u0131q siyah\u0131s\u0131nda h\u0259rbi n\u0259qliyyat v\u0259 h\u00fccum vertolyotlar\u0131 g\u00f6st\u0259rilm\u0259yib.<\/p>\n\n\n\n<p>Az\u0259rbaycan Xarici \u0130\u015fl\u0259r v\u0259 M\u00fcdafi\u0259 nazirlikl\u0259ri \u015f\u0259rhsiz add\u0131ma m\u00fctl\u0259q \u015f\u0259rh verm\u0259lidirl\u0259r.<\/p>\n\n\n\n<figure class=\"wp-block-embed is-type-video is-provider-youtube wp-block-embed-youtube wp-embed-aspect-16-9 wp-has-aspect-ratio\"><div class=\"wp-block-embed__wrapper\">\n<iframe loading=\"lazy\" title=\"\u042d\u0432\u0430\u043a\u0443\u0430\u0446\u0438\u044f \u0443\u0441\u043b\u043e\u0432\u043d\u043e \u043f\u043e\u0441\u0442\u0440\u0430\u0434\u0430\u0432\u0448\u0435\u0433\u043e \u0432 \u0433\u043e\u0440\u0430\u0445 \u0432\u0435\u0440\u0442\u043e\u043b\u0435\u0442\u043e\u043c \u0441 \u043c\u0435\u0434\u0438\u0446\u0438\u043d\u0441\u043a\u0438\u043c \u043c\u043e\u0434\u0443\u043b\u0435\u043c - \u041d\u0430\u0433\u043e\u0440\u043d\u044b\u0439 \u041a\u0430\u0440\u0430\u0431\u0430\u0445\" width=\"715\" height=\"402\" src=\"https:\/\/www.youtube.com\/embed\/-5CiJSqnz10?feature=oembed\" frameborder=\"0\" allow=\"accelerometer; autoplay; clipboard-write; encrypted-media; gyroscope; picture-in-picture\" allowfullscreen><\/iframe>\n<\/div><\/figure>\n","protected":false},"excerpt":{"rendered":"<p>Az\u0259rbaycan\u0131n Qaraba\u011f b\u00f6lg\u0259sind\u0259 mandats\u0131z v\u0259 m\u00fcv\u0259qq\u0259ti yerl\u0259\u015fdiril\u0259n Rusiya s\u00fclhm\u0259raml\u0131lar\u0131 n\u00f6vb\u0259ti d\u0259f\u0259 t\u0259xribat\u00e7\u0131 h\u0259r\u0259k\u0259t\u0259 yol veribl\u0259r. Onlar\u0131n bud\u0259f\u0259ki t\u0259xribat\u0131 m\u0259suliyy\u0259t b\u00f6lg\u0259sind\u0259ki \u015f\u0259rti z\u0259r\u0259r\u00e7\u0259kmi\u015fl\u0259ri evakuasiya etm\u0259k<\/p>\n","protected":false},"author":2,"featured_media":48950,"comment_status":"closed","ping_status":"closed","sticky":false,"template":"","format":"standard","meta":{"footnotes":""},"categories":[4],"tags":[],"class_list":["post-48949","post","type-post","status-publish","format-standard","has-post-thumbnail","hentry","category-qarabag"],"aioseo_notices":[],"_links":{"self":[{"href":"https:\/\/fedai.az\/index.php?rest_route=\/wp\/v2\/posts\/48949","targetHints":{"allow":["GET"]}}],"collection":[{"href":"https:\/\/fedai.az\/index.php?rest_route=\/wp\/v2\/posts"}],"about":[{"href":"https:\/\/fedai.az\/index.php?rest_route=\/wp\/v2\/types\/post"}],"author":[{"embeddable":true,"href":"https:\/\/fedai.az\/index.php?rest_route=\/wp\/v2\/users\/2"}],"replies":[{"embeddable":true,"href":"https:\/\/fedai.az\/index.php?rest_route=%2Fwp%2Fv2%2Fcomments&post=48949"}],"version-history":[{"count":2,"href":"https:\/\/fedai.az\/index.php?rest_route=\/wp\/v2\/posts\/48949\/revisions"}],"predecessor-version":[{"id":48953,"href":"https:\/\/fedai.az\/index.php?rest_route=\/wp\/v2\/posts\/48949\/revisions\/48953"}],"wp:featuredmedia":[{"embeddable":true,"href":"https:\/\/fedai.az\/index.php?rest_route=\/wp\/v2\/media\/48950"}],"wp:attachment":[{"href":"https:\/\/fedai.az\/index.php?rest_route=%2Fwp%2Fv2%2Fmedia&parent=48949"}],"wp:term":[{"taxonomy":"category","embeddable":true,"href":"https:\/\/fedai.az\/index.php?rest_route=%2Fwp%2Fv2%2Fcategories&post=48949"},{"taxonomy":"post_tag","embeddable":true,"href":"https:\/\/fedai.az\/index.php?rest_route=%2Fwp%2Fv2%2Ftags&post=48949"}],"curies":[{"name":"wp","href":"https:\/\/api.w.org\/{rel}","templated":true}]}}