{"id":48956,"date":"2021-09-22T00:20:28","date_gmt":"2021-09-21T20:20:28","guid":{"rendered":"https:\/\/fedai.az\/?p=48956"},"modified":"2021-09-22T00:20:32","modified_gmt":"2021-09-21T20:20:32","slug":"co-bayden-danisark%c9%99n-salonda-diqq%c9%99t-c%c9%99k%c9%99n-goruntul%c9%99r-yayinlanib","status":"publish","type":"post","link":"https:\/\/fedai.az\/?p=48956","title":{"rendered":"Co Bayden dan\u0131\u015fark\u0259n salonda diqq\u0259t \u00e7\u0259k\u0259n g\u00f6r\u00fcnt\u00fcl\u0259r yay\u0131nlan\u0131b"},"content":{"rendered":"\n<p><strong>Bu g\u00fcn ilk d\u0259f\u0259 BMT Ba\u015f Assambleyas\u0131nda \u00e7\u0131x\u0131\u015f ed\u0259n AB\u015e prezidenti Co Bayden m\u00fch\u00fcm a\u00e7\u0131qlamalar verib.<\/strong><\/p>\n\n\n\n<p>\u00a0Qaynarinfo\u00a0x\u0259b\u0259r verir ki, Bayden \u0130srail v\u0259 F\u0259l\u0259stin m\u00fcnaqi\u015f\u0259sind\u0259n dan\u0131\u015fark\u0259n, \u0130srail n\u00fcmay\u0259nd\u0259 hey\u0259ti \u00fc\u00e7\u00fcn ayr\u0131lm\u0131\u015f yerl\u0259rin bo\u015f olmas\u0131 diqq\u0259t \u00e7\u0259kib.<\/p>\n\n\n\n<p><br>Bayden \u015fidd\u0259tin Yax\u0131n \u015e\u0259rqd\u0259ki m\u00fcnaqi\u015f\u0259l\u0259r \u00fc\u00e7\u00fcn yegan\u0259 variant olmad\u0131\u011f\u0131n\u0131 vur\u011fulay\u0131b: &#171;M\u00fcst\u0259qil bir y\u0259hudi d\u00f6vl\u0259tin\u0259 d\u0259st\u0259yimiz a\u00e7\u0131qd\u0131r. Ancaq, \u0130srailin demokratik bir y\u0259hudi d\u00f6vl\u0259ti olaraq g\u0259l\u0259c\u0259yi \u00fc\u00e7\u00fcn \u0259n yax\u015f\u0131 yol demokratik bir F\u0259l\u0259stin d\u00f6vl\u0259ti il\u0259 birlikd\u0259 ikili bir h\u0259ll yolu tapmaqd\u0131r . Bu h\u0259ll yolu \u00fc\u00e7\u00fcn haz\u0131rda \u00e7ox i\u015f g\u00f6rm\u0259liyik&#187;.<\/p>\n\n\n\n<p><br>Lakin bu \u00e7\u0131x\u0131\u015f zaman\u0131 \u0130srail n\u00fcmay\u0259nd\u0259 hey\u0259ti salonda olmay\u0131b.<\/p>\n","protected":false},"excerpt":{"rendered":"<p>Bu g\u00fcn ilk d\u0259f\u0259 BMT Ba\u015f Assambleyas\u0131nda \u00e7\u0131x\u0131\u015f ed\u0259n AB\u015e prezidenti Co Bayden m\u00fch\u00fcm a\u00e7\u0131qlamalar verib. \u00a0Qaynarinfo\u00a0x\u0259b\u0259r verir ki, Bayden \u0130srail v\u0259 F\u0259l\u0259stin m\u00fcnaqi\u015f\u0259sind\u0259n<\/p>\n","protected":false},"author":2,"featured_media":48957,"comment_status":"closed","ping_status":"closed","sticky":false,"template":"","format":"standard","meta":{"footnotes":""},"categories":[1],"tags":[],"class_list":["post-48956","post","type-post","status-publish","format-standard","has-post-thumbnail","hentry","category-siyast"],"aioseo_notices":[],"_links":{"self":[{"href":"https:\/\/fedai.az\/index.php?rest_route=\/wp\/v2\/posts\/48956","targetHints":{"allow":["GET"]}}],"collection":[{"href":"https:\/\/fedai.az\/index.php?rest_route=\/wp\/v2\/posts"}],"about":[{"href":"https:\/\/fedai.az\/index.php?rest_route=\/wp\/v2\/types\/post"}],"author":[{"embeddable":true,"href":"https:\/\/fedai.az\/index.php?rest_route=\/wp\/v2\/users\/2"}],"replies":[{"embeddable":true,"href":"https:\/\/fedai.az\/index.php?rest_route=%2Fwp%2Fv2%2Fcomments&post=48956"}],"version-history":[{"count":1,"href":"https:\/\/fedai.az\/index.php?rest_route=\/wp\/v2\/posts\/48956\/revisions"}],"predecessor-version":[{"id":48958,"href":"https:\/\/fedai.az\/index.php?rest_route=\/wp\/v2\/posts\/48956\/revisions\/48958"}],"wp:featuredmedia":[{"embeddable":true,"href":"https:\/\/fedai.az\/index.php?rest_route=\/wp\/v2\/media\/48957"}],"wp:attachment":[{"href":"https:\/\/fedai.az\/index.php?rest_route=%2Fwp%2Fv2%2Fmedia&parent=48956"}],"wp:term":[{"taxonomy":"category","embeddable":true,"href":"https:\/\/fedai.az\/index.php?rest_route=%2Fwp%2Fv2%2Fcategories&post=48956"},{"taxonomy":"post_tag","embeddable":true,"href":"https:\/\/fedai.az\/index.php?rest_route=%2Fwp%2Fv2%2Ftags&post=48956"}],"curies":[{"name":"wp","href":"https:\/\/api.w.org\/{rel}","templated":true}]}}