{"id":48959,"date":"2021-09-22T00:24:57","date_gmt":"2021-09-21T20:24:57","guid":{"rendered":"https:\/\/fedai.az\/?p=48959"},"modified":"2021-09-22T00:25:00","modified_gmt":"2021-09-21T20:25:00","slug":"irandaki-soydaslarimiz-etiraza-qalxir-tehrana-bir-h%c9%99ft%c9%99-vaxt-verildi","status":"publish","type":"post","link":"https:\/\/fedai.az\/?p=48959","title":{"rendered":"\u0130randak\u0131 soyda\u015flar\u0131m\u0131z ET\u0130RAZA QALXIR: Tehrana bir h\u0259ft\u0259 vaxt verildi"},"content":{"rendered":"\n<p><strong>\u0130ran-Az\u0259rbaycan m\u00fcnasib\u0259tl\u0259rind\u0259 soyuqluq davam edir. Son g\u00fcnl\u0259r Gorus-Qafan yolunda ya\u015fanan m\u0259lum hadis\u0259l\u0259rd\u0259n sonra \u0130ran t\u0259r\u0259fi n\u0259inki \u00f6z\u00fcn\u00fc g\u00fcnahkar hesab etmir, h\u0259tta bir \u00e7ox add\u0131mlarla Az\u0259rbaycana qar\u015f\u0131 q\u0259r\u0259zini a\u00e7\u0131q \u015f\u0259kild\u0259 g\u00f6st\u0259rir.<\/strong><\/p>\n\n\n\n<p>\u0130ran\u0131n \u00f6lk\u0259miz\u0259 y\u00f6n\u0259lik qeyri-konstruktiv m\u00f6vqeyi, i\u015f\u011fal\u00e7\u0131 Erm\u0259nistana d\u0259st\u0259yi bu \u00f6lk\u0259d\u0259 ya\u015fayan soyda\u015flar\u0131m\u0131z\u0131 ciddi narahat edir. Sosial \u015f\u0259b\u0259k\u0259l\u0259r \u00fcz\u0259rind\u0259n etiraz\u0131n\u0131 ifad\u0259 ed\u0259n g\u00fcney az\u0259rbaycanl\u0131lar \u0130rana sentyabr\u0131n 27-n\u0259 &#8212; V\u0259t\u0259n M\u00fcharib\u0259sinin ba\u015flanmas\u0131n\u0131n birinci ild\u00f6n\u00fcm\u00fcn\u0259 q\u0259d\u0259r vaxt veribl\u0259r. H\u0259myerlil\u0259rimiz r\u0259smi Tehrandan Az\u0259rbaycana qar\u015f\u0131 q\u0259r\u0259zli m\u00fcnasib\u0259td\u0259n \u00fcz d\u00f6nd\u0259rm\u0259yi t\u0259l\u0259b edirl\u0259r. Az\u0259rbaycana m\u00fcnasib\u0259td\u0259 m\u00fcsb\u0259t d\u0259yi\u015fiklik ba\u015f verm\u0259y\u0259c\u0259yi t\u0259qdird\u0259 \u0130ran \u0259halisi aras\u0131nda \u00e7oxluq t\u0259\u015fkil ed\u0259n az\u0259rbaycanl\u0131lar\u0131n aya\u011fa qalxaca\u011f\u0131, k\u00fctl\u0259vi aksiyalarla \u00f6lk\u0259 r\u0259hb\u0259rliyin\u0259 etiraz ed\u0259c\u0259yi bildirilir. \u0130randa ya\u015fayan az\u0259rbaycanl\u0131 f\u0259allar ist\u0259nil\u0259n vaxt etiraz aksiyalar\u0131na haz\u0131r olduqlar\u0131n\u0131 deyirl\u0259r.<\/p>\n\n\n\n<figure class=\"wp-block-image size-large\"><img loading=\"lazy\" decoding=\"async\" width=\"700\" height=\"465\" src=\"https:\/\/fedai.az\/wp-content\/uploads\/2021\/09\/sayman-aruzz-xes.jpg\" alt=\"\" class=\"wp-image-48960\" srcset=\"https:\/\/fedai.az\/wp-content\/uploads\/2021\/09\/sayman-aruzz-xes.jpg 700w, https:\/\/fedai.az\/wp-content\/uploads\/2021\/09\/sayman-aruzz-xes-300x199.jpg 300w, https:\/\/fedai.az\/wp-content\/uploads\/2021\/09\/sayman-aruzz-xes-150x100.jpg 150w\" sizes=\"auto, (max-width: 700px) 100vw, 700px\" \/><\/figure>\n\n\n\n<p>Bununla ba\u011fl\u0131&nbsp;Modern.az-a&nbsp;dan\u0131\u015fan Az\u0259rbaycan Yaz\u0131\u00e7\u0131lar Birliyi (AYB) G\u00fcney \u0259d\u0259biyyat \u015f\u00f6b\u0259sinin r\u0259hb\u0259ri&nbsp;Sayman Aruz bildirib ki, Az\u0259rbaycan-\u0130ran m\u00fcnasib\u0259tl\u0259ri he\u00e7 vaxt h\u0259qiqi dostluq, qar\u015f\u0131l\u0131ql\u0131 etimad \u00fcz\u0259rind\u0259 qurula bilm\u0259z:<\/p>\n\n\n\n<p>\u201c\u0130ran \u0259razisind\u0259 tarixi torpaqlar\u0131m\u0131z var, xalq\u0131m\u0131z\u0131n, ziyal\u0131lar\u0131m\u0131z\u0131n bu torpaqlara tarixd\u0259n do\u011fan m\u0259n\u0259vi haqq kimi iddias\u0131 g\u00f6z \u00f6n\u00fcnd\u0259dir. \u0130randa 45 milyon soyda\u015f\u0131m\u0131z ya\u015fay\u0131r, eyni dili, tarixi, m\u0259d\u0259niyy\u0259ti payla\u015f\u0131r\u0131q. O soyda\u015flar\u0131m\u0131z\u0131n \u00fcmidi, nuru Az\u0259rbaycan d\u00f6vl\u0259tidir. \u0130ran\u0131n bunlarla bar\u0131\u015faca\u011f\u0131n\u0131, Az\u0259rbaycanla h\u0259qiq\u0259t\u0259n dost kimi yan-yanan dayanaca\u011f\u0131n\u0131 d\u00fc\u015f\u00fcnm\u0259k sad\u0259l\u00f6vhl\u00fck olar. \u0130ran-Az\u0259rbaycan dostlu\u011fu bir \u015f\u0259rtl\u0259r alt\u0131nda he\u00e7 zaman m\u00f6hk\u0259m ola bilm\u0259z\u201d.<\/p>\n\n\n\n<p>Sayman Aruz xat\u0131rlad\u0131b ki, \u0130randa ya\u015fayan soyda\u015flar\u0131m\u0131z h\u0259r zaman Az\u0259rbaycanla ba\u011fl\u0131 m\u00f6vzularda \u00f6z m\u00fcnasib\u0259tini bildiribl\u0259r:<\/p>\n\n\n\n<p>\u201cAz\u0259rbaycanl\u0131lar etirazlarla, k\u00fc\u00e7\u0259l\u0259rd\u0259 aksiyalar ke\u00e7irm\u0259kl\u0259, sosial \u015f\u0259b\u0259k\u0259l\u0259rd\u0259 trendl\u0259r yaratmaqla m\u00f6vqeyini ifad\u0259 edirl\u0259r. Bu g\u00fcn d\u0259 v\u0259ziyy\u0259t davam edir v\u0259 h\u0259tta durum g\u00fcn\u00fc-g\u00fcnd\u0259n \u015fidd\u0259tl\u0259nir. M\u0259n \u00f6z\u00fcm \u00f6t\u0259n g\u00fcnl\u0259rd\u0259 onlayn konfransa i\u015ftirak edirdim. Orada Z\u0259ng\u0259zur d\u0259hlizi v\u0259 Az\u0259rbaycan\u0131n tarixi torpaqlar\u0131 m\u0259s\u0259l\u0259si qald\u0131r\u0131ld\u0131, bunun t\u0259kc\u0259 d\u00f6vl\u0259tin deyil, \u00fcmumilikd\u0259 Az\u0259rbaycan xalq\u0131n\u0131n ist\u0259yi oldu\u011fu vur\u011fuland\u0131. Az\u0259rbaycanl\u0131lar bu m\u0259s\u0259l\u0259d\u0259 israrl\u0131d\u0131r. Z\u0259ng\u0259zur d\u0259hlizi b\u00fct\u00fcn Az\u0259rbaycan xalq\u0131na laz\u0131md\u0131r. \u0130ran\u0131n Az\u0259rbaycana g\u00f6st\u0259rdiyi aqressiv m\u00fcnasib\u0259tl\u0259ri b\u00fct\u00fcn az\u0259rbaycanl\u0131lar q\u0131nay\u0131rlar. Laz\u0131m g\u0259l\u0259rs\u0259, soyda\u015flar\u0131m\u0131z h\u0259r t\u0259r\u0259fli &#8212; ist\u0259r etiraz aksiyalar\u0131 il\u0259, ist\u0259rs\u0259 d\u0259 bir Az\u0259rbaycan \u0259sg\u0259ri kimi Az\u0259rbaycan d\u00f6vl\u0259tinin v\u0259 maraqlar\u0131n\u0131n arxas\u0131nda dayanacaqlar. Art\u0131q o d\u00f6vr deyil ki, kims\u0259 Az\u0259rbaycana qar\u015f\u0131 h\u0259rb\u0259-zorba dili il\u0259 dan\u0131\u015fa bilsin. Bu m\u0259s\u0259l\u0259d\u0259 ham\u0131m\u0131z h\u0259mr\u0259yik, birik. Az\u0259rbaycana qar\u015f\u0131 y\u00f6n\u0259l\u0259n bir g\u00fcll\u0259y\u0259 bel\u0259 ciddi \u015f\u0259kild\u0259 cavab veril\u0259ck. Az\u0259rbaycan torpaqlar\u0131n\u0131n erm\u0259ni i\u015f\u011fal\u0131ndan azad edilm\u0259si, tarixi \u0259dal\u0259tin b\u0259rpas\u0131, Z\u0259ng\u0259zur d\u0259hlizi soyda\u015flar\u0131m\u0131z\u0131n milli m\u0259s\u0259l\u0259sidir v\u0259 onlar b\u00fct\u00fcn probleml\u0259rin h\u0259llini t\u0259l\u0259b edirl\u0259r\u201d.<\/p>\n\n\n\n<p>M\u0259nb\u0259: Kanal.az<\/p>\n","protected":false},"excerpt":{"rendered":"<p>\u0130ran-Az\u0259rbaycan m\u00fcnasib\u0259tl\u0259rind\u0259 soyuqluq davam edir. Son g\u00fcnl\u0259r Gorus-Qafan yolunda ya\u015fanan m\u0259lum hadis\u0259l\u0259rd\u0259n sonra \u0130ran t\u0259r\u0259fi n\u0259inki \u00f6z\u00fcn\u00fc g\u00fcnahkar hesab etmir, h\u0259tta bir \u00e7ox add\u0131mlarla<\/p>\n","protected":false},"author":2,"featured_media":48961,"comment_status":"closed","ping_status":"closed","sticky":false,"template":"","format":"standard","meta":{"footnotes":""},"categories":[3],"tags":[],"class_list":["post-48959","post","type-post","status-publish","format-standard","has-post-thumbnail","hentry","category-gundm"],"aioseo_notices":[],"_links":{"self":[{"href":"https:\/\/fedai.az\/index.php?rest_route=\/wp\/v2\/posts\/48959","targetHints":{"allow":["GET"]}}],"collection":[{"href":"https:\/\/fedai.az\/index.php?rest_route=\/wp\/v2\/posts"}],"about":[{"href":"https:\/\/fedai.az\/index.php?rest_route=\/wp\/v2\/types\/post"}],"author":[{"embeddable":true,"href":"https:\/\/fedai.az\/index.php?rest_route=\/wp\/v2\/users\/2"}],"replies":[{"embeddable":true,"href":"https:\/\/fedai.az\/index.php?rest_route=%2Fwp%2Fv2%2Fcomments&post=48959"}],"version-history":[{"count":1,"href":"https:\/\/fedai.az\/index.php?rest_route=\/wp\/v2\/posts\/48959\/revisions"}],"predecessor-version":[{"id":48962,"href":"https:\/\/fedai.az\/index.php?rest_route=\/wp\/v2\/posts\/48959\/revisions\/48962"}],"wp:featuredmedia":[{"embeddable":true,"href":"https:\/\/fedai.az\/index.php?rest_route=\/wp\/v2\/media\/48961"}],"wp:attachment":[{"href":"https:\/\/fedai.az\/index.php?rest_route=%2Fwp%2Fv2%2Fmedia&parent=48959"}],"wp:term":[{"taxonomy":"category","embeddable":true,"href":"https:\/\/fedai.az\/index.php?rest_route=%2Fwp%2Fv2%2Fcategories&post=48959"},{"taxonomy":"post_tag","embeddable":true,"href":"https:\/\/fedai.az\/index.php?rest_route=%2Fwp%2Fv2%2Ftags&post=48959"}],"curies":[{"name":"wp","href":"https:\/\/api.w.org\/{rel}","templated":true}]}}