{"id":48963,"date":"2021-09-22T00:39:10","date_gmt":"2021-09-21T20:39:10","guid":{"rendered":"https:\/\/fedai.az\/?p=48963"},"modified":"2021-09-22T00:39:14","modified_gmt":"2021-09-21T20:39:14","slug":"pasinyan-oz-ampulasinda-2-erm%c9%99ni-dovl%c9%99ti-yasadiqca-q%c9%99hr%c9%99manlarimiz-yasayacaqdir","status":"publish","type":"post","link":"https:\/\/fedai.az\/?p=48963","title":{"rendered":"Pa\u015finyan \u00f6z ampulas\u0131nda: &#171;2 erm\u0259ni d\u00f6vl\u0259ti ya\u015fad\u0131qca, q\u0259hr\u0259manlar\u0131m\u0131z ya\u015fayacaqd\u0131r&#187;"},"content":{"rendered":"\n<p> <strong>Erm\u0259nistan\u0131n Ba\u015f nazir Nikol Pa\u015finyan \u0130r\u0259vandak\u0131 Respublika Meydan\u0131nda m\u00fcst\u0259qilliyinin 30 illiyin\u0259 h\u0259sr olunmu\u015f t\u0259dbird\u0259ki \u00e7\u0131x\u0131\u015f edib.<\/strong><\/p>\n\n\n\n<p>Pa\u015finyan \u00e7\u0131x\u0131\u015f\u0131na Erm\u0259nistan\u0131n 30 illik m\u00fcst\u0259qillik tarixin\u0259 ekskurs ed\u0259r\u0259k yen\u0259 qu\u015flay\u0131b:\u00a0&#171;U\u011fur v\u0259 u\u011fursuzluq, q\u0259l\u0259b\u0259 v\u0259 m\u0259\u011flubiyy\u0259t, g\u00f6z ya\u015f\u0131 v\u0259 sevinc, ilham v\u0259 \u00fcmidsizlik, heyranl\u0131q v\u0259 m\u0259yusluq, m\u00fcharib\u0259l\u0259r, q\u0259l\u0259b\u0259 v\u0259 m\u0259\u011flubiyy\u0259t g\u00f6r\u0259c\u0259yik. \u0130ndi sual, nec\u0259 ya\u015fayaca\u011f\u0131m\u0131z v\u0259 u\u015faqlar\u0131n, dul qad\u0131nlar\u0131n, atalar\u0131n g\u00f6zl\u0259rin\u0259 nec\u0259 baxaca\u011f\u0131m\u0131zd\u0131r.\u00a0 Verilmi\u015f qurbanlar\u0131n\u00a0m\u0259nas\u0131z say\u0131lmamas\u0131 \u00fc\u00e7\u00fcn n\u0259 etm\u0259li?\u00a0Bizim \u0259n b\u00f6y\u00fck v\u0259zif\u0259miz m\u00fcst\u0259qil bir d\u00f6vl\u0259tin g\u0259l\u0259c\u0259yi \u00fc\u00e7\u00fcn do\u011fru t\u0259limatlar\u0131 formala\u015fd\u0131rmaqd\u0131r&#187;.<\/p>\n\n\n\n<p>Pa\u015finyan \u00f6z \u00e7\u0131x\u0131\u015f\u0131nda Az\u0259rbaycana qar\u015f\u0131 yen\u0259 i\u015f\u011fal\u00e7\u0131 niyy\u0259tl\u0259rini gizl\u0259tm\u0259yib: <strong>&#171;M\u0259\u011flubiyy\u0259timizi q\u0259l\u0259b\u0259y\u0259 \u00e7evirm\u0259liyik. Q\u0259hr\u0259manlar Erm\u0259nistan v\u0259 &#171;Artsax&#187; u\u011frunda \u00f6ld\u00fcl\u0259r. 2\u00a0erm\u0259ni d\u00f6vl\u0259ti ya\u015fad\u0131qca, q\u0259hr\u0259manlar\u0131m\u0131z da ya\u015fayacaqd\u0131r, &#171;Artsax&#187; v\u0259 Erm\u0259nistan respublikalar\u0131 inki\u015faf ed\u0259rk\u0259n bu, onlar\u0131n qurbanlar\u0131n\u0131n olmad\u0131\u011f\u0131n\u0131 g\u00f6st\u0259rir. S\u00f6hb\u0259t u\u015faqlar\u0131n\u0131n, qarda\u015f v\u0259 bac\u0131lar\u0131n\u0131n v\u0259t\u0259nind\u0259n gedir\u201d.<\/strong><\/p>\n","protected":false},"excerpt":{"rendered":"<p>Erm\u0259nistan\u0131n Ba\u015f nazir Nikol Pa\u015finyan \u0130r\u0259vandak\u0131 Respublika Meydan\u0131nda m\u00fcst\u0259qilliyinin 30 illiyin\u0259 h\u0259sr olunmu\u015f t\u0259dbird\u0259ki \u00e7\u0131x\u0131\u015f edib. Pa\u015finyan \u00e7\u0131x\u0131\u015f\u0131na Erm\u0259nistan\u0131n 30 illik m\u00fcst\u0259qillik tarixin\u0259 ekskurs<\/p>\n","protected":false},"author":2,"featured_media":0,"comment_status":"closed","ping_status":"closed","sticky":false,"template":"","format":"standard","meta":{"footnotes":""},"categories":[15],"tags":[],"class_list":["post-48963","post","type-post","status-publish","format-standard","hentry","category-atmaca"],"aioseo_notices":[],"_links":{"self":[{"href":"https:\/\/fedai.az\/index.php?rest_route=\/wp\/v2\/posts\/48963","targetHints":{"allow":["GET"]}}],"collection":[{"href":"https:\/\/fedai.az\/index.php?rest_route=\/wp\/v2\/posts"}],"about":[{"href":"https:\/\/fedai.az\/index.php?rest_route=\/wp\/v2\/types\/post"}],"author":[{"embeddable":true,"href":"https:\/\/fedai.az\/index.php?rest_route=\/wp\/v2\/users\/2"}],"replies":[{"embeddable":true,"href":"https:\/\/fedai.az\/index.php?rest_route=%2Fwp%2Fv2%2Fcomments&post=48963"}],"version-history":[{"count":1,"href":"https:\/\/fedai.az\/index.php?rest_route=\/wp\/v2\/posts\/48963\/revisions"}],"predecessor-version":[{"id":48967,"href":"https:\/\/fedai.az\/index.php?rest_route=\/wp\/v2\/posts\/48963\/revisions\/48967"}],"wp:attachment":[{"href":"https:\/\/fedai.az\/index.php?rest_route=%2Fwp%2Fv2%2Fmedia&parent=48963"}],"wp:term":[{"taxonomy":"category","embeddable":true,"href":"https:\/\/fedai.az\/index.php?rest_route=%2Fwp%2Fv2%2Fcategories&post=48963"},{"taxonomy":"post_tag","embeddable":true,"href":"https:\/\/fedai.az\/index.php?rest_route=%2Fwp%2Fv2%2Ftags&post=48963"}],"curies":[{"name":"wp","href":"https:\/\/api.w.org\/{rel}","templated":true}]}}