{"id":48971,"date":"2021-09-22T00:45:01","date_gmt":"2021-09-21T20:45:01","guid":{"rendered":"https:\/\/fedai.az\/?p=48971"},"modified":"2021-09-22T00:45:05","modified_gmt":"2021-09-21T20:45:05","slug":"susaya-girm%c9%99k-ist%c9%99y%c9%99n-sulhm%c9%99ramlilarin-masini-saxlanildi","status":"publish","type":"post","link":"https:\/\/fedai.az\/?p=48971","title":{"rendered":"\u015eu\u015faya girm\u0259k ist\u0259y\u0259n s\u00fclhm\u0259raml\u0131lar\u0131n ma\u015f\u0131n\u0131 SAXLANILDI"},"content":{"rendered":"\n<p><strong>Bu yax\u0131nlarda Az\u0259rbaycan h\u0259rb\u00e7il\u0259ri \u015eu\u015faya gir\u0259n rus &#171;UAZ&#187; ma\u015f\u0131n\u0131n\u0131 dayand\u0131r\u0131b.<\/strong><br><br>Az\u0259rbaycan t\u0259r\u0259finin ma\u015f\u0131nda yoxlama apararmas\u0131 Rusiya \u0259sg\u0259rl\u0259rini \u015foka sal\u0131b. Bildirilib ki, onlar\u0131n art\u0131q bir il\u0259 yax\u0131nd\u0131r Qaraba\u011fda olmas\u0131na baxmayaraq, Az\u0259rbaycan \u0259sg\u0259rl\u0259ri onlar\u0131 ilk d\u0259f\u0259 yoxlay\u0131r.<\/p>\n\n\n\n<p><br>S\u00f6z\u00fcged\u0259n proses K\u0130V-in Erm\u0259nistan seqmentind\u0259 ciddi etiraz v\u0259 narahatl\u0131\u011fa s\u0259b\u0259b olub.<br><br>Onlar bildirib ki, s\u00fclhm\u0259raml\u0131lar\u0131n eks-komandan\u0131 R\u00fcst\u0259m Muradovun gedi\u015find\u0259n sonra yeni t\u0259yin olunan general-mayor Mixail Kosobokovun kontingent\u0259 r\u0259hb\u0259rlik etm\u0259si Az\u0259rbaycan\u0131n &#171;xeyrin\u0259dir&#187;.\u00a0<\/p>\n\n\n\n<p>Lakin erm\u0259ni k\u00fctl\u0259si bilm\u0259lidir ki, onlardan f\u0259rqli olaraq ist\u0259nil\u0259n rus silahl\u0131s\u0131n\u0131n \u00f6z torpa\u011f\u0131nda olmas\u0131n\u0131 ist\u0259mir. Az\u0259rbaycan\u0131n xeyrin\u0259 olan yaln\u0131z s\u00fclhm\u0259raml\u0131lars\u0131z v\u0259 erm\u0259ni diversantlar\u0131ndan t\u0259mizl\u0259nmi\u015f Qaraba\u011fd\u0131r.\u00a0<\/p>\n\n\n\n<p>M\u0259nb\u0259: Unikal.org<\/p>\n","protected":false},"excerpt":{"rendered":"<p>Bu yax\u0131nlarda Az\u0259rbaycan h\u0259rb\u00e7il\u0259ri \u015eu\u015faya gir\u0259n rus &#171;UAZ&#187; ma\u015f\u0131n\u0131n\u0131 dayand\u0131r\u0131b. Az\u0259rbaycan t\u0259r\u0259finin ma\u015f\u0131nda yoxlama apararmas\u0131 Rusiya \u0259sg\u0259rl\u0259rini \u015foka sal\u0131b. Bildirilib ki, onlar\u0131n art\u0131q bir<\/p>\n","protected":false},"author":2,"featured_media":0,"comment_status":"closed","ping_status":"closed","sticky":false,"template":"","format":"standard","meta":{"footnotes":""},"categories":[4],"tags":[],"class_list":["post-48971","post","type-post","status-publish","format-standard","hentry","category-qarabag"],"aioseo_notices":[],"_links":{"self":[{"href":"https:\/\/fedai.az\/index.php?rest_route=\/wp\/v2\/posts\/48971","targetHints":{"allow":["GET"]}}],"collection":[{"href":"https:\/\/fedai.az\/index.php?rest_route=\/wp\/v2\/posts"}],"about":[{"href":"https:\/\/fedai.az\/index.php?rest_route=\/wp\/v2\/types\/post"}],"author":[{"embeddable":true,"href":"https:\/\/fedai.az\/index.php?rest_route=\/wp\/v2\/users\/2"}],"replies":[{"embeddable":true,"href":"https:\/\/fedai.az\/index.php?rest_route=%2Fwp%2Fv2%2Fcomments&post=48971"}],"version-history":[{"count":1,"href":"https:\/\/fedai.az\/index.php?rest_route=\/wp\/v2\/posts\/48971\/revisions"}],"predecessor-version":[{"id":48973,"href":"https:\/\/fedai.az\/index.php?rest_route=\/wp\/v2\/posts\/48971\/revisions\/48973"}],"wp:attachment":[{"href":"https:\/\/fedai.az\/index.php?rest_route=%2Fwp%2Fv2%2Fmedia&parent=48971"}],"wp:term":[{"taxonomy":"category","embeddable":true,"href":"https:\/\/fedai.az\/index.php?rest_route=%2Fwp%2Fv2%2Fcategories&post=48971"},{"taxonomy":"post_tag","embeddable":true,"href":"https:\/\/fedai.az\/index.php?rest_route=%2Fwp%2Fv2%2Ftags&post=48971"}],"curies":[{"name":"wp","href":"https:\/\/api.w.org\/{rel}","templated":true}]}}