{"id":48974,"date":"2021-09-22T00:49:04","date_gmt":"2021-09-21T20:49:04","guid":{"rendered":"https:\/\/fedai.az\/?p=48974"},"modified":"2021-09-22T00:49:07","modified_gmt":"2021-09-21T20:49:07","slug":"t%c9%99hsil-naziri-yeni-d%c9%99rs-ili-il%c9%99-bagli-%c9%99mr-imzaladi","status":"publish","type":"post","link":"https:\/\/fedai.az\/?p=48974","title":{"rendered":"T\u0259hsil naziri yeni d\u0259rs ili il\u0259 ba\u011fl\u0131 \u018fMR \u0130MZALADI"},"content":{"rendered":"\n<p><strong>2021\/2022-ci t\u0259dris ilind\u0259 \u00fcmumi t\u0259hsilin f\u0259aliyy\u0259t istiqam\u0259tl\u0259ri m\u00fc\u0259yy\u0259n edilib.<\/strong><\/p>\n\n\n\n<p><br>Bununla ba\u011fl\u0131 t\u0259hsil naziri Emin \u018fmrullayev m\u00fcvafiq \u0259mr imzalay\u0131b.<\/p>\n\n\n\n<p><br>\u018fmr\u0259 \u0259sas\u0259n, 2021\/2022-ci t\u0259dris ilind\u0259 I-XI sinifl\u0259rd\u0259 ilk d\u0259rs &#171;Qaraba\u011f Az\u0259rbaycand\u0131r!\u201d m\u00f6vzusuna h\u0259sr olunacaq.<\/p>\n\n\n\n<p><br>\u018fmrd\u0259 h\u0259m\u00e7inin rayon (\u015f\u0259h\u0259r) t\u0259hsil \u015f\u00f6b\u0259l\u0259rin\u0259 \u0259n\u0259n\u0259vi t\u0259dris\u0259 ke\u00e7idl\u0259 \u0259laq\u0259dar \u00fcmumi t\u0259hsil m\u00fc\u0259ssis\u0259l\u0259rind\u0259 rast g\u0259lin\u0259 bil\u0259c\u0259k probleml\u0259rin operativ v\u0259 \u015f\u0259rait\u0259 uy\u011fun \u015f\u0259kild\u0259 h\u0259llinin t\u0259min edilm\u0259si bar\u0259d\u0259 tap\u015f\u0131r\u0131q verilib.<\/p>\n\n\n\n<p>H\u0259m\u00e7inin yerli t\u0259hsili idar\u0259etm\u0259 qurumlar\u0131na \u00fcmumi t\u0259hsil m\u00fc\u0259ssis\u0259l\u0259rind\u0259 sanitar-epidemioloji v\u0259ziyy\u0259tin n\u0259zar\u0259td\u0259 saxlanmas\u0131, i\u015f\u00e7il\u0259rin qoruyucu maskalardan istifad\u0259 etm\u0259si, t\u0259hsil m\u00fc\u0259ssis\u0259l\u0259rind\u0259 aidiyy\u0259ti d\u00f6vl\u0259t qurumlar\u0131 t\u0259r\u0259find\u0259n vaxta\u015f\u0131r\u0131 dezinfeksiya i\u015fl\u0259rinin apar\u0131lmas\u0131n\u0131n t\u0259\u015fkili tap\u015f\u0131r\u0131l\u0131b.<\/p>\n\n\n\n<p><br>Eyni zamanda An\u0131m v\u0259 Z\u0259f\u0259r g\u00fcnl\u0259rin\u0259 h\u0259sr olunan t\u0259dbirl\u0259r ke\u00e7iril\u0259c\u0259k, t\u0259dris dig\u0259r dill\u0259rd\u0259 apar\u0131lan \u00fcmumt\u0259hsil m\u0259kt\u0259bl\u0259rind\u0259 Az\u0259rbaycan dilinin &#8212; d\u00f6vl\u0259t dili kimi t\u0259drisin\u0259 n\u0259zar\u0259t g\u00fccl\u0259ndiril\u0259c\u0259k, IX sinifl\u0259rd\u0259 &#171;Z\u0259f\u0259r tarixi\u201d kursunun y\u00fcks\u0259k pe\u015f\u0259karl\u0131\u011f\u0131 v\u0259 s\u0259ri\u015ft\u0259liliyi il\u0259 f\u0259rql\u0259n\u0259n tarix m\u00fc\u0259lliml\u0259ri t\u0259r\u0259find\u0259n t\u0259drisin\u0259 n\u0259zar\u0259t edil\u0259c\u0259k. H\u0259m\u00e7inin \u00fcmumt\u0259hsil m\u0259kt\u0259bl\u0259rind\u0259 xarici dill\u0259rin t\u0259drisi v\u0259ziyy\u0259tinin \u00f6yr\u0259nilm\u0259si m\u0259qs\u0259dil\u0259 monitorinql\u0259r apar\u0131lacaq.<\/p>\n\n\n\n<p>\u018fmrin icras\u0131na n\u0259zar\u0259t nazir m\u00fcavini Muxtar M\u0259mm\u0259dova h\u0259val\u0259 olunub.<\/p>\n","protected":false},"excerpt":{"rendered":"<p>2021\/2022-ci t\u0259dris ilind\u0259 \u00fcmumi t\u0259hsilin f\u0259aliyy\u0259t istiqam\u0259tl\u0259ri m\u00fc\u0259yy\u0259n edilib. Bununla ba\u011fl\u0131 t\u0259hsil naziri Emin \u018fmrullayev m\u00fcvafiq \u0259mr imzalay\u0131b. \u018fmr\u0259 \u0259sas\u0259n, 2021\/2022-ci t\u0259dris ilind\u0259 I-XI<\/p>\n","protected":false},"author":2,"featured_media":0,"comment_status":"closed","ping_status":"closed","sticky":false,"template":"","format":"standard","meta":{"footnotes":""},"categories":[8],"tags":[],"class_list":["post-48974","post","type-post","status-publish","format-standard","hentry","category-thsil"],"aioseo_notices":[],"_links":{"self":[{"href":"https:\/\/fedai.az\/index.php?rest_route=\/wp\/v2\/posts\/48974","targetHints":{"allow":["GET"]}}],"collection":[{"href":"https:\/\/fedai.az\/index.php?rest_route=\/wp\/v2\/posts"}],"about":[{"href":"https:\/\/fedai.az\/index.php?rest_route=\/wp\/v2\/types\/post"}],"author":[{"embeddable":true,"href":"https:\/\/fedai.az\/index.php?rest_route=\/wp\/v2\/users\/2"}],"replies":[{"embeddable":true,"href":"https:\/\/fedai.az\/index.php?rest_route=%2Fwp%2Fv2%2Fcomments&post=48974"}],"version-history":[{"count":1,"href":"https:\/\/fedai.az\/index.php?rest_route=\/wp\/v2\/posts\/48974\/revisions"}],"predecessor-version":[{"id":48976,"href":"https:\/\/fedai.az\/index.php?rest_route=\/wp\/v2\/posts\/48974\/revisions\/48976"}],"wp:attachment":[{"href":"https:\/\/fedai.az\/index.php?rest_route=%2Fwp%2Fv2%2Fmedia&parent=48974"}],"wp:term":[{"taxonomy":"category","embeddable":true,"href":"https:\/\/fedai.az\/index.php?rest_route=%2Fwp%2Fv2%2Fcategories&post=48974"},{"taxonomy":"post_tag","embeddable":true,"href":"https:\/\/fedai.az\/index.php?rest_route=%2Fwp%2Fv2%2Ftags&post=48974"}],"curies":[{"name":"wp","href":"https:\/\/api.w.org\/{rel}","templated":true}]}}