{"id":48982,"date":"2021-09-22T01:36:30","date_gmt":"2021-09-21T21:36:30","guid":{"rendered":"https:\/\/fedai.az\/?p=48982"},"modified":"2021-09-22T01:37:11","modified_gmt":"2021-09-21T21:37:11","slug":"msk-dovl%c9%99t-dumasina-seckil%c9%99rd%c9%99-yerl%c9%99rin-bolgusunu-aciqladi","status":"publish","type":"post","link":"https:\/\/fedai.az\/?p=48982","title":{"rendered":"MSK D\u00f6vl\u0259t Dumas\u0131na se\u00e7kil\u0259rd\u0259 yerl\u0259rin b\u00f6lg\u00fcs\u00fcn\u00fc a\u00e7\u0131qlad\u0131"},"content":{"rendered":"\n<p><strong>D\u00f6vl\u0259t Dumas\u0131na son se\u00e7kil\u0259rin n\u0259tic\u0259l\u0259rin\u0259 g\u00f6r\u0259, Vahid Rusiya partiyas\u0131 c\u0259mi 324 deputat mandat\u0131 al\u0131b.<\/strong><\/p>\n\n\n\n<p><br>R\u0130A Novosti x\u0259b\u0259r verir ki, bunu Rusiya Federasiyas\u0131 M\u0259rk\u0259zi Se\u00e7ki Komissiyas\u0131 b\u0259yan edib.<\/p>\n\n\n\n<p><br>Namiz\u0259dl\u0259rin federal siyah\u0131lar\u0131na g\u00f6r\u0259, Vahid Rusiya 126 deputat mandat\u0131 al\u0131b. Birmandatl\u0131 se\u00e7ki dair\u0259l\u0259rind\u0259 ke\u00e7iril\u0259n se\u00e7kil\u0259rin n\u0259tic\u0259l\u0259rin\u0259 g\u00f6r\u0259, partiya 198 mandata sahib olub. Bel\u0259 ki, partiya parlamentin a\u015fa\u011f\u0131 palatas\u0131nda da \u00e7oxlu\u011fa malikdir.<\/p>\n\n\n\n<p><br>Rusiya Kommunist Partiyas\u0131 57 mandata malikdir. <strong>&#171;\u018fdal\u0259tli Rusiya &#8212; h\u0259qiq\u0259t namin\u0259&#187; 27,<\/strong> Liberal Demokrat Partiyas\u0131 21, &#171;Yeni \u0130nsanlar&#187; is\u0259 13 mandat al\u0131b.<\/p>\n\n\n\n<figure class=\"wp-block-gallery columns-3 is-cropped wp-block-gallery-1 is-layout-flex wp-block-gallery-is-layout-flex\"><ul class=\"blocks-gallery-grid\"><li class=\"blocks-gallery-item\"><figure><img decoding=\"async\" src=\"https:\/\/fedai.az\/wp-content\/uploads\/2021\/09\/image811839_9da9c2cef8c3424bbbdf6bdecc134a3b.jpg\" alt=\"\" data-id=\"48983\" data-link=\"https:\/\/fedai.az\/?attachment_id=48983\" class=\"wp-image-48983\"\/><\/figure><\/li><li class=\"blocks-gallery-item\"><figure><img loading=\"lazy\" decoding=\"async\" width=\"1024\" height=\"683\" src=\"https:\/\/fedai.az\/wp-content\/uploads\/2021\/09\/image811839_35a9055e2b22e003c38d67f639e96155.jpg\" alt=\"\" data-id=\"48984\" data-link=\"https:\/\/fedai.az\/?attachment_id=48984\" class=\"wp-image-48984\" srcset=\"https:\/\/fedai.az\/wp-content\/uploads\/2021\/09\/image811839_35a9055e2b22e003c38d67f639e96155.jpg 1024w, https:\/\/fedai.az\/wp-content\/uploads\/2021\/09\/image811839_35a9055e2b22e003c38d67f639e96155-300x200.jpg 300w, https:\/\/fedai.az\/wp-content\/uploads\/2021\/09\/image811839_35a9055e2b22e003c38d67f639e96155-150x100.jpg 150w, https:\/\/fedai.az\/wp-content\/uploads\/2021\/09\/image811839_35a9055e2b22e003c38d67f639e96155-768x512.jpg 768w\" sizes=\"auto, (max-width: 1024px) 100vw, 1024px\" \/><\/figure><\/li><li class=\"blocks-gallery-item\"><figure><img decoding=\"async\" src=\"https:\/\/fedai.az\/wp-content\/uploads\/2021\/09\/image811839_e3cf75f18247a680baf45c01bcea59c9.jpg\" alt=\"\" data-id=\"48985\" data-full-url=\"https:\/\/fedai.az\/wp-content\/uploads\/2021\/09\/image811839_e3cf75f18247a680baf45c01bcea59c9.jpg\" data-link=\"https:\/\/fedai.az\/?attachment_id=48985\" class=\"wp-image-48985\"\/><\/figure><\/li><\/ul><\/figure>\n\n\n\n<p>Bundan \u0259lav\u0259, &#171;V\u0259t\u0259nda\u015f Platformas\u0131&#187;, &#171;Rodina&#187; v\u0259 &#171;\u0130nki\u015faf Partiyas\u0131&#187; partiyalar\u0131 h\u0259r\u0259y\u0259 bir deputat mandat\u0131 al\u0131b. Bundan \u0259lav\u0259, deputat mandatlar\u0131 m\u00fcst\u0259qil be\u015f namiz\u0259d\u0259 veril\u0259c\u0259k.<\/p>\n\n\n\n<p><br>MSK -n\u0131n m\u0259tbuat xidm\u0259tind\u0259n &#171;\u0130zvestiya&#187; ya bildirilib ki, bu m\u0259lumatlar h\u0259l\u0259 d\u0259 ilkin m\u0259lumatd\u0131r. MSK yekun n\u0259tic\u0259l\u0259rini 24 sentyabr c\u00fcm\u0259 g\u00fcn\u00fc a\u00e7\u0131qlayacaq.<\/p>\n\n\n\n<p>\u00c7\u0259r\u015f\u0259nb\u0259 ax\u015fam\u0131, Rusiya Federasiyas\u0131 M\u0259rk\u0259zi Se\u00e7ki Komissiyas\u0131, &#171;Vahid Rusiya&#187;n\u0131n D\u00f6vl\u0259t Dumas\u0131na ke\u00e7iril\u0259n se\u00e7kil\u0259rd\u0259 protokollar\u0131n 100% i\u015fl\u0259nib 49,82% s\u0259s toplayaraq qalib g\u0259ldiyini bildirib. Rusiya Federasiyas\u0131 Kommunist Partiyas\u0131 (18,93%), Liberal Demokrat Partiyas\u0131 (7,55%), \u018fdal\u0259tli Rusiya &#8212; H\u0259qiq\u0259t Namin\u0259 (7,46%) v\u0259 Yeni \u0130nsanlar (5,32%) d\u0259 D\u00f6vl\u0259t Dumas\u0131na daxil oldular. Se\u00e7kil\u0259r n\u0259tic\u0259sind\u0259 &#171;Vahid Rusiya&#187; D\u00f6vl\u0259t Dumas\u0131nda konstitusiya \u00e7oxlu\u011funu ald\u0131, partiyan\u0131n 300 -d\u0259n \u00e7ox deputat mandat\u0131 var.<br>MSK D\u00f6vl\u0259t Dumas\u0131na se\u00e7kil\u0259rin ilk n\u0259tic\u0259l\u0259rin\u0259 yekun vurdu.<\/p>\n\n\n\n<p><br>A\u015ePA n\u00fcmay\u0259nd\u0259 hey\u0259ti Rusiya hakimiyy\u0259tinin &#171;yax\u015f\u0131&#187; \u0259m\u0259kda\u015fl\u0131\u011f\u0131n\u0131, el\u0259c\u0259 d\u0259 D\u00f6vl\u0259t Dumas\u0131na son se\u00e7kil\u0259rd\u0259 s\u0259sverm\u0259nin t\u0259\u015fkilini y\u00fcks\u0259k qiym\u0259tl\u0259ndirdi.<\/p>\n\n\n\n<p><br>Kollektiv T\u0259hl\u00fck\u0259sizlik M\u00fcqavil\u0259si T\u0259\u015fkilat\u0131 Parlament Assambleyas\u0131n\u0131n (KTMT) beyn\u0259lxalq m\u00fc\u015fahid\u0259\u00e7isi, Serbiya Xalq Partiyas\u0131n\u0131n ba\u015f katibi, mill\u0259t v\u0259kili Yovan Palali\u00e7 Rusiya Federasiyas\u0131nda ke\u00e7iril\u0259n se\u00e7kil\u0259rin beyn\u0259lxalq standartlara cavab verdiyini, elektron s\u0259sverm\u0259nin y\u00fcks\u0259k s\u0259viyy\u0259d\u0259 t\u0259\u015fkil olundu\u011funu bildirib.<\/p>\n\n\n\n<p><br>Vahid Rusiya Ba\u015f \u015euras\u0131n\u0131n katib m\u00fcavini Sergey Perminov &#171;\u0130zvestiya&#187; ya m\u00fcsahib\u0259sind\u0259 D\u00f6vl\u0259t Dumas\u0131na se\u00e7kil\u0259rin n\u0259tic\u0259l\u0259rini u\u011furlu adland\u0131r\u0131b v\u0259 se\u00e7kil\u0259rl\u0259 ba\u011fl\u0131 qar\u015f\u0131ya qoyulan b\u00fct\u00fcn m\u0259qs\u0259dl\u0259rin yerin\u0259 yetirildiyini qeyd edib. Onun s\u00f6zl\u0259rin\u0259 g\u00f6r\u0259, partiya n\u00f6vb\u0259ti be\u015f il \u0259rzind\u0259 se\u00e7icil\u0259rin t\u0259l\u0259bl\u0259rin\u0259 uy\u011fun olaraq \u00f6lk\u0259nin sabit inki\u015faf\u0131 \u00fc\u00e7\u00fcn bir kurs t\u0259qdim edib.<\/p>\n","protected":false},"excerpt":{"rendered":"<p>D\u00f6vl\u0259t Dumas\u0131na son se\u00e7kil\u0259rin n\u0259tic\u0259l\u0259rin\u0259 g\u00f6r\u0259, Vahid Rusiya partiyas\u0131 c\u0259mi 324 deputat mandat\u0131 al\u0131b. R\u0130A Novosti x\u0259b\u0259r verir ki, bunu Rusiya Federasiyas\u0131 M\u0259rk\u0259zi Se\u00e7ki<\/p>\n","protected":false},"author":2,"featured_media":0,"comment_status":"closed","ping_status":"closed","sticky":false,"template":"","format":"standard","meta":{"footnotes":""},"categories":[13],"tags":[],"class_list":["post-48982","post","type-post","status-publish","format-standard","hentry","category-xarici"],"aioseo_notices":[],"_links":{"self":[{"href":"https:\/\/fedai.az\/index.php?rest_route=\/wp\/v2\/posts\/48982","targetHints":{"allow":["GET"]}}],"collection":[{"href":"https:\/\/fedai.az\/index.php?rest_route=\/wp\/v2\/posts"}],"about":[{"href":"https:\/\/fedai.az\/index.php?rest_route=\/wp\/v2\/types\/post"}],"author":[{"embeddable":true,"href":"https:\/\/fedai.az\/index.php?rest_route=\/wp\/v2\/users\/2"}],"replies":[{"embeddable":true,"href":"https:\/\/fedai.az\/index.php?rest_route=%2Fwp%2Fv2%2Fcomments&post=48982"}],"version-history":[{"count":1,"href":"https:\/\/fedai.az\/index.php?rest_route=\/wp\/v2\/posts\/48982\/revisions"}],"predecessor-version":[{"id":48986,"href":"https:\/\/fedai.az\/index.php?rest_route=\/wp\/v2\/posts\/48982\/revisions\/48986"}],"wp:attachment":[{"href":"https:\/\/fedai.az\/index.php?rest_route=%2Fwp%2Fv2%2Fmedia&parent=48982"}],"wp:term":[{"taxonomy":"category","embeddable":true,"href":"https:\/\/fedai.az\/index.php?rest_route=%2Fwp%2Fv2%2Fcategories&post=48982"},{"taxonomy":"post_tag","embeddable":true,"href":"https:\/\/fedai.az\/index.php?rest_route=%2Fwp%2Fv2%2Ftags&post=48982"}],"curies":[{"name":"wp","href":"https:\/\/api.w.org\/{rel}","templated":true}]}}