{"id":48989,"date":"2021-09-22T01:47:08","date_gmt":"2021-09-21T21:47:08","guid":{"rendered":"https:\/\/fedai.az\/?p=48989"},"modified":"2021-09-22T01:47:12","modified_gmt":"2021-09-21T21:47:12","slug":"irandan-novb%c9%99ti-t%c9%99hdid","status":"publish","type":"post","link":"https:\/\/fedai.az\/?p=48989","title":{"rendered":"\u0130RANDAN  N\u00d6VB\u018fT\u0130 T\u018fHD\u0130D"},"content":{"rendered":"\n<p><strong>Erm\u0259ni siyasi analitik Argi\u015fti Kiviryan Erm\u0259ni m\u0259tbuat\u0131nda yaz\u0131r: <\/strong><\/p>\n\n\n\n<p>\u00ab\u0130ran Az\u0259rbaycanla s\u0259rh\u0259dd\u0259, daha konkret XUDAF\u018fR\u0130N k\u00f6rp\u00fcs\u00fc istiqam\u0259tind\u0259 irimiqyasl\u0131 h\u0259rbi t\u0259liml\u0259r\u0259 ba\u015flay\u0131b. Bu t\u0259liml\u0259rl\u0259 \u0130ran \u00f6z h\u0259rbi g\u00fcc\u00fcn\u00fc Az\u0259rbaycanla yana\u015f\u0131 h\u0259md\u0259 \u0130srail\u0259 g\u00f6st\u0259rm\u0259k niyy\u0259tind\u0259dir. Bel\u0259 ki, \u0130ran\u0131n zirehli texnikalar\u0131n\u0131n \u00fcz\u0259rind\u0259 diqq\u0259ti \u00e7\u0259k\u0259n yaz\u0131larda bildirilir ki, <strong>&#171;\u0130SRA\u0130L N\u00d6VB\u018fT\u0130 25 \u0130L\u0130 G\u00d6RM\u018fY\u018fC\u018fK.&#187;<\/strong> <\/p>\n\n\n\n<p>Az\u0259rbaycan hakimiyy\u0259tinin t\u0259l\u0259m-t\u0259l\u0259sik F\u00fczulid\u0259 aeroport tikib istifad\u0259y\u0259 verm\u0259si, \u0259slind\u0259 bu aeroportdan, h\u0259m d\u0259 \u0130srailin \u0130rana qar\u015f\u0131 istifad\u0259 etm\u0259si \u00fc\u00e7\u00fcn d\u0259 n\u0259z\u0259rd\u0259 tutulmu\u015f ola bil\u0259r.\u00bb <\/p>\n\n\n\n<p>Erm\u0259ni \u015f\u0259r\u0259fsizl\u0259rin bu v\u0259 buna b\u0259nz\u0259r q\u0131z\u0131\u015fd\u0131r\u0131c\u0131 m\u0259qal\u0259l\u0259ri do\u011frudan da \u0130randa anti Az\u0259rbaycan \u0259hvali ruhiyy\u0259sinin formala\u015fmas\u0131nda m\u00fch\u00fcm rol oynaya bil\u0259r.<\/p>\n\n\n\n<p> <strong>DOSTLAR, bu m\u00f6vzuya dair Sizin r\u0259yl\u0259riniz v\u0259 t\u0259klifl\u0259riniz maraql\u0131 olard\u0131. <\/strong><\/p>\n\n\n\n<p><strong>\u0130smay\u0131l TANRIVERD\u0130 <\/strong><\/p>\n\n\n\n<p><strong>BDU-nun Erm\u0259ni Ara\u015fd\u0131rmalar\u0131 v\u0259T\u0259lim M\u0259rk\u0259zinin Direktoru<\/strong><\/p>\n","protected":false},"excerpt":{"rendered":"<p>Erm\u0259ni siyasi analitik Argi\u015fti Kiviryan Erm\u0259ni m\u0259tbuat\u0131nda yaz\u0131r: \u00ab\u0130ran Az\u0259rbaycanla s\u0259rh\u0259dd\u0259, daha konkret XUDAF\u018fR\u0130N k\u00f6rp\u00fcs\u00fc istiqam\u0259tind\u0259 irimiqyasl\u0131 h\u0259rbi t\u0259liml\u0259r\u0259 ba\u015flay\u0131b. Bu t\u0259liml\u0259rl\u0259 \u0130ran \u00f6z<\/p>\n","protected":false},"author":2,"featured_media":0,"comment_status":"closed","ping_status":"closed","sticky":false,"template":"","format":"standard","meta":{"footnotes":""},"categories":[1],"tags":[],"class_list":["post-48989","post","type-post","status-publish","format-standard","hentry","category-siyast"],"aioseo_notices":[],"_links":{"self":[{"href":"https:\/\/fedai.az\/index.php?rest_route=\/wp\/v2\/posts\/48989","targetHints":{"allow":["GET"]}}],"collection":[{"href":"https:\/\/fedai.az\/index.php?rest_route=\/wp\/v2\/posts"}],"about":[{"href":"https:\/\/fedai.az\/index.php?rest_route=\/wp\/v2\/types\/post"}],"author":[{"embeddable":true,"href":"https:\/\/fedai.az\/index.php?rest_route=\/wp\/v2\/users\/2"}],"replies":[{"embeddable":true,"href":"https:\/\/fedai.az\/index.php?rest_route=%2Fwp%2Fv2%2Fcomments&post=48989"}],"version-history":[{"count":1,"href":"https:\/\/fedai.az\/index.php?rest_route=\/wp\/v2\/posts\/48989\/revisions"}],"predecessor-version":[{"id":48991,"href":"https:\/\/fedai.az\/index.php?rest_route=\/wp\/v2\/posts\/48989\/revisions\/48991"}],"wp:attachment":[{"href":"https:\/\/fedai.az\/index.php?rest_route=%2Fwp%2Fv2%2Fmedia&parent=48989"}],"wp:term":[{"taxonomy":"category","embeddable":true,"href":"https:\/\/fedai.az\/index.php?rest_route=%2Fwp%2Fv2%2Fcategories&post=48989"},{"taxonomy":"post_tag","embeddable":true,"href":"https:\/\/fedai.az\/index.php?rest_route=%2Fwp%2Fv2%2Ftags&post=48989"}],"curies":[{"name":"wp","href":"https:\/\/api.w.org\/{rel}","templated":true}]}}