{"id":48992,"date":"2021-09-22T02:20:03","date_gmt":"2021-09-21T22:20:03","guid":{"rendered":"https:\/\/fedai.az\/?p=48992"},"modified":"2021-09-22T02:20:07","modified_gmt":"2021-09-21T22:20:07","slug":"t%c9%99brik-niyazi-quliyev-58","status":"publish","type":"post","link":"https:\/\/fedai.az\/?p=48992","title":{"rendered":"T\u018fBR\u0130K: N\u0130YAZ\u0130 QUL\u0130YEV &#8212; 58"},"content":{"rendered":"\n<p><strong><span class=\"has-inline-color has-vivid-red-color\">Qaraba\u011f u\u011frunda d\u00f6y\u00fc\u015fl\u0259rin, o c\u00fcml\u0259d\u0259n Da\u015falt\u0131 \u0259m\u0259liyyat\u0131n\u0131n i\u015ftirak\u00e7\u0131s\u0131, AVMV\u0130B-nin t\u0259\u015fkilatlanmas\u0131nda x\u00fcsusi xidm\u0259tl\u0259ri olan, AVMV\u0130B NTK s\u0259dri Niyazi Quliyevin 58 ya\u015f\u0131 tamam olur.<\/span><\/strong><\/p>\n\n\n\n<p>Niyazi Quliyev AVMV\u0130B-nin f\u0259aliyy\u0259tind\u0259 NTK s\u0259dri kimi m\u00fcst\u0259sna xidm\u0259tl\u0259ri olan veteranlar\u0131m\u0131zdand\u0131r. A\u011f\u0131r d\u00f6y\u00fc\u015fl\u0259rin s\u0131na\u011f\u0131ndan \u00e7\u0131xm\u0131\u015f Niyazi Quliyev bu g\u00fcn d\u0259 i\u015ftirak\u00e7\u0131s\u0131 oldu\u011fu Da\u015falt\u0131 \u0259m\u0259liyyat\u0131nda itkin d\u00fc\u015f\u0259n d\u00f6y\u00fc\u015f yolda\u015flar\u0131n\u0131n taleyi il\u0259 maraqlan\u0131r v\u0259 \u015f\u0259hidl\u0259rin siyah\u0131s\u0131n\u0131 t\u0259rtib etm\u0259si il\u0259 tan\u0131n\u0131r.<\/p>\n\n\n\n<figure class=\"wp-block-gallery columns-2 is-cropped wp-block-gallery-1 is-layout-flex wp-block-gallery-is-layout-flex\"><ul class=\"blocks-gallery-grid\"><li class=\"blocks-gallery-item\"><figure><img decoding=\"async\" src=\"https:\/\/fedai.az\/wp-content\/uploads\/2021\/09\/LDqz5a.png\" alt=\"\" data-id=\"48993\" data-full-url=\"https:\/\/fedai.az\/wp-content\/uploads\/2021\/09\/LDqz5a.png\" data-link=\"https:\/\/fedai.az\/?attachment_id=48993\" class=\"wp-image-48993\"\/><\/figure><\/li><li class=\"blocks-gallery-item\"><figure><img decoding=\"async\" src=\"https:\/\/fedai.az\/wp-content\/uploads\/2021\/09\/146546632_3918149534928109_8829249000208858158_n-1.jpg\" alt=\"\" data-id=\"47182\" data-full-url=\"https:\/\/fedai.az\/wp-content\/uploads\/2021\/09\/146546632_3918149534928109_8829249000208858158_n-1.jpg\" data-link=\"https:\/\/fedai.az\/?attachment_id=47182\" class=\"wp-image-47182\"\/><\/figure><\/li><\/ul><\/figure>\n\n\n\n<p>44 g\u00fcnl\u00fck V\u0259t\u0259n m\u00fcharib\u0259si g\u00fcnl\u0259rind\u0259 d\u0259 daim \u00f6nd\u0259 \u0259sg\u0259rl\u0259rimizin yan\u0131nda olma\u011fa v\u0259 V\u0259t\u0259nimizin d\u00fc\u015fm\u0259n tapda\u011f\u0131ndan azad edilm\u0259sin\u0259 \u00f6z t\u00f6hf\u0259sini verm\u0259y\u0259 \u00e7al\u0131\u015fd\u0131. H\u0259r bir veteran kimi \u0259n \u00fcmd\u0259 arzusu do\u011fma torpaqlar\u0131m\u0131z\u0131n ya\u011f\u0131 d\u00fc\u015fm\u0259nd\u0259n t\u0259mizl\u0259nm\u0259si arzusuna \u00e7atan veteran\u0131m\u0131za b\u00fct\u00fcn arzular\u0131na \u00e7atma\u0131n\u0131 arzulay\u0131r\u0131q.<\/p>\n\n\n\n<figure class=\"wp-block-gallery columns-2 is-cropped wp-block-gallery-2 is-layout-flex wp-block-gallery-is-layout-flex\"><ul class=\"blocks-gallery-grid\"><li class=\"blocks-gallery-item\"><figure><img decoding=\"async\" src=\"https:\/\/fedai.az\/wp-content\/uploads\/2021\/09\/142114473_216973506797902_7161875520399554485_n-1-768x1024.jpg\" alt=\"\" data-id=\"48995\" data-full-url=\"https:\/\/fedai.az\/wp-content\/uploads\/2021\/09\/142114473_216973506797902_7161875520399554485_n-1.jpg\" data-link=\"https:\/\/fedai.az\/?attachment_id=48995\" class=\"wp-image-48995\"\/><\/figure><\/li><li class=\"blocks-gallery-item\"><figure><img decoding=\"async\" src=\"https:\/\/fedai.az\/wp-content\/uploads\/2021\/09\/142428762_197831662073817_5304127044229612338_n-1-768x1024-1.jpg\" alt=\"\" data-id=\"48994\" data-link=\"https:\/\/fedai.az\/?attachment_id=48994\" class=\"wp-image-48994\"\/><\/figure><\/li><\/ul><\/figure>\n\n\n\n<p>Ad g\u00fcn\u00fc m\u00fcnasib\u0259tiyl\u0259 Niyazi b\u0259yi t\u0259brik edir, uzun \u00f6m\u00fcr v\u0259 bu \u00f6mr\u00fc k\u00f6n\u00fcl xo\u015flu\u011fu il\u0259 ke\u00e7irm\u0259sini arzu edirik!<\/p>\n\n\n\n<p><strong>100 ya\u015fa, Niyazi b\u0259y!<\/strong><\/p>\n\n\n\n<p><strong>B\u00fct\u00fcn g\u00f6z\u0259llikl\u0259r s\u0259nin olsun&#8230;<\/strong><\/p>\n\n\n\n<p><strong>AVMV\u0130B R\u018fHB\u018fRL\u0130Y\u0130 V\u018f FEDA\u0130.AZ KOLLEKT\u0130V\u0130<\/strong><\/p>\n\n\n\n<figure class=\"wp-block-image size-large is-resized\"><img loading=\"lazy\" decoding=\"async\" src=\"https:\/\/fedai.az\/wp-content\/uploads\/2021\/09\/242588286_106550015120378_6846330346857503214_n.jpg\" alt=\"\" class=\"wp-image-48996\" width=\"919\" height=\"689\"\/><\/figure>\n\n\n\n<figure class=\"wp-block-image size-large is-resized\"><img loading=\"lazy\" decoding=\"async\" src=\"https:\/\/fedai.az\/wp-content\/uploads\/2021\/09\/242445572_106549828453730_5165772995600528046_n.jpg\" alt=\"\" class=\"wp-image-48997\" width=\"920\" height=\"1226\"\/><\/figure>\n\n\n\n<figure class=\"wp-block-image size-large is-resized\"><img loading=\"lazy\" decoding=\"async\" src=\"https:\/\/fedai.az\/wp-content\/uploads\/2021\/09\/242397994_106549345120445_4782434625248743957_n.jpg\" alt=\"\" class=\"wp-image-48998\" width=\"919\" height=\"1225\"\/><\/figure>\n\n\n\n<figure class=\"wp-block-gallery columns-2 is-cropped wp-block-gallery-3 is-layout-flex wp-block-gallery-is-layout-flex\"><ul class=\"blocks-gallery-grid\"><li class=\"blocks-gallery-item\"><figure><img decoding=\"async\" src=\"https:\/\/fedai.az\/wp-content\/uploads\/2021\/09\/R8eM3W.png\" alt=\"\" data-id=\"48999\" data-link=\"https:\/\/fedai.az\/?attachment_id=48999\" class=\"wp-image-48999\"\/><\/figure><\/li><li class=\"blocks-gallery-item\"><figure><img decoding=\"async\" src=\"https:\/\/fedai.az\/wp-content\/uploads\/2021\/09\/8265a327389da9fe4fdc2714b309120e-2-12.jpg\" alt=\"\" data-id=\"49000\" data-full-url=\"https:\/\/fedai.az\/wp-content\/uploads\/2021\/09\/8265a327389da9fe4fdc2714b309120e-2-12.jpg\" data-link=\"https:\/\/fedai.az\/?attachment_id=49000\" class=\"wp-image-49000\"\/><\/figure><\/li><\/ul><\/figure>\n","protected":false},"excerpt":{"rendered":"<p>Qaraba\u011f u\u011frunda d\u00f6y\u00fc\u015fl\u0259rin, o c\u00fcml\u0259d\u0259n Da\u015falt\u0131 \u0259m\u0259liyyat\u0131n\u0131n i\u015ftirak\u00e7\u0131s\u0131, AVMV\u0130B-nin t\u0259\u015fkilatlanmas\u0131nda x\u00fcsusi xidm\u0259tl\u0259ri olan, AVMV\u0130B NTK s\u0259dri Niyazi Quliyevin 58 ya\u015f\u0131 tamam olur. Niyazi Quliyev<\/p>\n","protected":false},"author":2,"featured_media":0,"comment_status":"closed","ping_status":"closed","sticky":false,"template":"","format":"standard","meta":{"footnotes":""},"categories":[11],"tags":[],"class_list":["post-48992","post","type-post","status-publish","format-standard","hentry","category-tbrik"],"aioseo_notices":[],"_links":{"self":[{"href":"https:\/\/fedai.az\/index.php?rest_route=\/wp\/v2\/posts\/48992","targetHints":{"allow":["GET"]}}],"collection":[{"href":"https:\/\/fedai.az\/index.php?rest_route=\/wp\/v2\/posts"}],"about":[{"href":"https:\/\/fedai.az\/index.php?rest_route=\/wp\/v2\/types\/post"}],"author":[{"embeddable":true,"href":"https:\/\/fedai.az\/index.php?rest_route=\/wp\/v2\/users\/2"}],"replies":[{"embeddable":true,"href":"https:\/\/fedai.az\/index.php?rest_route=%2Fwp%2Fv2%2Fcomments&post=48992"}],"version-history":[{"count":1,"href":"https:\/\/fedai.az\/index.php?rest_route=\/wp\/v2\/posts\/48992\/revisions"}],"predecessor-version":[{"id":49002,"href":"https:\/\/fedai.az\/index.php?rest_route=\/wp\/v2\/posts\/48992\/revisions\/49002"}],"wp:attachment":[{"href":"https:\/\/fedai.az\/index.php?rest_route=%2Fwp%2Fv2%2Fmedia&parent=48992"}],"wp:term":[{"taxonomy":"category","embeddable":true,"href":"https:\/\/fedai.az\/index.php?rest_route=%2Fwp%2Fv2%2Fcategories&post=48992"},{"taxonomy":"post_tag","embeddable":true,"href":"https:\/\/fedai.az\/index.php?rest_route=%2Fwp%2Fv2%2Ftags&post=48992"}],"curies":[{"name":"wp","href":"https:\/\/api.w.org\/{rel}","templated":true}]}}