{"id":49038,"date":"2021-09-23T00:25:59","date_gmt":"2021-09-22T20:25:59","guid":{"rendered":"https:\/\/fedai.az\/?p=49038"},"modified":"2021-09-23T00:26:02","modified_gmt":"2021-09-22T20:26:02","slug":"prezident-muxtar-babayevi-s%c9%99dr-t%c9%99yin-etdi","status":"publish","type":"post","link":"https:\/\/fedai.az\/?p=49038","title":{"rendered":"Prezident Muxtar Babayevi s\u0259dr t\u0259yin etdi"},"content":{"rendered":"\n<p><strong>Prezident \u0130lham \u018fliyev &#171;T\u0259miz \u015e\u0259h\u0259r\u201d A\u00e7\u0131q S\u0259hmdar C\u0259miyy\u0259tinin Az\u0259rbaycan \u0130nvestisiya Holdinqinin idar\u0259etm\u0259sin\u0259 verilm\u0259si v\u0259 bundan ir\u0259li g\u0259l\u0259n bir s\u0131ra m\u0259s\u0259l\u0259l\u0259rin t\u0259nziml\u0259nm\u0259si, &#171;M\u0259i\u015f\u0259t tullant\u0131lar\u0131 il\u0259 ba\u011fl\u0131 idar\u0259etm\u0259nin t\u0259kmill\u0259\u015fdirilm\u0259si haqq\u0131nda\u201d Az\u0259rbaycan Respublikas\u0131 Prezidentinin 2008-ci il 6 avqust tarixli 2983 n\u00f6mr\u0259li S\u0259r\u0259ncam\u0131nda d\u0259yi\u015fiklik edilm\u0259si bar\u0259d\u0259 s\u0259r\u0259ncam imzalay\u0131b.<\/strong><\/p>\n\n\n\n<p><br>Qaynarinfo x\u0259b\u0259r verir ki, d\u0259yi\u015fiklikl\u0259 &#171;Az\u0259rbaycan \u0130nvestisiya Holdinqinin f\u0259aliyy\u0259tinin t\u0259min edilm\u0259si haqq\u0131nda\u201d Az\u0259rbaycan Respublikas\u0131 Prezidentinin 2020-ci il 5 noyabr tarixli 1174 n\u00f6mr\u0259li F\u0259rman\u0131n\u0131n 1-ci hiss\u0259si il\u0259 t\u0259sdiq edilmi\u015f siyah\u0131da n\u0259z\u0259rd\u0259 tutulan &#171;T\u0259miz \u015e\u0259h\u0259r\u201d A\u00e7\u0131q S\u0259hmdar C\u0259miyy\u0259ti (bundan sonra \u2013 C\u0259miyy\u0259t) Az\u0259rbaycan \u0130nvestisiya Holdinqinin idar\u0259etm\u0259sin\u0259 verilib.<br>C\u0259miyy\u0259tin M\u00fc\u015fahid\u0259 \u015euras\u0131n\u0131n a\u015fa\u011f\u0131dak\u0131 t\u0259rkibi t\u0259sdiq edilib:<\/p>\n\n\n\n<p><br><strong>M\u00fc\u015fahid\u0259 \u015euras\u0131n\u0131n s\u0259dri:<br>Muxtar Babayev \u2013 Az\u0259rbaycan Respublikas\u0131n\u0131n ekologiya v\u0259 t\u0259bii s\u0259rv\u0259tl\u0259r naziri<br>M\u00fc\u015fahid\u0259 \u015euras\u0131n\u0131n \u00fczvl\u0259ri<br>S\u0259m\u0259d B\u0259\u015firli \u2013 Az\u0259rbaycan Respublikas\u0131 iqtisadiyyat nazirinin m\u00fc\u015faviri<br>Anar Novruzov \u2013 Az\u0259rbaycan \u0130nvestisiya Holdinqinin Ba\u015f icra\u00e7\u0131 direktorunun m\u00fcavini.<\/strong><\/p>\n\n\n\n<p><br>Nazirl\u0259r Kabinetin\u0259 C\u0259miyy\u0259tin Az\u0259rbaycan \u0130nvestisiya Holdinqinin idar\u0259etm\u0259sin\u0259 verilm\u0259sind\u0259n ir\u0259li g\u0259l\u0259n m\u0259s\u0259l\u0259l\u0259rin h\u0259lli \u00fc\u00e7\u00fcn z\u0259ruri t\u0259dbirl\u0259r g\u00f6rm\u0259k v\u0259 S\u0259r\u0259ncamdan ir\u0259li g\u0259l\u0259n dig\u0259r m\u0259s\u0259l\u0259l\u0259ri h\u0259ll etm\u0259k tap\u015f\u0131r\u0131l\u0131b.<\/p>\n","protected":false},"excerpt":{"rendered":"<p>Prezident \u0130lham \u018fliyev &#171;T\u0259miz \u015e\u0259h\u0259r\u201d A\u00e7\u0131q S\u0259hmdar C\u0259miyy\u0259tinin Az\u0259rbaycan \u0130nvestisiya Holdinqinin idar\u0259etm\u0259sin\u0259 verilm\u0259si v\u0259 bundan ir\u0259li g\u0259l\u0259n bir s\u0131ra m\u0259s\u0259l\u0259l\u0259rin t\u0259nziml\u0259nm\u0259si, &#171;M\u0259i\u015f\u0259t tullant\u0131lar\u0131 il\u0259<\/p>\n","protected":false},"author":2,"featured_media":0,"comment_status":"closed","ping_status":"closed","sticky":false,"template":"","format":"standard","meta":{"footnotes":""},"categories":[12],"tags":[],"class_list":["post-49038","post","type-post","status-publish","format-standard","hentry","category-sosial"],"aioseo_notices":[],"_links":{"self":[{"href":"https:\/\/fedai.az\/index.php?rest_route=\/wp\/v2\/posts\/49038","targetHints":{"allow":["GET"]}}],"collection":[{"href":"https:\/\/fedai.az\/index.php?rest_route=\/wp\/v2\/posts"}],"about":[{"href":"https:\/\/fedai.az\/index.php?rest_route=\/wp\/v2\/types\/post"}],"author":[{"embeddable":true,"href":"https:\/\/fedai.az\/index.php?rest_route=\/wp\/v2\/users\/2"}],"replies":[{"embeddable":true,"href":"https:\/\/fedai.az\/index.php?rest_route=%2Fwp%2Fv2%2Fcomments&post=49038"}],"version-history":[{"count":1,"href":"https:\/\/fedai.az\/index.php?rest_route=\/wp\/v2\/posts\/49038\/revisions"}],"predecessor-version":[{"id":49040,"href":"https:\/\/fedai.az\/index.php?rest_route=\/wp\/v2\/posts\/49038\/revisions\/49040"}],"wp:attachment":[{"href":"https:\/\/fedai.az\/index.php?rest_route=%2Fwp%2Fv2%2Fmedia&parent=49038"}],"wp:term":[{"taxonomy":"category","embeddable":true,"href":"https:\/\/fedai.az\/index.php?rest_route=%2Fwp%2Fv2%2Fcategories&post=49038"},{"taxonomy":"post_tag","embeddable":true,"href":"https:\/\/fedai.az\/index.php?rest_route=%2Fwp%2Fv2%2Ftags&post=49038"}],"curies":[{"name":"wp","href":"https:\/\/api.w.org\/{rel}","templated":true}]}}