{"id":49044,"date":"2021-09-23T00:41:45","date_gmt":"2021-09-22T20:41:45","guid":{"rendered":"https:\/\/fedai.az\/?p=49044"},"modified":"2021-09-23T00:41:48","modified_gmt":"2021-09-22T20:41:48","slug":"allahsukur-pasazad%c9%99-iran-ay%c9%99tullahinin-quslamasina-el%c9%99-qusla-cavab-verdi","status":"publish","type":"post","link":"https:\/\/fedai.az\/?p=49044","title":{"rendered":"Allah\u015f\u00fck\u00fcr Pa\u015fazad\u0259 \u0130ran ay\u0259tullah\u0131n\u0131n &#171;qu\u015flamas\u0131na&#187; el\u0259 qu\u015fla cavab verdi"},"content":{"rendered":"\n<p>Qafqaz M\u00fcs\u0259lmanlar\u0131 \u0130dar\u0259sinin (QM\u0130) s\u0259dri \u015eeyx\u00fclislam Allah\u015f\u00fck\u00fcr Pa\u015fazad\u0259 \u0130ran\u0131n ali dini lideri ay\u0259tullah Xameneyinin n\u00fcmay\u0259nd\u0259si, \u018frd\u0259bil \u015f\u0259h\u0259rinin imamc\u00fcm\u0259si ay\u0259tullah Seyid H\u0259s\u0259n Amilinin s\u0259sl\u0259ndirdiyi fikirl\u0259r\u0259 m\u00fcnasib\u0259t bildirib.<br><\/p>\n\n\n\n<p>QM\u0130-nin m\u0259tbuat xidm\u0259tind\u0259n daxil olan\u00a0a\u00e7\u0131qlamada deyilir:<br><\/p>\n\n\n\n<p>&#171;44 g\u00fcnl\u00fck V\u0259t\u0259n m\u00fcharib\u0259sinin birinci ild\u00f6n\u00fcm\u00fc, \u015f\u0259hidl\u0259rimizin An\u0131m g\u00fcnl\u0259ri, h\u0259m\u00e7inin, \u0130mam H\u00fcseyn \u018fleyhiss\u0259lam\u0131n 40-\u0131 &#8212; \u018frb\u0259in \u0259r\u0259f\u0259sind\u0259 \u018frd\u0259bil m\u0259scidinin imam\u0131n\u0131n s\u0259sl\u0259ndirdiyi fikirl\u0259r Az\u0259rbaycan c\u0259miyy\u0259tind\u0259 t\u0259\u0259ss\u00fcfl\u0259 qar\u015f\u0131lanm\u0131\u015f, dindarlar\u0131n haql\u0131 naraz\u0131l\u0131\u011f\u0131na s\u0259b\u0259b olub. Bu m\u0259s\u0259l\u0259 il\u0259 ba\u011fl\u0131 dini m\u0259rk\u0259z &#8212; Qafqaz M\u00fcs\u0259lmanlar\u0131 \u0130dar\u0259sin\u0259 \u00e7oxsayl\u0131 m\u00fcraci\u0259tl\u0259r daxil olmaqdad\u0131r.<\/p>\n\n\n\n<p><br>Bildiririk ki, A\u011fayi Amulininin m\u0259lum \u00e7\u0131x\u0131\u015f\u0131, \u0259lb\u0259tt\u0259 ki, \u0130ran-Az\u0259rbaycan \u0259laq\u0259l\u0259rinin m\u00f6hk\u0259ml\u0259nm\u0259sin\u0259, xalqlar\u0131m\u0131z aras\u0131nda dostluq v\u0259 qarda\u015fl\u0131q m\u00fcnasib\u0259tl\u0259rinin d\u0259rinl\u0259\u015fm\u0259sin\u0259 xidm\u0259t etmir. \u018frd\u0259bil kimi q\u0259dim, z\u0259ngin tarix\u0259 malik bir Az\u0259rbaycan \u015f\u0259h\u0259rind\u0259, dini-m\u0259d\u0259ni irsimiz\u0259 h\u0259mi\u015f\u0259 ehtiram b\u0259sl\u0259y\u0259n bir icman\u0131n h\u00fczurunda bel\u0259 bir \u00e7\u0131x\u0131\u015f\u0131 \u00f6z\u00fcn\u0259 r\u0259va bilm\u0259k az\u0131 h\u00f6rm\u0259tsizlikdir. \u0130ran \u0130slam Respublikas\u0131n\u0131n da etiraf etdiyi kimi, Az\u0259rbaycan \u00f6z torpaqlar\u0131n\u0131 &#8212; Qaraba\u011f\u0131 azad etm\u0259kl\u0259 \u0259razi b\u00fct\u00f6vl\u00fcy\u00fcn\u00fc b\u0259rpa edib. \u0130ndi is\u0259 bu torpaqlarda \u00f6z suveren h\u00fcquqlar\u0131n\u0131, beyn\u0259lxalq qanunlara uy\u011fun olaraq m\u00f6hk\u0259ml\u0259ndirm\u0259kl\u0259, erm\u0259ni barbarlar\u0131n\u0131n da\u011f\u0131td\u0131\u011f\u0131, tarmar etdiyi evl\u0259rimizi, viran qoyub donuz t\u00f6vl\u0259sin\u0259 \u00e7evirdiyi m\u0259scidl\u0259rimizi, m\u0259hv etdiyi m\u0259d\u0259ni-m\u0259n\u0259vi irsimizi b\u0259rpa v\u0259 yenid\u0259nqurma i\u015fl\u0259ri apard\u0131\u011f\u0131 zaman bu u\u011furlara biziml\u0259 b\u0259rab\u0259r a\u011fayi Amulinin d\u0259 sevinm\u0259si m\u0259ntiqi olard\u0131. Lakin t\u0259\u0259ss\u00fcf ki, \u018frd\u0259bil m\u0259scidinin imam\u0131 q\u0259sbkarlar\u0131n, separat\u00e7\u0131lar\u0131n vandal \u0259m\u0259ll\u0259rin\u0259 g\u00f6z yumma\u011f\u0131 t\u0259rcih etdi. Biz dindarlar, m\u00f6minl\u0259r y\u0259qin ki \u015fird\u0259n, onun quyru\u011fundan, m\u00fcharib\u0259d\u0259n deyil, Allah\u0131n buyurdu\u011fu, Pey\u011f\u0259mb\u0259rimizin t\u00f6vsiy\u0259 etdiyi kimi s\u00fclh, bar\u0131\u015f, dinclik niyy\u0259tind\u0259n, onun r\u0259mzi olan g\u00f6y\u0259r\u00e7ind\u0259n dan\u0131\u015fmal\u0131y\u0131q.<br><\/p>\n\n\n\n<p>Dindarlar, din xadiml\u0259ri Uca Allah\u0131n h\u00f6km\u00fcn\u0259 istinad\u0259n insanlar\u0131 do\u011fru yola, haqq yoluna, \u0259dal\u0259t\u0259 d\u0259v\u0259t etm\u0259liyik. M\u00fcq\u0259dd\u0259s Kitab\u0131m\u0131zda buyuruldu\u011fu kimi: &#171;<strong>(\u0130nsanlar\u0131) R\u0259bbinin yoluna hikm\u0259tl\u0259, g\u00f6z\u0259l \u00f6y\u00fcd-n\u0259sih\u0259tl\u0259 d\u0259v\u0259t et v\u0259 onlarla \u0259n g\u00f6z\u0259l t\u0259rzd\u0259 m\u00fccadil\u0259 et. \u015e\u00fcbh\u0259siz ki, yolunu azanlar\u0131 da, do\u011fru yolda olanlar\u0131 da R\u0259bbin yax\u015f\u0131 tan\u0131y\u0131r&#187;&nbsp;<\/strong>(N\u0259hl, 125)<strong>.<br><\/strong><\/p>\n\n\n\n<p>Az\u0259rbaycan-\u0130ran dostluq v\u0259 \u0259m\u0259kda\u015fl\u0131q m\u00fcnasib\u0259tl\u0259rin\u0259 x\u0259l\u0259l g\u0259tir\u0259 bil\u0259c\u0259k bel\u0259 \u00e7\u0131x\u0131\u015flar mehriban qon\u015fuluq, \u0130slam h\u0259mr\u0259yliyi ruhuna t\u0259mamil\u0259 ziddir. Qaraba\u011f m\u00fcnaqi\u015f\u0259si bitib. Z\u0259nnimizc\u0259, A\u011fayi Amulinin x\u00fctb\u0259l\u0259rini bu s\u0259mt\u0259 y\u00f6n\u0259ltm\u0259si m\u00fcnasib olard\u0131.<br><\/p>\n\n\n\n<p>Allah haqq yolunda olanlara yard\u0131m\u00e7\u0131 olsun!&#187;.<\/p>\n\n\n\n<p><br><br>Xat\u0131rladaq ki,&nbsp;ki, ay\u0259tullah Seyid H\u0259s\u0259n Amuli Az\u0259rbaycan, T\u00fcrkiy\u0259 v\u0259 Pakistan h\u0259rb\u00e7il\u0259rinin bu ayx\u0131nlarda birg\u0259 h\u0259rbi t\u0259liml\u0259r ke\u00e7irm\u0259sin\u0259 m\u00fcnasib\u0259t bildir\u0259r\u0259k\u0259n Az\u0259rbaycan\u0131 h\u0259d\u0259l\u0259mi\u015f, \u201c\u015firin quyru\u011fu il\u0259 oynamama\u011f\u0131\u201d m\u0259sl\u0259h\u0259t g\u00f6rm\u00fc\u015fd\u00fc. \u015eir dey\u0259nd\u0259 ay\u0259tullah Amuli \u0130ran\u0131 n\u0259z\u0259rd\u0259 tutmu\u015fdu.<\/p>\n","protected":false},"excerpt":{"rendered":"<p>Qafqaz M\u00fcs\u0259lmanlar\u0131 \u0130dar\u0259sinin (QM\u0130) s\u0259dri \u015eeyx\u00fclislam Allah\u015f\u00fck\u00fcr Pa\u015fazad\u0259 \u0130ran\u0131n ali dini lideri ay\u0259tullah Xameneyinin n\u00fcmay\u0259nd\u0259si, \u018frd\u0259bil \u015f\u0259h\u0259rinin imamc\u00fcm\u0259si ay\u0259tullah Seyid H\u0259s\u0259n Amilinin s\u0259sl\u0259ndirdiyi fikirl\u0259r\u0259<\/p>\n","protected":false},"author":2,"featured_media":49045,"comment_status":"closed","ping_status":"closed","sticky":false,"template":"","format":"standard","meta":{"footnotes":""},"categories":[1],"tags":[],"class_list":["post-49044","post","type-post","status-publish","format-standard","has-post-thumbnail","hentry","category-siyast"],"aioseo_notices":[],"_links":{"self":[{"href":"https:\/\/fedai.az\/index.php?rest_route=\/wp\/v2\/posts\/49044","targetHints":{"allow":["GET"]}}],"collection":[{"href":"https:\/\/fedai.az\/index.php?rest_route=\/wp\/v2\/posts"}],"about":[{"href":"https:\/\/fedai.az\/index.php?rest_route=\/wp\/v2\/types\/post"}],"author":[{"embeddable":true,"href":"https:\/\/fedai.az\/index.php?rest_route=\/wp\/v2\/users\/2"}],"replies":[{"embeddable":true,"href":"https:\/\/fedai.az\/index.php?rest_route=%2Fwp%2Fv2%2Fcomments&post=49044"}],"version-history":[{"count":1,"href":"https:\/\/fedai.az\/index.php?rest_route=\/wp\/v2\/posts\/49044\/revisions"}],"predecessor-version":[{"id":49046,"href":"https:\/\/fedai.az\/index.php?rest_route=\/wp\/v2\/posts\/49044\/revisions\/49046"}],"wp:featuredmedia":[{"embeddable":true,"href":"https:\/\/fedai.az\/index.php?rest_route=\/wp\/v2\/media\/49045"}],"wp:attachment":[{"href":"https:\/\/fedai.az\/index.php?rest_route=%2Fwp%2Fv2%2Fmedia&parent=49044"}],"wp:term":[{"taxonomy":"category","embeddable":true,"href":"https:\/\/fedai.az\/index.php?rest_route=%2Fwp%2Fv2%2Fcategories&post=49044"},{"taxonomy":"post_tag","embeddable":true,"href":"https:\/\/fedai.az\/index.php?rest_route=%2Fwp%2Fv2%2Ftags&post=49044"}],"curies":[{"name":"wp","href":"https:\/\/api.w.org\/{rel}","templated":true}]}}