{"id":49051,"date":"2021-09-23T01:06:44","date_gmt":"2021-09-22T21:06:44","guid":{"rendered":"https:\/\/fedai.az\/?p=49051"},"modified":"2021-09-23T01:06:47","modified_gmt":"2021-09-22T21:06:47","slug":"v%c9%99t%c9%99n-muharib%c9%99sinin-ildonumund%c9%99-az%c9%99rbaycana-qarsi-hucum-hazirligi-basladi","status":"publish","type":"post","link":"https:\/\/fedai.az\/?p=49051","title":{"rendered":"V\u0259t\u0259n m\u00fcharib\u0259sinin ild\u00f6n\u00fcm\u00fcnd\u0259 Az\u0259rbaycana qar\u015f\u0131 H\u00dcCUM HAZIRLI\u011eI BA\u015eLADI"},"content":{"rendered":"\n<p><strong>V\u0259t\u0259n m\u00fcharib\u0259sinin ild\u00f6n\u00fcm\u00fc yax\u0131nla\u015f\u0131r. Az\u0259rbaycan torpaqlar\u0131nda 30 illik erm\u0259ni i\u015f\u011fal\u0131na son qoyulmas\u0131n\u0131n, tarixi Q\u0259l\u0259b\u0259nin birinci ild\u00f6n\u00fcm\u00fcn\u0259 haz\u0131rla\u015f\u0131r. M\u00fcst\u0259qilliyimizi b\u0259rpa ed\u0259nd\u0259n sonra ilk d\u0259f\u0259dir ki, bu il rayonlar\u0131m\u0131z\u0131n i\u015f\u011fal tarixini yox, azad edilm\u0259si tarixini qeyd ed\u0259c\u0259yik.<\/strong><br><br>Lakin V\u0259t\u0259n m\u00fcharib\u0259sinin ild\u00f6n\u00fcm\u00fcn\u0259 haz\u0131rla\u015fan t\u0259kc\u0259 biz deyilik. Tarixi Q\u0259l\u0259b\u0259nin ild\u00f6n\u00fcm\u00fc \u0259r\u0259f\u0259sind\u0259 \u00f6lk\u0259miz\u0259 qar\u015f\u0131 yeni h\u00fccumun ba\u015flanmas\u0131 c\u0259hdl\u0259ri m\u00fc\u015fahid\u0259 olunur. Bu h\u00fccumda h\u0259d\u0259f, vasit\u0259\u00e7i v\u0259 sifari\u015f ver\u0259nl\u0259r d\u0259 b\u0259llidir.<br><br>H\u0259d\u0259f: Az\u0259rbaycan\u0131n d\u00f6vl\u0259t siyas\u0259ti, \u00f6lk\u0259d\u0259 m\u00f6vcud durum v\u0259 hakimiyy\u0259td\u0259 t\u0259msil olunmu\u015f m\u00fcxt\u0259lif y\u00fcks\u0259k v\u0259zif\u0259li \u015f\u0259xsl\u0259rdir. Bununla ba\u011fl\u0131 \u00fcnvanl\u0131 qarayaxma kampaniyas\u0131na start verilir. Burada bird\u0259n \u00e7ox m\u0259qs\u0259d var:<br><br>1. Tarixi Q\u0259l\u0259b\u0259ni k\u00f6lg\u0259d\u0259 qoymaq;<\/p>\n\n\n\n<p>2. C\u0259miyy\u0259tin diqq\u0259tini \u00f6lk\u0259 daxilind\u0259 qabard\u0131lan \u201cs\u00fcni probleml\u0259r\u0259\u201d y\u00f6n\u0259ltm\u0259k;<\/p>\n\n\n\n<p>3. Hakimiyy\u0259ti, h\u0259m d\u0259 hakimiyy\u0259t \u00fcz\u0259rind\u0259n d\u00f6vl\u0259tin b\u00f6y\u00fck Z\u0259f\u0259rini k\u00f6lg\u0259l\u0259m\u0259k;<br><br>Burada \u0259sas qay\u0259 Erm\u0259nistan\u0131n m\u0259\u011flubiyy\u0259tini gizl\u0259tm\u0259k v\u0259 beyn\u0259lxalq ictimaiyy\u0259td\u0259 Az\u0259rbaycan haqq\u0131nda m\u0259nfi imicin yarad\u0131lmas\u0131d\u0131r.<br><br>Vasit\u0259\u00e7il\u0259r: Q\u0259rbin m\u00fc\u0259yy\u0259n dair\u0259l\u0259rinin v\u0259 onlar\u0131n t\u0259siri alt\u0131nda olan media v\u0259 QHT-l\u0259r v\u0259 ekspertl\u0259r.<br><br>Bu \u015f\u0259b\u0259k\u0259nin bel\u0259 tipli h\u00fccumlar\u0131 \u0259vv\u0259lki d\u00f6vrl\u0259r\u0259 d\u0259 m\u00fc\u015fahid\u0259 olunur. Az\u0259rbaycanla ba\u011fl\u0131 beyn\u0259lxalq s\u0259viyy\u0259li m\u0259s\u0259l\u0259l\u0259r g\u00fcnd\u0259m\u0259 g\u0259ldiyi zaman m\u0259lum \u015f\u0259b\u0259k\u0259 h\u0259r\u0259k\u0259t\u0259 ke\u00e7ir. \u0130ndiy\u0259 q\u0259d\u0259r Eurovision 2012, Avropa Oyunlar\u0131, \u0130slam H\u0259mr\u0259yliyi Oyunlar\u0131, m\u00fch\u00fcm enerji v\u0259 iqtisadi layih\u0259l\u0259r, beyn\u0259lxalq siyasi, iqtisadi, m\u0259d\u0259ni t\u0259dbirl\u0259r zaman\u0131 analoji hal ya\u015fan\u0131b. \u00c7\u00fcnki bel\u0259 t\u0259dbirl\u0259rd\u0259 beyn\u0259lxalq ictimaiyy\u0259tin diqq\u0259ti Az\u0259rbaycana y\u00f6n\u0259lir v\u0259 anti-Az\u0259rbaycan \u015f\u0259b\u0259k\u0259si bu diqq\u0259ti \u00f6z m\u0259qs\u0259dl\u0259rin\u0259 &#8212; Az\u0259rbaycan haqq\u0131nda m\u0259nfi r\u0259yin yarad\u0131lmas\u0131na y\u00f6n\u0259ltm\u0259y\u0259 \u00e7al\u0131\u015f\u0131rlar.<br><br>Eyni mexanizm yenid\u0259n i\u015f\u0259 d\u00fc\u015f\u00fcr. Tarixi Q\u0259l\u0259b\u0259mizd\u0259n sonra h\u0259min dair\u0259l\u0259r Az\u0259rbaycanda m\u00fcharib\u0259 d\u00f6vr\u00fcnd\u0259 daha da m\u00f6hk\u0259ml\u0259nmi\u015f, sars\u0131lmaz milli birlikd\u0259n narahatd\u0131rlar. Buna g\u00f6r\u0259 d\u0259 t\u0259\u015fkil olunan yeni kampaniyan\u0131n \u0259sas m\u0259qs\u0259di milli birliyi, xalq\u0131n \u00f6z liderin\u0259, hakimiyy\u0259t\u0259 olan inam\u0131n\u0131 v\u0259 etibar\u0131n\u0131 sars\u0131tmaqd\u0131r. Q\u0259rb dair\u0259l\u0259ri Az\u0259rbaycan\u0131n m\u00fcharib\u0259d\u0259 q\u0259l\u0259b\u0259sini h\u0259zm ed\u0259 bilmirl\u0259r v\u0259 s\u00fclh prosesin\u0259 z\u0259rb\u0259 vurma\u011fa \u00e7al\u0131\u015f\u0131rlar. Almaniya v\u0259 AB\u015e medias\u0131nda son zamanlar t\u0259\u015fkil olunan \u00fcnvanl\u0131 qarayaxma kampaniyalar\u0131n\u0131n \u0259sas m\u0259qs\u0259di d\u0259 budur.<br><br>B\u0259lli dair\u0259l\u0259r qondarma probleml\u0259ri ortaya at\u0131r, onun beyn\u0259lxalq miqyasda m\u00fczakir\u0259sini t\u0259\u015fkil etm\u0259y\u0259, m\u00f6vzunu Az\u0259rbaycan\u0131n informasiya m\u0259kan\u0131na ke\u00e7irtm\u0259y\u0259 \u00e7al\u0131\u015f\u0131rlar. Klassik \u00fcslubdur.<br><br>Sifari\u015fi ver\u0259nl\u0259r: Q\u0259rbd\u0259 anti-Az\u0259rbaycan dair\u0259l\u0259ri, erm\u0259ni diasporu\/lobbisi v\u0259 dig\u0259r maraql\u0131 qruplar.<br><br>Az\u0259rbaycana qar\u015f\u0131 qarayaxma kampaniyas\u0131n\u0131n arxas\u0131nda h\u0259mi\u015f\u0259 oldu\u011fu kimi, indi d\u0259 bu q\u00fcvv\u0259l\u0259r dayan\u0131r.<br><br>Burada Az\u0259rbaycan c\u0259miyy\u0259tinin \u00fcz\u0259rin\u0259 b\u00f6y\u00fck i\u015f d\u00fc\u015f\u00fcr. \u0130ctimaiyy\u0259t v\u0259 media bel\u0259 m\u0259s\u0259l\u0259l\u0259rd\u0259 h\u0259ssas olmal\u0131, bu tipli kampaniyalar\u0131 t\u0259\u015fkil ed\u0259nl\u0259r\u0259 v\u0259 daxild\u0259 ondan yararlanma\u011fa \u00e7al\u0131\u015fanlar\u0131 meydan verm\u0259m\u0259li v\u0259 \u00f6z q\u0259ti s\u00f6z\u00fcn\u00fc dem\u0259lidir. Tarixi Q\u0259l\u0259b\u0259mizin daha da m\u00f6hk\u0259ml\u0259nm\u0259si \u00fc\u00e7\u00fcn milli birlik m\u00fchafiz\u0259 olunmal\u0131d\u0131r.<br><br><strong>Asif N\u0259rimanl\u0131\u00a0<\/strong><\/p>\n\n\n\n<p>M\u0259nb\u0259: Publika.az<\/p>\n","protected":false},"excerpt":{"rendered":"<p>V\u0259t\u0259n m\u00fcharib\u0259sinin ild\u00f6n\u00fcm\u00fc yax\u0131nla\u015f\u0131r. Az\u0259rbaycan torpaqlar\u0131nda 30 illik erm\u0259ni i\u015f\u011fal\u0131na son qoyulmas\u0131n\u0131n, tarixi Q\u0259l\u0259b\u0259nin birinci ild\u00f6n\u00fcm\u00fcn\u0259 haz\u0131rla\u015f\u0131r. M\u00fcst\u0259qilliyimizi b\u0259rpa ed\u0259nd\u0259n sonra ilk d\u0259f\u0259dir ki,<\/p>\n","protected":false},"author":2,"featured_media":49052,"comment_status":"closed","ping_status":"closed","sticky":false,"template":"","format":"standard","meta":{"footnotes":""},"categories":[4],"tags":[],"class_list":["post-49051","post","type-post","status-publish","format-standard","has-post-thumbnail","hentry","category-qarabag"],"aioseo_notices":[],"_links":{"self":[{"href":"https:\/\/fedai.az\/index.php?rest_route=\/wp\/v2\/posts\/49051","targetHints":{"allow":["GET"]}}],"collection":[{"href":"https:\/\/fedai.az\/index.php?rest_route=\/wp\/v2\/posts"}],"about":[{"href":"https:\/\/fedai.az\/index.php?rest_route=\/wp\/v2\/types\/post"}],"author":[{"embeddable":true,"href":"https:\/\/fedai.az\/index.php?rest_route=\/wp\/v2\/users\/2"}],"replies":[{"embeddable":true,"href":"https:\/\/fedai.az\/index.php?rest_route=%2Fwp%2Fv2%2Fcomments&post=49051"}],"version-history":[{"count":1,"href":"https:\/\/fedai.az\/index.php?rest_route=\/wp\/v2\/posts\/49051\/revisions"}],"predecessor-version":[{"id":49053,"href":"https:\/\/fedai.az\/index.php?rest_route=\/wp\/v2\/posts\/49051\/revisions\/49053"}],"wp:featuredmedia":[{"embeddable":true,"href":"https:\/\/fedai.az\/index.php?rest_route=\/wp\/v2\/media\/49052"}],"wp:attachment":[{"href":"https:\/\/fedai.az\/index.php?rest_route=%2Fwp%2Fv2%2Fmedia&parent=49051"}],"wp:term":[{"taxonomy":"category","embeddable":true,"href":"https:\/\/fedai.az\/index.php?rest_route=%2Fwp%2Fv2%2Fcategories&post=49051"},{"taxonomy":"post_tag","embeddable":true,"href":"https:\/\/fedai.az\/index.php?rest_route=%2Fwp%2Fv2%2Ftags&post=49051"}],"curies":[{"name":"wp","href":"https:\/\/api.w.org\/{rel}","templated":true}]}}