{"id":49062,"date":"2021-09-23T01:33:03","date_gmt":"2021-09-22T21:33:03","guid":{"rendered":"https:\/\/fedai.az\/?p=49062"},"modified":"2021-09-23T01:33:34","modified_gmt":"2021-09-22T21:33:34","slug":"mu%c9%99lliml%c9%99rin-%c9%99m%c9%99k-haqqi-yeni-qaydada-nec%c9%99-hesablanacaq","status":"publish","type":"post","link":"https:\/\/fedai.az\/?p=49062","title":{"rendered":"M\u00fc\u0259lliml\u0259rin \u0259m\u0259k haqq\u0131 yeni qaydada nec\u0259 hesablanacaq?"},"content":{"rendered":"\n<p><strong>T\u0259hsil Nazirliyi x\u00fcsusi karantin rejimi d\u00f6vr\u00fcnd\u0259 m\u00fc\u0259lliml\u0259rin \u0259m\u0259k haqq\u0131n\u0131n yeni qaydada nec\u0259 hesablanaca\u011f\u0131na ayd\u0131nl\u0131q g\u0259tirib.<\/strong><\/p>\n\n\n\n<p><br>T\u0259hsil Nazirliyind\u0259n APA-n\u0131n sor\u011fusuna cavab olaraq bildirilib ki, haz\u0131rda yaln\u0131z \u0259yani t\u0259drisin h\u0259yata ke\u00e7irilm\u0259si n\u0259z\u0259rd\u0259 tutuldu\u011funa g\u00f6r\u0259 m\u00fc\u0259lliml\u0259rin \u0259m\u0259khaqq\u0131 \u0259n\u0259n\u0259vi formada hesablanacaq. Qeyd ed\u0259k ki, Nazirl\u0259r Kabinetinin 21 sentyabr 2021-ci il tarixli q\u0259rar\u0131 il\u0259 &#171;X\u00fcsusi karantin rejimi d\u00f6vr\u00fcnd\u0259 Az\u0259rbaycan Respublikas\u0131nda f\u0259aliyy\u0259t g\u00f6st\u0259r\u0259n t\u0259hsil m\u00fc\u0259ssis\u0259l\u0259rind\u0259 t\u0259dris v\u0259 t\u0259lim-t\u0259rbiy\u0259 prosesinin t\u0259\u015fkilinin m\u00fcv\u0259qq\u0259ti Qaydalar\u0131\u201dnda etdiyi d\u0259yi\u015fikliy\u0259 \u0259sas\u0259n, t\u0259hsil ver\u0259nl\u0259r\u0259 \u0259m\u0259khaqq\u0131n\u0131n hesablanmas\u0131nda distant (m\u0259saf\u0259d\u0259n) formada t\u0259dris edil\u0259n d\u0259rs y\u00fck\u00fc n\u0259z\u0259r\u0259 al\u0131nmas\u0131 (4.2.2) il\u0259 ba\u011fl\u0131 b\u0259nd l\u0259\u011fv olunub.<\/p>\n","protected":false},"excerpt":{"rendered":"<p>T\u0259hsil Nazirliyi x\u00fcsusi karantin rejimi d\u00f6vr\u00fcnd\u0259 m\u00fc\u0259lliml\u0259rin \u0259m\u0259k haqq\u0131n\u0131n yeni qaydada nec\u0259 hesablanaca\u011f\u0131na ayd\u0131nl\u0131q g\u0259tirib. T\u0259hsil Nazirliyind\u0259n APA-n\u0131n sor\u011fusuna cavab olaraq bildirilib ki, haz\u0131rda<\/p>\n","protected":false},"author":2,"featured_media":49065,"comment_status":"closed","ping_status":"closed","sticky":false,"template":"","format":"standard","meta":{"footnotes":""},"categories":[8],"tags":[],"class_list":["post-49062","post","type-post","status-publish","format-standard","has-post-thumbnail","hentry","category-thsil"],"aioseo_notices":[],"_links":{"self":[{"href":"https:\/\/fedai.az\/index.php?rest_route=\/wp\/v2\/posts\/49062","targetHints":{"allow":["GET"]}}],"collection":[{"href":"https:\/\/fedai.az\/index.php?rest_route=\/wp\/v2\/posts"}],"about":[{"href":"https:\/\/fedai.az\/index.php?rest_route=\/wp\/v2\/types\/post"}],"author":[{"embeddable":true,"href":"https:\/\/fedai.az\/index.php?rest_route=\/wp\/v2\/users\/2"}],"replies":[{"embeddable":true,"href":"https:\/\/fedai.az\/index.php?rest_route=%2Fwp%2Fv2%2Fcomments&post=49062"}],"version-history":[{"count":1,"href":"https:\/\/fedai.az\/index.php?rest_route=\/wp\/v2\/posts\/49062\/revisions"}],"predecessor-version":[{"id":49064,"href":"https:\/\/fedai.az\/index.php?rest_route=\/wp\/v2\/posts\/49062\/revisions\/49064"}],"wp:featuredmedia":[{"embeddable":true,"href":"https:\/\/fedai.az\/index.php?rest_route=\/wp\/v2\/media\/49065"}],"wp:attachment":[{"href":"https:\/\/fedai.az\/index.php?rest_route=%2Fwp%2Fv2%2Fmedia&parent=49062"}],"wp:term":[{"taxonomy":"category","embeddable":true,"href":"https:\/\/fedai.az\/index.php?rest_route=%2Fwp%2Fv2%2Fcategories&post=49062"},{"taxonomy":"post_tag","embeddable":true,"href":"https:\/\/fedai.az\/index.php?rest_route=%2Fwp%2Fv2%2Ftags&post=49062"}],"curies":[{"name":"wp","href":"https:\/\/api.w.org\/{rel}","templated":true}]}}