{"id":49070,"date":"2021-09-23T01:56:26","date_gmt":"2021-09-22T21:56:26","guid":{"rendered":"https:\/\/fedai.az\/?p=49070"},"modified":"2021-09-23T01:56:31","modified_gmt":"2021-09-22T21:56:31","slug":"k%c9%99lb%c9%99c%c9%99r-rayon-84-nomr%c9%99li-m%c9%99kt%c9%99bind%c9%99-z%c9%99f%c9%99r-z%c9%99ngi","status":"publish","type":"post","link":"https:\/\/fedai.az\/?p=49070","title":{"rendered":"K\u0259lb\u0259c\u0259r rayon 84 n\u00f6mr\u0259li m\u0259kt\u0259bind\u0259 Z\u0259f\u0259r z\u0259ngi"},"content":{"rendered":"\n<p><strong>Sentyabr\u0131n 22-d\u0259 K\u0259lb\u0259c\u0259r rayon 84 n\u00f6mr\u0259li m\u0259kt\u0259bd\u0259 yeni d\u0259rs ilinin ba\u015flanmas\u0131 v\u0259 Bilik G\u00fcn\u00fc m\u00fcnasib\u0259ti il\u0259 t\u0259dbir ke\u00e7irilib. \u018fvv\u0259lc\u0259 torpaqlar\u0131m\u0131z\u0131n azadl\u0131\u011f\u0131 v\u0259 suverenliyi u\u011frunda \u015f\u0259hid olmu\u015f h\u0259mv\u0259t\u0259nl\u0259rimizin xatir\u0259si bir d\u0259qiq\u0259lik s\u00fckutla yad edildi. D\u00f6vl\u0259t himni s\u0259sl\u0259ndirildi.<\/strong><\/p>\n\n\n\n<figure class=\"wp-block-gallery columns-2 is-cropped wp-block-gallery-1 is-layout-flex wp-block-gallery-is-layout-flex\"><ul class=\"blocks-gallery-grid\"><li class=\"blocks-gallery-item\"><figure><img loading=\"lazy\" decoding=\"async\" width=\"492\" height=\"875\" src=\"https:\/\/fedai.az\/wp-content\/uploads\/2021\/09\/242536419_377312047341769_1011155666650775584_n.jpg\" alt=\"\" data-id=\"49073\" data-full-url=\"https:\/\/fedai.az\/wp-content\/uploads\/2021\/09\/242536419_377312047341769_1011155666650775584_n.jpg\" data-link=\"https:\/\/fedai.az\/?attachment_id=49073\" class=\"wp-image-49073\" srcset=\"https:\/\/fedai.az\/wp-content\/uploads\/2021\/09\/242536419_377312047341769_1011155666650775584_n.jpg 492w, https:\/\/fedai.az\/wp-content\/uploads\/2021\/09\/242536419_377312047341769_1011155666650775584_n-169x300.jpg 169w, https:\/\/fedai.az\/wp-content\/uploads\/2021\/09\/242536419_377312047341769_1011155666650775584_n-84x150.jpg 84w\" sizes=\"auto, (max-width: 492px) 100vw, 492px\" \/><\/figure><\/li><li class=\"blocks-gallery-item\"><figure><img loading=\"lazy\" decoding=\"async\" width=\"492\" height=\"875\" src=\"https:\/\/fedai.az\/wp-content\/uploads\/2021\/09\/242307584_980489592738933_8696379121493265150_n.jpg\" alt=\"\" data-id=\"49071\" data-full-url=\"https:\/\/fedai.az\/wp-content\/uploads\/2021\/09\/242307584_980489592738933_8696379121493265150_n.jpg\" data-link=\"https:\/\/fedai.az\/?attachment_id=49071\" class=\"wp-image-49071\" srcset=\"https:\/\/fedai.az\/wp-content\/uploads\/2021\/09\/242307584_980489592738933_8696379121493265150_n.jpg 492w, https:\/\/fedai.az\/wp-content\/uploads\/2021\/09\/242307584_980489592738933_8696379121493265150_n-169x300.jpg 169w, https:\/\/fedai.az\/wp-content\/uploads\/2021\/09\/242307584_980489592738933_8696379121493265150_n-84x150.jpg 84w\" sizes=\"auto, (max-width: 492px) 100vw, 492px\" \/><\/figure><\/li><\/ul><\/figure>\n\n\n\n<p><br>T\u0259dbiri giri\u015f s\u00f6z\u00fcyl\u0259 a\u00e7an \u015e\u0259hid bac\u0131s\u0131 m\u0259kt\u0259bin direktoru H\u0259qiq\u0259t M\u0259mi\u015fova t\u0259dbir\u0259 topla\u015fanlar\u0131 yeni d\u0259rs ilinin ba\u015flamas\u0131 m\u00fcnasib\u0259til\u0259 t\u0259brik etdi. Direktor \u00f6t\u0259n t\u0259dris ilind\u0259 qazan\u0131lm\u0131\u015f u\u011furlardan v\u0259 qar\u015f\u0131da duran v\u0259zif\u0259l\u0259rd\u0259n dan\u0131\u015fd\u0131. Bildirdi ki, Ali Ba\u015f Komandan\u0131n r\u0259hb\u0259rliyi, \u0259sg\u0259rl\u0259rimizin d\u00f6y\u00fc\u015f bacar\u0131\u011f\u0131 v\u0259 xalq\u0131n q\u0259l\u0259b\u0259y\u0259 sars\u0131lmaz inam\u0131 say\u0259sind\u0259 torpaqlar\u0131m\u0131z\u0131 i\u015f\u011faldan azad edilib. Bu g\u00fcn V\u0259t\u0259nimiz m\u0259nfur d\u00fc\u015fm\u0259nd\u0259n igid, v\u0259t\u0259np\u0259rv\u0259r o\u011fullar\u0131m\u0131z\u0131n r\u0259\u015fad\u0259ti n\u0259tic\u0259sind\u0259 geri al\u0131n\u0131b. Az\u0259rbaycan Ordusunun xalq\u0131m\u0131z\u0131n q\u00fcrur m\u0259nb\u0259yi, g\u00fcv\u0259nc yeri oldu\u011funu \u015fagirdl\u0259rin diqq\u0259tin\u0259 \u00e7atd\u0131rd\u0131.<\/p>\n\n\n\n<figure class=\"wp-block-image size-large\"><img loading=\"lazy\" decoding=\"async\" width=\"960\" height=\"432\" src=\"https:\/\/fedai.az\/wp-content\/uploads\/2021\/09\/242624862_374119614388972_1547635385468945265_n.jpg\" alt=\"\" class=\"wp-image-49072\" srcset=\"https:\/\/fedai.az\/wp-content\/uploads\/2021\/09\/242624862_374119614388972_1547635385468945265_n.jpg 960w, https:\/\/fedai.az\/wp-content\/uploads\/2021\/09\/242624862_374119614388972_1547635385468945265_n-300x135.jpg 300w, https:\/\/fedai.az\/wp-content\/uploads\/2021\/09\/242624862_374119614388972_1547635385468945265_n-150x68.jpg 150w, https:\/\/fedai.az\/wp-content\/uploads\/2021\/09\/242624862_374119614388972_1547635385468945265_n-768x346.jpg 768w\" sizes=\"auto, (max-width: 960px) 100vw, 960px\" \/><\/figure>\n\n\n\n<p><br>H. M\u0259mi\u015fova qeyd edib ki, bu ilki t\u0259dris ilini xalq\u0131m\u0131z Z\u0259f\u0259r ab -havas\u0131nda ke\u00e7irir. Az\u0259rbaycan xalq\u0131 m\u00fcdrik d\u00f6vl\u0259t r\u0259hb\u0259ri \u0130lham \u018fliyevin r\u0259hb\u0259rliyi il\u0259 30 illik erm\u0259ni t\u0259cav\u00fcz\u00fcn\u0259 son qoyaraq tarixi \u0259dal\u0259ti, Az\u0259rbaycan\u0131n \u0259razi b\u00fct\u00f6vl\u00fcy\u00fcn\u00fc b\u0259rpa etdi. M\u00fcz\u0259ff\u0259r Ali Ba\u015f Komandan\u0131m\u0131z\u0131n r\u0259hb\u0259rliyil\u0259 V\u0259t\u0259n m\u00fcharib\u0259sind\u0259 q\u0259hr\u0259man \u0259sg\u0259rl\u0259rimizin \u015f\u00fcca\u0259ti, Silahl\u0131 Q\u00fcvv\u0259l\u0259rimizin 44 g\u00fcnl\u00fck m\u00fcharib\u0259 zaman\u0131 r\u0259\u015fad\u0259tl\u0259 h\u0259yata ke\u00e7irdiyi \u0259m\u0259liyyatlar Haqq i\u015fimizd\u0259 q\u0259l\u0259b\u0259ni bizl\u0259r\u0259 n\u0259sib etdi.<\/p>\n\n\n\n<p><br>Sonra H. M\u0259mi\u015fova birincil\u0259ri t\u0259brik ed\u0259r\u0259k, bildirdi ki, sizl\u0259rin d\u0259 v\u0259t\u0259np\u0259rv\u0259r ruhda b\u00f6y\u00fcy\u0259c\u0259yin\u0259 v\u0259 v\u0259t\u0259nimiz\u0259 layiql\u0259 xidm\u0259t ed\u0259c\u0259yiniz\u0259 \u0259min\u0259m.<\/p>\n\n\n\n<figure class=\"wp-block-image size-large\"><img loading=\"lazy\" decoding=\"async\" width=\"960\" height=\"719\" src=\"https:\/\/fedai.az\/wp-content\/uploads\/2021\/09\/242575728_1338068053290930_6516528150826141273_n.jpg\" alt=\"\" class=\"wp-image-49074\" srcset=\"https:\/\/fedai.az\/wp-content\/uploads\/2021\/09\/242575728_1338068053290930_6516528150826141273_n.jpg 960w, https:\/\/fedai.az\/wp-content\/uploads\/2021\/09\/242575728_1338068053290930_6516528150826141273_n-300x225.jpg 300w, https:\/\/fedai.az\/wp-content\/uploads\/2021\/09\/242575728_1338068053290930_6516528150826141273_n-150x112.jpg 150w, https:\/\/fedai.az\/wp-content\/uploads\/2021\/09\/242575728_1338068053290930_6516528150826141273_n-768x575.jpg 768w\" sizes=\"auto, (max-width: 960px) 100vw, 960px\" \/><\/figure>\n\n\n\n<p><br>Yeni d\u0259rs ilind\u0259 \u0259ld\u0259 olunmu\u015f nailiyy\u0259tl\u0259ri daha da art\u0131rmaq, t\u0259hsilin keyfiyy\u0259tini y\u00fcks\u0259ltm\u0259k \u00fc\u00e7\u00fcn b\u00fct\u00fcn q\u00fcvv\u0259l\u0259r h\u0259mi\u015f\u0259 oldu\u011fu kimi yen\u0259 s\u0259f\u0259rb\u0259r edil\u0259c\u0259k.<\/p>\n\n\n\n<p>Yeni d\u0259rs ilinin ba\u015flanmas\u0131 il\u0259 \u0259laq\u0259dar ke\u00e7iril\u0259n t\u0259dbird\u0259 direktorun m\u00fcavinl\u0259ri, m\u00fc\u0259lliml\u0259r, valideynl\u0259r v\u0259 ictimaiyy\u0259tin n\u00fcmay\u0259nd\u0259l\u0259ri i\u015ftirak edirdil\u0259r.<\/p>\n\n\n\n<p><br><strong>Elnur S\u0259lim<\/strong><\/p>\n\n\n\n<figure class=\"wp-block-image size-large is-resized\"><img loading=\"lazy\" decoding=\"async\" src=\"https:\/\/fedai.az\/wp-content\/uploads\/2021\/09\/242494471_4553290188036078_3950794355834149921_n.jpg\" alt=\"\" class=\"wp-image-49075\" width=\"924\" height=\"520\" srcset=\"https:\/\/fedai.az\/wp-content\/uploads\/2021\/09\/242494471_4553290188036078_3950794355834149921_n.jpg 875w, https:\/\/fedai.az\/wp-content\/uploads\/2021\/09\/242494471_4553290188036078_3950794355834149921_n-300x169.jpg 300w, https:\/\/fedai.az\/wp-content\/uploads\/2021\/09\/242494471_4553290188036078_3950794355834149921_n-150x84.jpg 150w, https:\/\/fedai.az\/wp-content\/uploads\/2021\/09\/242494471_4553290188036078_3950794355834149921_n-768x432.jpg 768w\" sizes=\"auto, (max-width: 924px) 100vw, 924px\" \/><\/figure>\n\n\n\n<figure class=\"wp-block-image size-large\"><img loading=\"lazy\" decoding=\"async\" width=\"960\" height=\"432\" src=\"https:\/\/fedai.az\/wp-content\/uploads\/2021\/09\/242629043_1196021830879993_5887324687774172978_n.jpg\" alt=\"\" class=\"wp-image-49076\" srcset=\"https:\/\/fedai.az\/wp-content\/uploads\/2021\/09\/242629043_1196021830879993_5887324687774172978_n.jpg 960w, https:\/\/fedai.az\/wp-content\/uploads\/2021\/09\/242629043_1196021830879993_5887324687774172978_n-300x135.jpg 300w, https:\/\/fedai.az\/wp-content\/uploads\/2021\/09\/242629043_1196021830879993_5887324687774172978_n-150x68.jpg 150w, https:\/\/fedai.az\/wp-content\/uploads\/2021\/09\/242629043_1196021830879993_5887324687774172978_n-768x346.jpg 768w\" sizes=\"auto, (max-width: 960px) 100vw, 960px\" \/><\/figure>\n","protected":false},"excerpt":{"rendered":"<p>Sentyabr\u0131n 22-d\u0259 K\u0259lb\u0259c\u0259r rayon 84 n\u00f6mr\u0259li m\u0259kt\u0259bd\u0259 yeni d\u0259rs ilinin ba\u015flanmas\u0131 v\u0259 Bilik G\u00fcn\u00fc m\u00fcnasib\u0259ti il\u0259 t\u0259dbir ke\u00e7irilib. \u018fvv\u0259lc\u0259 torpaqlar\u0131m\u0131z\u0131n azadl\u0131\u011f\u0131 v\u0259 suverenliyi u\u011frunda<\/p>\n","protected":false},"author":2,"featured_media":49077,"comment_status":"closed","ping_status":"closed","sticky":false,"template":"","format":"standard","meta":{"footnotes":""},"categories":[8],"tags":[],"class_list":["post-49070","post","type-post","status-publish","format-standard","has-post-thumbnail","hentry","category-thsil"],"aioseo_notices":[],"_links":{"self":[{"href":"https:\/\/fedai.az\/index.php?rest_route=\/wp\/v2\/posts\/49070","targetHints":{"allow":["GET"]}}],"collection":[{"href":"https:\/\/fedai.az\/index.php?rest_route=\/wp\/v2\/posts"}],"about":[{"href":"https:\/\/fedai.az\/index.php?rest_route=\/wp\/v2\/types\/post"}],"author":[{"embeddable":true,"href":"https:\/\/fedai.az\/index.php?rest_route=\/wp\/v2\/users\/2"}],"replies":[{"embeddable":true,"href":"https:\/\/fedai.az\/index.php?rest_route=%2Fwp%2Fv2%2Fcomments&post=49070"}],"version-history":[{"count":1,"href":"https:\/\/fedai.az\/index.php?rest_route=\/wp\/v2\/posts\/49070\/revisions"}],"predecessor-version":[{"id":49078,"href":"https:\/\/fedai.az\/index.php?rest_route=\/wp\/v2\/posts\/49070\/revisions\/49078"}],"wp:featuredmedia":[{"embeddable":true,"href":"https:\/\/fedai.az\/index.php?rest_route=\/wp\/v2\/media\/49077"}],"wp:attachment":[{"href":"https:\/\/fedai.az\/index.php?rest_route=%2Fwp%2Fv2%2Fmedia&parent=49070"}],"wp:term":[{"taxonomy":"category","embeddable":true,"href":"https:\/\/fedai.az\/index.php?rest_route=%2Fwp%2Fv2%2Fcategories&post=49070"},{"taxonomy":"post_tag","embeddable":true,"href":"https:\/\/fedai.az\/index.php?rest_route=%2Fwp%2Fv2%2Ftags&post=49070"}],"curies":[{"name":"wp","href":"https:\/\/api.w.org\/{rel}","templated":true}]}}