{"id":49083,"date":"2021-09-23T02:40:49","date_gmt":"2021-09-22T22:40:49","guid":{"rendered":"https:\/\/fedai.az\/?p=49083"},"modified":"2021-09-23T02:55:28","modified_gmt":"2021-09-22T22:55:28","slug":"pakistan-senatinin-s%c9%99dri-az%c9%99rbaycanin-q%c9%99l%c9%99b%c9%99si-bizim-q%c9%99l%c9%99b%c9%99mizdir","status":"publish","type":"post","link":"https:\/\/fedai.az\/?p=49083","title":{"rendered":"Pakistan Senat\u0131n\u0131n s\u0259dri: &#171;Az\u0259rbaycan\u0131n q\u0259l\u0259b\u0259si bizim q\u0259l\u0259b\u0259mizdir&#187;"},"content":{"rendered":"\n<p><strong>Az\u0259rbaycan\u0131n Pakistan \u0130slam Respublikas\u0131ndak\u0131 s\u0259firi X\u0259z\u0259r F\u0259rhadov Pakistan \u0130slam Respublikas\u0131 Senat\u0131n\u0131n s\u0259dri M\u0259h\u0259mm\u0259d Sadiq Sancrani il\u0259 g\u00f6r\u00fc\u015f\u00fcb.<\/strong><\/p>\n\n\n\n<p>Bu bar\u0259d\u0259 Az\u0259rbaycan\u0131n Pakistandak\u0131 s\u0259firliyi m\u0259lumat yay\u0131b.<\/p>\n\n\n\n<p>S\u0259fir X\u0259z\u0259r F\u0259rhadov q\u0259bula g\u00f6r\u0259 Pakistan Senat\u0131n\u0131n s\u0259drin\u0259 t\u0259\u015f\u0259kk\u00fcr edib v\u0259 iki qarda\u015f \u00f6lk\u0259 &#8212; Az\u0259rbaycan v\u0259 Pakistan aras\u0131ndak\u0131 s\u0259mimi \u0259laq\u0259l\u0259rd\u0259n s\u00f6hb\u0259t a\u00e7\u0131b. X\u0259z\u0259r F\u0259rhadov Pakistana s\u0259fir t\u0259yin olunmas\u0131ndan v\u0259 r\u0259smi f\u0259aliyy\u0259t\u0259 ba\u015flamas\u0131ndan \u015f\u0259r\u0259f hissi duydu\u011funu bildir\u0259r\u0259k, \u00f6lk\u0259l\u0259rimiz aras\u0131ndak\u0131 m\u00fcnasib\u0259tl\u0259rin y\u00fcks\u0259k s\u0259viyy\u0259d\u0259 oldu\u011funu m\u0259mnunluqla qeyd edib. O, Az\u0259rbaycan v\u0259 Pakistan aras\u0131ndak\u0131 m\u00fcnasib\u0259tl\u0259rin cari v\u0259ziyy\u0259tinin y\u00fcks\u0259k olmas\u0131nda h\u0259r iki \u00f6lk\u0259 r\u0259hb\u0259rliyinin rolunu x\u00fcsusi vur\u011fulay\u0131b.<\/p>\n\n\n\n<p>X\u0259z\u0259r F\u0259rhadov Az\u0259rbaycan v\u0259 Pakistan\u0131n bir-birini h\u0259m ikit\u0259r\u0259fli, h\u0259m d\u0259 beyn\u0259lxalq m\u00fcst\u0259vid\u0259 d\u0259st\u0259kl\u0259diyini qeyd ed\u0259r\u0259k, V\u0259t\u0259n M\u00fcharib\u0259si d\u00f6vr\u00fcnd\u0259 Pakistan\u0131n, o c\u00fcml\u0259d\u0259n \u00f6lk\u0259 Senat\u0131n\u0131n Az\u0259rbaycana g\u00f6st\u0259rdiyi siyasi v\u0259 m\u0259n\u0259vi d\u0259st\u0259yi y\u00fcks\u0259k qiym\u0259tl\u0259ndirib v\u0259 d\u0259rin t\u0259\u015f\u0259kk\u00fcr\u00fcn\u00fc ifad\u0259 edib. S\u0259fir Az\u0259rbaycan v\u0259 Pakistan parlamentl\u0259ri aras\u0131nda y\u00fcks\u0259k s\u0259viyy\u0259li \u0259laq\u0259l\u0259rin iki \u00f6lk\u0259 aras\u0131nda \u0259m\u0259kda\u015fl\u0131\u011f\u0131n h\u0259rt\u0259r\u0259fli inki\u015faf\u0131na x\u00fcsusi t\u00f6hf\u0259sin\u0259 vur\u011fulay\u0131b.<\/p>\n\n\n\n<p>O, eyni zamanda \u00f6lk\u0259l\u0259rimiz aras\u0131nda f\u0259aliyy\u0259t g\u00f6st\u0259r\u0259n h\u00f6kum\u0259tl\u0259raras\u0131 birg\u0259 komissiyan\u0131n, ticar\u0259t v\u0259 k\u0259nd t\u0259s\u0259rr\u00fcfat\u0131 sah\u0259l\u0259ri \u00fczr\u0259 i\u015f\u00e7i qruplar\u0131n\u0131n f\u0259aliyy\u0259tind\u0259n s\u00f6hb\u0259t a\u00e7araq t\u0259hsil, s\u0259hiyy\u0259, \u0130T v\u0259 enerji kimi sah\u0259l\u0259rd\u0259 d\u0259 i\u015f\u00e7i qruplar\u0131n\u0131n yarad\u0131lmas\u0131n\u0131n vacibliyini bildirib. X\u0259z\u0259r F\u0259rhadov \u00f6lk\u0259l\u0259rimiz aras\u0131nda iqtisadi-ticar\u0259t \u0259laq\u0259l\u0259rin daha da inki\u015faf etdirilm\u0259si istiqam\u0259tind\u0259 at\u0131lan add\u0131mlar v\u0259 m\u00f6vcud geni\u015f potensiallar bar\u0259d\u0259 m\u0259lumatlar\u0131 diqq\u0259t\u0259 \u00e7atd\u0131r\u0131b.<\/p>\n\n\n\n<p>Pakistan Senat\u0131n\u0131n s\u0259dri M\u0259h\u0259mm\u0259d Sadiq Sancrani s\u0259fir X\u0259z\u0259r F\u0259rhadovu t\u0259yinat\u0131 m\u00fcnasib\u0259til\u0259 t\u0259brik ed\u0259r\u0259k ona yeni f\u0259aliyy\u0259tind\u0259 u\u011furlar arzulay\u0131b.<\/p>\n\n\n\n<figure class=\"wp-block-image size-large\"><img loading=\"lazy\" decoding=\"async\" width=\"892\" height=\"669\" src=\"https:\/\/fedai.az\/wp-content\/uploads\/2021\/09\/modern.az-22.09.2021-1632341228.jpg\" alt=\"\" class=\"wp-image-49093\" srcset=\"https:\/\/fedai.az\/wp-content\/uploads\/2021\/09\/modern.az-22.09.2021-1632341228.jpg 892w, https:\/\/fedai.az\/wp-content\/uploads\/2021\/09\/modern.az-22.09.2021-1632341228-300x225.jpg 300w, https:\/\/fedai.az\/wp-content\/uploads\/2021\/09\/modern.az-22.09.2021-1632341228-150x113.jpg 150w, https:\/\/fedai.az\/wp-content\/uploads\/2021\/09\/modern.az-22.09.2021-1632341228-768x576.jpg 768w\" sizes=\"auto, (max-width: 892px) 100vw, 892px\" \/><\/figure>\n\n\n\n<p>M\u0259h\u0259mm\u0259d Sadiq Sancrani, Senat v\u0259 onun f\u0259aliyy\u0259ti haqq\u0131nda \u0259trafl\u0131 m\u0259lumatlar\u0131 diqq\u0259t\u0259 \u00e7atd\u0131raraq, Pakistan Senat\u0131n\u0131n Az\u0259rbaycan Respublikas\u0131n\u0131n Milli M\u0259clisi il\u0259 \u0259m\u0259kda\u015fl\u0131q \u0259laq\u0259l\u0259rind\u0259n b\u0259hs edib.<\/p>\n\n\n\n<p>\u00d6lk\u0259mizin V\u0259t\u0259n M\u00fcharib\u0259sind\u0259n s\u00f6hb\u0259t a\u00e7an s\u0259dr, Az\u0259rbaycan\u0131n q\u0259l\u0259b\u0259sinin Pakistan\u0131n q\u0259l\u0259b\u0259si oldu\u011funu x\u00fcsusi vur\u011fulay\u0131b. M\u0259h\u0259mm\u0259d Sadiq Sancrani iki qarda\u015f \u00f6lk\u0259 aras\u0131ndak\u0131 y\u00fcks\u0259k s\u0259viyy\u0259li \u0259laq\u0259l\u0259rd\u0259n m\u0259mnunlu\u011funu ifad\u0259 edib v\u0259 b\u00fct\u00fcn sah\u0259l\u0259rd\u0259, x\u00fcsusil\u0259 iqtisadi-ticar\u0259t sah\u0259si \u00fczr\u0259 \u0259m\u0259kda\u015fl\u0131\u011f\u0131n daha da g\u00fccl\u0259ndirilm\u0259si vacibliyini v\u0259 bu istiqam\u0259td\u0259 Pakistan Senat\u0131n\u0131n laz\u0131mi b\u00fct\u00fcn k\u00f6m\u0259kliyi g\u00f6st\u0259r\u0259c\u0259yini \u0259minlikl\u0259 ifad\u0259 edib.<\/p>\n\n\n\n<p>Eyni zamanda Az\u0259rbaycan-Pakistan-T\u00fcrkiy\u0259 \u00fc\u00e7t\u0259r\u0259fli \u0259m\u0259kda\u015fl\u0131q format\u0131n\u0131n g\u00fccl\u0259ndirilm\u0259sinin \u0259h\u0259miyy\u0259ti bar\u0259d\u0259 d\u0259 fikir m\u00fcbadil\u0259s\u0131i apar\u0131l\u0131b.<br><br>M\u0259nb\u0259: Report<\/p>\n","protected":false},"excerpt":{"rendered":"<p>Az\u0259rbaycan\u0131n Pakistan \u0130slam Respublikas\u0131ndak\u0131 s\u0259firi X\u0259z\u0259r F\u0259rhadov Pakistan \u0130slam Respublikas\u0131 Senat\u0131n\u0131n s\u0259dri M\u0259h\u0259mm\u0259d Sadiq Sancrani il\u0259 g\u00f6r\u00fc\u015f\u00fcb. Bu bar\u0259d\u0259 Az\u0259rbaycan\u0131n Pakistandak\u0131 s\u0259firliyi m\u0259lumat yay\u0131b.<\/p>\n","protected":false},"author":2,"featured_media":49084,"comment_status":"closed","ping_status":"closed","sticky":false,"template":"","format":"standard","meta":{"footnotes":""},"categories":[1],"tags":[],"class_list":["post-49083","post","type-post","status-publish","format-standard","has-post-thumbnail","hentry","category-siyast"],"aioseo_notices":[],"_links":{"self":[{"href":"https:\/\/fedai.az\/index.php?rest_route=\/wp\/v2\/posts\/49083","targetHints":{"allow":["GET"]}}],"collection":[{"href":"https:\/\/fedai.az\/index.php?rest_route=\/wp\/v2\/posts"}],"about":[{"href":"https:\/\/fedai.az\/index.php?rest_route=\/wp\/v2\/types\/post"}],"author":[{"embeddable":true,"href":"https:\/\/fedai.az\/index.php?rest_route=\/wp\/v2\/users\/2"}],"replies":[{"embeddable":true,"href":"https:\/\/fedai.az\/index.php?rest_route=%2Fwp%2Fv2%2Fcomments&post=49083"}],"version-history":[{"count":2,"href":"https:\/\/fedai.az\/index.php?rest_route=\/wp\/v2\/posts\/49083\/revisions"}],"predecessor-version":[{"id":49094,"href":"https:\/\/fedai.az\/index.php?rest_route=\/wp\/v2\/posts\/49083\/revisions\/49094"}],"wp:featuredmedia":[{"embeddable":true,"href":"https:\/\/fedai.az\/index.php?rest_route=\/wp\/v2\/media\/49084"}],"wp:attachment":[{"href":"https:\/\/fedai.az\/index.php?rest_route=%2Fwp%2Fv2%2Fmedia&parent=49083"}],"wp:term":[{"taxonomy":"category","embeddable":true,"href":"https:\/\/fedai.az\/index.php?rest_route=%2Fwp%2Fv2%2Fcategories&post=49083"},{"taxonomy":"post_tag","embeddable":true,"href":"https:\/\/fedai.az\/index.php?rest_route=%2Fwp%2Fv2%2Ftags&post=49083"}],"curies":[{"name":"wp","href":"https:\/\/api.w.org\/{rel}","templated":true}]}}