{"id":49089,"date":"2021-09-23T02:52:43","date_gmt":"2021-09-22T22:52:43","guid":{"rendered":"https:\/\/fedai.az\/?p=49089"},"modified":"2021-09-23T02:52:57","modified_gmt":"2021-09-22T22:52:57","slug":"xank%c9%99ndind%c9%99-az%c9%99rbaycan-dili-t%c9%99lim-kurslari-acilir","status":"publish","type":"post","link":"https:\/\/fedai.az\/?p=49089","title":{"rendered":"Xank\u0259ndind\u0259 Az\u0259rbaycan dili T\u0259lim kurslar\u0131 a\u00e7\u0131l\u0131r"},"content":{"rendered":"\n<p><strong>Oktyabr ay\u0131n\u0131n 1-d\u0259n etibar\u0259n Xank\u0259ndind\u0259 Az\u0259rbaycan dili T\u0259lim kurslar\u0131 a\u00e7\u0131l\u0131r. <\/strong><\/p>\n\n\n\n<p>Bu haqda &#171;Artsaxpress&#187; sayt\u0131n\u0131n m\u00fcxbirin\u0259 m\u0259lumt\u0131 Az\u0259rbaycan dili \u00fczr\u0259 m\u00fct\u0259x\u0259ssis Ya\u015fa \u00c7\u00f6p\u00e7iyan bildirib. <\/p>\n\n\n\n<p>O, deyib: \u00abUniversitetd\u0259 ke\u00e7iril\u0259c\u0259k kursalr oktyabr ay\u0131n\u0131n 1-d\u0259 ba\u015flayacaq. H\u0259ft\u0259nin 3 g\u00fcn\u00fc, saat 18:00 -da ba\u015flayacaq v\u0259 3 ay davam ed\u0259c\u0259k. Bu m\u00fcdd\u0259t \u0259rzind\u0259 i\u015ftirak\u00e7\u0131lar \u0259lifbadan ba\u015flayaraq h\u0259rbi terminl\u0259ri, m\u00fcasir Az\u0259rbayan dilini v\u0259 dialektl\u0259ri \u00f6yr\u0259n\u0259c\u0259kl\u0259r. <\/p>\n\n\n\n<p>\u0130\u015ftirak\u00e7\u0131lar aras\u0131nda ya\u015f m\u0259hdudiyy\u0259ti yoxdur. <strong>D\u00fc\u015fm\u0259nin dilini bilm\u0259k haz\u0131rk\u0131 d\u00f6vrd\u0259 h\u0259qiq\u0259t\u0259n d\u0259 aktuald\u0131r\u00bb.<\/strong><\/p>\n\n\n\n<p> O, \u0259lav\u0259 ed\u0259r\u0259k bildirib ki, kurslarda i\u015ftirak etm\u0259k \u00fc\u00e7\u00fcn v\u0259t\u0259nda\u015flar saytlarda qeyd olunan telefon n\u00f6mr\u0259sin\u0259 z\u0259ng edib qeydiyyata al\u0131na bil\u0259rl\u0259r.<\/p>\n\n\n\n<p> Qeyd edim ki, bir ne\u00e7\u0259 g\u00fcn \u0259vv\u0259l \u0130r\u0259vanda da yeni Az\u0259rbaycan dili M\u0259rk\u0259zinin a\u00e7\u0131lmas\u0131 bar\u0259sind\u0259 erm\u0259ni m\u0259tbuat\u0131 geni\u015f m\u0259lumat vermi\u015fdi.<\/p>\n\n\n\n<p> <strong>\u0130smay\u0131l TANRIVERD\u0130<\/strong><\/p>\n\n\n\n<p><strong> BDU-nun Erm\u0259ni Ara\u015fd\u0131rmalar\u0131 v\u0259 T\u0259lim M\u0259rk\u0259zinin Direktoru<\/strong><\/p>\n","protected":false},"excerpt":{"rendered":"<p>Oktyabr ay\u0131n\u0131n 1-d\u0259n etibar\u0259n Xank\u0259ndind\u0259 Az\u0259rbaycan dili T\u0259lim kurslar\u0131 a\u00e7\u0131l\u0131r. Bu haqda &#171;Artsaxpress&#187; sayt\u0131n\u0131n m\u00fcxbirin\u0259 m\u0259lumt\u0131 Az\u0259rbaycan dili \u00fczr\u0259 m\u00fct\u0259x\u0259ssis Ya\u015fa \u00c7\u00f6p\u00e7iyan bildirib. O,<\/p>\n","protected":false},"author":2,"featured_media":49090,"comment_status":"closed","ping_status":"closed","sticky":false,"template":"","format":"standard","meta":{"footnotes":""},"categories":[4],"tags":[],"class_list":["post-49089","post","type-post","status-publish","format-standard","has-post-thumbnail","hentry","category-qarabag"],"aioseo_notices":[],"_links":{"self":[{"href":"https:\/\/fedai.az\/index.php?rest_route=\/wp\/v2\/posts\/49089","targetHints":{"allow":["GET"]}}],"collection":[{"href":"https:\/\/fedai.az\/index.php?rest_route=\/wp\/v2\/posts"}],"about":[{"href":"https:\/\/fedai.az\/index.php?rest_route=\/wp\/v2\/types\/post"}],"author":[{"embeddable":true,"href":"https:\/\/fedai.az\/index.php?rest_route=\/wp\/v2\/users\/2"}],"replies":[{"embeddable":true,"href":"https:\/\/fedai.az\/index.php?rest_route=%2Fwp%2Fv2%2Fcomments&post=49089"}],"version-history":[{"count":2,"href":"https:\/\/fedai.az\/index.php?rest_route=\/wp\/v2\/posts\/49089\/revisions"}],"predecessor-version":[{"id":49092,"href":"https:\/\/fedai.az\/index.php?rest_route=\/wp\/v2\/posts\/49089\/revisions\/49092"}],"wp:featuredmedia":[{"embeddable":true,"href":"https:\/\/fedai.az\/index.php?rest_route=\/wp\/v2\/media\/49090"}],"wp:attachment":[{"href":"https:\/\/fedai.az\/index.php?rest_route=%2Fwp%2Fv2%2Fmedia&parent=49089"}],"wp:term":[{"taxonomy":"category","embeddable":true,"href":"https:\/\/fedai.az\/index.php?rest_route=%2Fwp%2Fv2%2Fcategories&post=49089"},{"taxonomy":"post_tag","embeddable":true,"href":"https:\/\/fedai.az\/index.php?rest_route=%2Fwp%2Fv2%2Ftags&post=49089"}],"curies":[{"name":"wp","href":"https:\/\/api.w.org\/{rel}","templated":true}]}}