{"id":49113,"date":"2021-09-23T03:39:51","date_gmt":"2021-09-22T23:39:51","guid":{"rendered":"https:\/\/fedai.az\/?p=49113"},"modified":"2021-09-23T11:53:21","modified_gmt":"2021-09-23T07:53:21","slug":"tacirin-erm%c9%99ni-il%c9%99-tacirliyi-fakt-kimi-%c9%99leyhimiz%c9%99-cevrilib","status":"publish","type":"post","link":"https:\/\/fedai.az\/?p=49113","title":{"rendered":"Tacirin erm\u0259ni il\u0259 tacirliyi fakt kimi \u0259leyhimiz\u0259 \u00e7evrilib"},"content":{"rendered":"\n<p><strong>Biz t\u0259hl\u00fck\u0259li bir d\u00fc\u015fm\u0259nl\u0259 \u00fczb\u0259\u00fcz\u00fck. H\u0259r s\u0259hv add\u0131m\u0131m\u0131zdan m\u0259har\u0259tl\u0259 istifad\u0259 edirl\u0259r. Az\u0259rbaycan\u0131n \u015f\u00f6r\u0259yini yeyib, suyunu i\u00e7\u0259nl\u0259r, biri PKK formas\u0131nda oxuyur, biri yezidiyl\u0259 oxuyur, biri yezidi Zaran\u0131 Bak\u0131ya g\u0259tirdir v\u0259 bu \u00fcsulla \u00f6lk\u0259mizin d\u00fc\u015fm\u0259nl\u0259rin\u0259 &#171;pas&#187; at\u0131rlar. Erm\u0259ni sevdal\u0131lar, yezidi sevdal\u0131lar Erm\u0259nistana, PKK sevdal\u0131lar is\u0259 \u00f6z ma\u011faralar\u0131na d\u00f6ns\u00fcnl\u0259r. Onsuz da &#171;D\u0259mir yumruq&#187; gec-tez bu xain ba\u015flar\u0131 \u0259z\u0259c\u0259kdir&#8230;<\/strong><\/p>\n\n\n\n<p><strong><br>Erm\u0259ni bo\u015fbo\u011fazl\u0131\u011f\u0131n\u0131n bariz n\u00fcmun\u0259si olan &#171;Az\u0259rbaycanda erm\u0259nifobiya&#187; adl\u0131 kitabda b\u0259zi m\u0259qamlar diqq\u0259timi \u00e7\u0259kdi. Onlar\u0131 bir-bir diqq\u0259tiniz\u0259 \u00e7atd\u0131raca\u011fam. El\u0259 &#171;man\u0131slardan&#187; ba\u015flayaq:<\/strong><\/p>\n\n\n\n<p><br>&#8212; Bir vaxtlar &#171;Qaraba\u011f b\u00fclb\u00fcll\u0259ri&#187; qrupunda oxumu\u015f m\u0259\u015fhur m\u00fc\u011f\u0259nni Tacir \u015eahmal\u0131o\u011flu erm\u0259ni m\u00fc\u011f\u0259nni il\u0259 (\u0259slind\u0259 Erm\u0259nistandan olan m\u00fc\u011f\u0259nni yezidi, Tacir is\u0259 k\u00fcrdd\u00fcr) m\u00fc\u011f\u0259nni il\u0259 Moskva restoran\u0131nda duet oxudu\u011fu bir video yay\u0131mland\u0131qdan sonra ictimai t\u0259hqir v\u0259 q\u0131na\u011fa m\u0259ruz qal\u0131b.<\/p>\n\n\n\n<p>N\u0259tic\u0259d\u0259 m\u0259tbuatda b\u0259han\u0259l\u0259r g\u0259tirm\u0259kl\u0259 erm\u0259nil\u0259r\u0259 qar\u015f\u0131 d\u00f6z\u00fcms\u00fczl\u00fcy\u00fcn\u00fc t\u0259sdiql\u0259m\u0259k m\u0259cburiyy\u0259tind\u0259 qald\u0131 &#8230; Tacir az\u0259rbaycanl\u0131 m\u00fc\u011f\u0259nnil\u0259rin erm\u0259nil\u0259rl\u0259 birlikd\u0259 oxumas\u0131n\u0131 q\u0259bul etm\u0259diyini qeyd etmi\u015fdi: \u201cBu s\u0259hvdir. T\u0259xmin\u0259n bir il \u0259vv\u0259l Moskvadan m\u0259n\u0259 z\u0259ng g\u0259ldi. Erm\u0259ni idi. M\u0259nim p\u0259r\u0259sti\u015fkarlar\u0131m oldu\u011funu s\u00f6yl\u0259di v\u0259 toyda oxumaq \u00fc\u00e7\u00fcn m\u0259n\u0259 50 min dollar t\u0259klif etdi. Ancaq imtina etdim v\u0259 dedim ki, erm\u0259ni toyunda oxudu\u011fum \u00fc\u00e7\u00fcn alaca\u011f\u0131m 50 min\u0259 ehtiyac\u0131m yoxdur. 100 min, 1 milyon olsun, m\u0259nim \u00fc\u00e7\u00fcn bir q\u0259pik kimidir. V\u0259 bu g\u00fcn\u0259 q\u0259d\u0259r televiziyada \u015f\u0259hidl\u0259r g\u00f6st\u0259rildikd\u0259 g\u00f6z ya\u015flar\u0131m\u0131 saxlaya bilmir\u0259m.<\/p>\n\n\n\n<p><br>G\u0259l\u0259c\u0259kd\u0259 a\u011fsaqqallar \u00fc\u00e7\u00fcn arzu olunarsa, \u00e7iynimd\u0259 avtomatla d\u00f6y\u00fc\u015f\u0259 getm\u0259y\u0259 haz\u0131ram. Az\u0259rbaycan \u00fc\u00e7\u00fcn can\u0131m\u0131 ver\u0259c\u0259y\u0259m (<strong>&#171;M\u0259nb\u0259: \u0410. \u0410\u0434\u0438\u0431\u0435\u043a\u044f\u043d, \u0410. \u042d\u043b\u0438\u0431\u0435\u0433\u043e\u0432\u0430 &#171;\u0410\u0420\u041c\u042f\u041d\u041e\u0424\u041e\u0411\u0418\u042f \u0412 \u0410\u0417\u0415\u0420\u0411\u0410\u0419\u0414\u0416\u0410\u041d\u0415&#187;<\/strong>).<\/p>\n\n\n\n<figure class=\"wp-block-gallery columns-3 is-cropped wp-block-gallery-1 is-layout-flex wp-block-gallery-is-layout-flex\"><ul class=\"blocks-gallery-grid\"><li class=\"blocks-gallery-item\"><figure><img loading=\"lazy\" decoding=\"async\" width=\"549\" height=\"332\" src=\"https:\/\/fedai.az\/wp-content\/uploads\/2021\/09\/tacirsah.jpg\" alt=\"\" data-id=\"49117\" data-link=\"https:\/\/fedai.az\/?attachment_id=49117\" class=\"wp-image-49117\" srcset=\"https:\/\/fedai.az\/wp-content\/uploads\/2021\/09\/tacirsah.jpg 549w, https:\/\/fedai.az\/wp-content\/uploads\/2021\/09\/tacirsah-300x181.jpg 300w, https:\/\/fedai.az\/wp-content\/uploads\/2021\/09\/tacirsah-150x91.jpg 150w\" sizes=\"auto, (max-width: 549px) 100vw, 549px\" \/><\/figure><\/li><li class=\"blocks-gallery-item\"><figure><img loading=\"lazy\" decoding=\"async\" width=\"672\" height=\"505\" src=\"https:\/\/fedai.az\/wp-content\/uploads\/2021\/09\/3zpRl4.png\" alt=\"\" data-id=\"49118\" data-link=\"https:\/\/fedai.az\/?attachment_id=49118\" class=\"wp-image-49118\" srcset=\"https:\/\/fedai.az\/wp-content\/uploads\/2021\/09\/3zpRl4.png 672w, https:\/\/fedai.az\/wp-content\/uploads\/2021\/09\/3zpRl4-300x225.png 300w, https:\/\/fedai.az\/wp-content\/uploads\/2021\/09\/3zpRl4-150x113.png 150w\" sizes=\"auto, (max-width: 672px) 100vw, 672px\" \/><\/figure><\/li><li class=\"blocks-gallery-item\"><figure><img loading=\"lazy\" decoding=\"async\" width=\"480\" height=\"360\" src=\"https:\/\/fedai.az\/wp-content\/uploads\/2021\/09\/X6EYNR.png\" alt=\"\" data-id=\"49120\" data-full-url=\"https:\/\/fedai.az\/wp-content\/uploads\/2021\/09\/X6EYNR.png\" data-link=\"https:\/\/fedai.az\/?attachment_id=49120\" class=\"wp-image-49120\" srcset=\"https:\/\/fedai.az\/wp-content\/uploads\/2021\/09\/X6EYNR.png 480w, https:\/\/fedai.az\/wp-content\/uploads\/2021\/09\/X6EYNR-300x225.png 300w, https:\/\/fedai.az\/wp-content\/uploads\/2021\/09\/X6EYNR-150x113.png 150w\" sizes=\"auto, (max-width: 480px) 100vw, 480px\" \/><\/figure><\/li><\/ul><\/figure>\n\n\n\n<p><br>2011-ci il 31 dekabrda ba\u015f vermi\u015f bu hadis\u0259 bar\u0259d\u0259 Tacir \u015eahmal\u0131o\u011flu bu h\u0259r\u0259k\u0259tin\u0259 haqq qazand\u0131rm\u0131\u015fd\u0131: \u201cM\u0259n oldu\u011fum \u201dPrestij&#187; restoran\u0131 da Nazim adl\u0131 az\u0259rbaycanl\u0131 i\u015f adam\u0131na m\u0259xsusdur. O, \u0259sl\u0259n G\u0259d\u0259b\u0259yd\u0259ndir, biznesmendir. T\u0259dbird\u0259 m\u0259lum oldu ki, orada m\u00fcxt\u0259lif xalqlar\u0131n n\u00fcmay\u0259nd\u0259l\u0259ri var. B\u0259li, o m\u0259clisd\u0259 k\u00fcrdl\u0259r v\u0259 erm\u0259nil\u0259r d\u0259 olub. Erm\u0259ni m\u00fc\u011f\u0259nni bizim mahn\u0131n\u0131 erm\u0259ni avaz\u0131 il\u0259 oxuyurdu. Erm\u0259nic\u0259 oxudu\u011fu mahn\u0131n\u0131 \u00f6z musiqil\u0259ri kimi t\u0259qdim etdi. Orada ba\u015fqa h\u0259r\u0259k\u0259t ed\u0259 bilm\u0259zdim. M\u0259n xalq\u0131n m\u0259d\u0259niyy\u0259tini t\u0259msil ed\u0259n \u015f\u0259xs olaraq h\u0259min mahn\u0131n\u0131 az\u0259rbaycanca oxudum. Deyirl\u0259r ki, m\u0259d\u0259niyy\u0259t \u0259n b\u00f6y\u00fck siyas\u0259tdir v\u0259 m\u0259n bu siyas\u0259td\u0259n \u00e7\u0131x\u0131\u015f ed\u0259r\u0259k \u00f6z mahn\u0131m\u0131z\u0131 \u00f6z dilimizd\u0259 oxuyaraq cavab vermi\u015f\u0259m. Qald\u0131 ki, orada bir ne\u00e7\u0259 \u015f\u0259xs var. Onlardan biri k\u00fcrd idi. M\u0259n oradan cavabs\u0131z \u00e7\u0131xsayd\u0131m, bu, bir q\u0259bah\u0259t olard\u0131. Sivil yolla Az\u0259rbaycan dilind\u0259 mahn\u0131 oxuyub qar\u015f\u0131 t\u0259r\u0259fin cavab\u0131n\u0131 verdim&#187;.<\/p>\n\n\n\n<figure class=\"wp-block-gallery columns-3 is-cropped wp-block-gallery-2 is-layout-flex wp-block-gallery-is-layout-flex\"><ul class=\"blocks-gallery-grid\"><li class=\"blocks-gallery-item\"><figure><img decoding=\"async\" src=\"https:\/\/fedai.az\/wp-content\/uploads\/2021\/09\/\u0411\u0435\u0437-\u043d\u0430\u0437\u0432\u0430\u043d\u0438\u044f-16.jpg\" alt=\"\" data-id=\"49131\" data-link=\"https:\/\/fedai.az\/?attachment_id=49131\" class=\"wp-image-49131\"\/><\/figure><\/li><li class=\"blocks-gallery-item\"><figure><img loading=\"lazy\" decoding=\"async\" width=\"526\" height=\"522\" src=\"https:\/\/fedai.az\/wp-content\/uploads\/2021\/09\/242808535_107544821687564_7643249926027285634_n.jpg\" alt=\"\" data-id=\"49132\" data-link=\"https:\/\/fedai.az\/?attachment_id=49132\" class=\"wp-image-49132\" srcset=\"https:\/\/fedai.az\/wp-content\/uploads\/2021\/09\/242808535_107544821687564_7643249926027285634_n.jpg 526w, https:\/\/fedai.az\/wp-content\/uploads\/2021\/09\/242808535_107544821687564_7643249926027285634_n-300x298.jpg 300w, https:\/\/fedai.az\/wp-content\/uploads\/2021\/09\/242808535_107544821687564_7643249926027285634_n-150x150.jpg 150w\" sizes=\"auto, (max-width: 526px) 100vw, 526px\" \/><\/figure><\/li><li class=\"blocks-gallery-item\"><figure><img loading=\"lazy\" decoding=\"async\" width=\"526\" height=\"530\" src=\"https:\/\/fedai.az\/wp-content\/uploads\/2021\/09\/242498452_107548935020486_4589296015943650990_n.jpg\" alt=\"\" data-id=\"49133\" data-full-url=\"https:\/\/fedai.az\/wp-content\/uploads\/2021\/09\/242498452_107548935020486_4589296015943650990_n.jpg\" data-link=\"https:\/\/fedai.az\/?attachment_id=49133\" class=\"wp-image-49133\" srcset=\"https:\/\/fedai.az\/wp-content\/uploads\/2021\/09\/242498452_107548935020486_4589296015943650990_n.jpg 526w, https:\/\/fedai.az\/wp-content\/uploads\/2021\/09\/242498452_107548935020486_4589296015943650990_n-298x300.jpg 298w, https:\/\/fedai.az\/wp-content\/uploads\/2021\/09\/242498452_107548935020486_4589296015943650990_n-150x150.jpg 150w\" sizes=\"auto, (max-width: 526px) 100vw, 526px\" \/><\/figure><\/li><\/ul><figcaption class=\"blocks-gallery-caption\"><strong>TAC\u0130R BUNLARLA DUET OXUYA B\u0130LM\u018fY\u018fC\u018fK&#8230;<\/strong><\/figcaption><\/figure>\n\n\n\n<p><br>Tacir \u015eahmal\u0131o\u011flu iddia edib ki, bu hadis\u0259nin onun duet oxudu\u011fu \u015f\u0259xs\u0259 he\u00e7 bir aidiyyat\u0131 yoxdur: \u201cM\u0259nim mahn\u0131 oxudu\u011fum adam erm\u0259ni yox, k\u00fcrdd\u00fcr. Ad\u0131 Vledir. \u018fg\u0259r kimins\u0259 \u015f\u00fcbh\u0259si varsa, m\u0259n onu Az\u0259rbaycana, ANS-\u0259 d\u0259v\u0259t ed\u0259 bil\u0259r\u0259m. Onda s\u00fcbut ed\u0259r\u0259m ki, o, erm\u0259ni deyil\u201d. Tacir \u00fcst\u00fcnd\u0259n \u00fc\u00e7 ay ke\u00e7dikd\u0259n sonra Moskvada \u00e7\u0259kilmi\u015f videog\u00f6r\u00fcnt\u00fcl\u0259rin yay\u0131lmas\u0131n\u0131n s\u0259b\u0259bl\u0259ri il\u0259 ba\u011fl\u0131 ehtimallar\u0131n\u0131 da dil\u0259r g\u0259tirib: \u201cM\u0259n 1988-ci ild\u0259n A\u011fdam i\u015f\u011fal olunanad\u0259k h\u0259r g\u00fcn t\u0259mas x\u0259ttind\u0259ki m\u00f6vqel\u0259rd\u0259 olmu\u015fam. M\u0259n sin\u0259mi g\u00fcll\u0259y\u0259 ver\u0259n o\u011flanam. H\u0259m \u00f6n c\u0259bh\u0259d\u0259ki \u0259sg\u0259rl\u0259rimiz\u0259 m\u0259n\u0259vi dayaq olmu\u015fam, h\u0259m d\u0259 \u00f6z\u00fcm vuru\u015fmu\u015fam. Amma bu g\u00fcn\u0259 q\u0259d\u0259r yax\u015f\u0131m\u0131 dey\u0259n olmad\u0131. \u00d6mr\u00fcm\u00fcn 35 ilini musiiqy\u0259 vermi\u015f\u0259m. Bu vaxt\u0131 q\u0259d\u0259r ad almam\u0131\u015fam. \u0130ndi m\u0259nim ad\u0131m\u0131 bel\u0259 verirl\u0259r, m\u0259n g\u00f6r\u00fcr\u0259m\u201d, yaxud deyib: \u201cM\u0259n\u0259 z\u0259ng vururlar v\u0259 deyirl\u0259r ki, z\u0259ngimizin s\u0259b\u0259bi var. Bu, s\u0259b\u0259b deyil ax\u0131. Yay\u0131lan videog\u00f6r\u00fcnt\u00fc m\u0259nim \u00fc\u00e7\u00fcn l\u0259k\u0259dir. M\u0259n\u0259 qara yax\u0131rlar. Amma quru pal\u00e7\u0131q divara yap\u0131\u015fmaz. Bir daha deyir\u0259m, laz\u0131md\u0131rsa, m\u0259n o o\u011flan\u0131 d\u0259v\u0259t ed\u0259r\u0259m Az\u0259rbaycana. Ad\u0131 Vledir, m\u0259nim dostumdur. O, k\u00fcrd olsa da, h\u0259r dild\u0259 oxuyur. H\u0259min m\u0259clisd\u0259 erm\u0259nic\u0259 d\u0259 oxuya bil\u0259r. Amma qonaqlar \u00fc\u00e7\u00fcn oxuyur, m\u0259nim \u00fc\u00e7\u00fcn yox. M\u0259nim n\u0259yim\u0259 laz\u0131md\u0131r onun hans\u0131 dild\u0259 oxumas\u0131? Selami \u015eahinin mahn\u0131s\u0131n\u0131 oxuyduq birlikd\u0259. Bir kuplet o oxudu, birini d\u0259 m\u0259n. Ortas\u0131nda da m\u00fc\u011fam el\u0259dim\u201d v\u0259 s. kimi a\u00e7\u0131qlamalar vermi\u015fdi.<\/p>\n\n\n\n<p><br>Amma bu &#171;qu\u015f beyinli&#187;l\u0259r iki il dalbadal Zaran\u0131 g\u0259tirib Bak\u0131da &#171;anq\u0131rtd\u0131lar&#187; v\u0259 dedil\u0259r ki, &#171;Moya Armeniya&#187; oxusa da, qanunsuz \u015eu\u015faya s\u0259f\u0259r ets\u0259 d\u0259, yezidi k\u00fcrd\u00fcd\u00fcr. G\u00f6z\u00fcm\u00fcz ayd\u0131n. Unutmaq olmaz ki, bu g\u00fcn h\u0259m daxild\u0259, h\u0259m d\u0259 \u00f6lk\u0259 xaricind\u0259 T\u00fcrk mill\u0259tin\u0259 qar\u015f\u0131 \u0259n iyr\u0259nc i\u015fl\u0259rin m\u00fc\u0259llifl\u0259ri v\u0259 h\u0259r k\u0259sin k\u00f6p\u0259yi olan erm\u0259niy\u0259 k\u00f6p\u0259klik ed\u0259nl\u0259r el\u0259 bu yezidil\u0259rdir. Onlar, h\u0259tta biziml\u0259 birg\u0259 ya\u015fayan m\u00fcs\u0259lman k\u00fcrd qarda\u015flar\u0131m\u0131z\u0131 da d\u00fc\u015fm\u0259n hesab edirl\u0259r.<\/p>\n\n\n\n<figure class=\"wp-block-gallery columns-3 is-cropped wp-block-gallery-3 is-layout-flex wp-block-gallery-is-layout-flex\"><ul class=\"blocks-gallery-grid\"><li class=\"blocks-gallery-item\"><figure><img loading=\"lazy\" decoding=\"async\" width=\"720\" height=\"535\" src=\"https:\/\/fedai.az\/wp-content\/uploads\/2021\/09\/5yGRzj.jpg\" alt=\"\" data-id=\"49114\" data-link=\"https:\/\/fedai.az\/?attachment_id=49114\" class=\"wp-image-49114\" srcset=\"https:\/\/fedai.az\/wp-content\/uploads\/2021\/09\/5yGRzj.jpg 720w, https:\/\/fedai.az\/wp-content\/uploads\/2021\/09\/5yGRzj-300x223.jpg 300w, https:\/\/fedai.az\/wp-content\/uploads\/2021\/09\/5yGRzj-150x111.jpg 150w\" sizes=\"auto, (max-width: 720px) 100vw, 720px\" \/><\/figure><\/li><li class=\"blocks-gallery-item\"><figure><img loading=\"lazy\" decoding=\"async\" width=\"680\" height=\"488\" src=\"https:\/\/fedai.az\/wp-content\/uploads\/2021\/09\/fLIR6d.jpg\" alt=\"\" data-id=\"49116\" data-full-url=\"https:\/\/fedai.az\/wp-content\/uploads\/2021\/09\/fLIR6d.jpg\" data-link=\"https:\/\/fedai.az\/?attachment_id=49116\" class=\"wp-image-49116\" srcset=\"https:\/\/fedai.az\/wp-content\/uploads\/2021\/09\/fLIR6d.jpg 680w, https:\/\/fedai.az\/wp-content\/uploads\/2021\/09\/fLIR6d-300x215.jpg 300w, https:\/\/fedai.az\/wp-content\/uploads\/2021\/09\/fLIR6d-150x108.jpg 150w\" sizes=\"auto, (max-width: 680px) 100vw, 680px\" \/><\/figure><\/li><li class=\"blocks-gallery-item\"><figure><img loading=\"lazy\" decoding=\"async\" width=\"715\" height=\"400\" src=\"https:\/\/fedai.az\/wp-content\/uploads\/2021\/09\/1602757940_121537320_798068420958706_1443834854049958964_n-715x400-1.jpg\" alt=\"\" data-id=\"49115\" data-link=\"https:\/\/fedai.az\/?attachment_id=49115\" class=\"wp-image-49115\" srcset=\"https:\/\/fedai.az\/wp-content\/uploads\/2021\/09\/1602757940_121537320_798068420958706_1443834854049958964_n-715x400-1.jpg 715w, https:\/\/fedai.az\/wp-content\/uploads\/2021\/09\/1602757940_121537320_798068420958706_1443834854049958964_n-715x400-1-300x168.jpg 300w, https:\/\/fedai.az\/wp-content\/uploads\/2021\/09\/1602757940_121537320_798068420958706_1443834854049958964_n-715x400-1-150x84.jpg 150w\" sizes=\"auto, (max-width: 715px) 100vw, 715px\" \/><\/figure><\/li><\/ul><\/figure>\n\n\n\n<p>Bel\u0259l\u0259rinin qohumu olan \u018fziz Tamoyan Qaraba\u011f m\u00fcharib\u0259si zaman\u0131 Erm\u0259nistan t\u0259r\u0259find\u0259n d\u00f6y\u00fc\u015f\u0259n yezidi k\u00fcrdl\u0259r haqq\u0131nda da demi\u015fdi: \u201cQeyd etm\u0259k ist\u0259yir\u0259m ki, Qaraba\u011f m\u00fcharib\u0259si zaman\u0131 erm\u0259ni qarda\u015flar\u0131m\u0131zla yana\u015f\u0131, 500 n\u0259f\u0259rd\u0259n ibar\u0259t yezidi k\u00fcrd\u00fc d\u0259 d\u00f6y\u00fc\u015f\u00fcrd\u00fc. Erm\u0259nistan\u0131n tam h\u00fcquqlu v\u0259t\u0259nda\u015flar\u0131 kimi, bu g\u00fcnd\u0259 g\u0259nc yezidil\u0259r Erm\u0259ni xalq\u0131n\u0131n m\u0259nafeyini v\u0259 s\u0259rh\u0259dl\u0259rini qoruyurlar\u201d.<\/p>\n\n\n\n<p><br>\u0130st\u0259r Aprel, ist\u0259rs\u0259 d\u0259 44 g\u00fcnl\u00fck V\u0259t\u0259n m\u00fcharib\u0259si g\u00fcnl\u0259rind\u0259 d\u0259 yezidil\u0259r v\u0259 PKK \u00fcns\u00fcrl\u0259ri erm\u0259ni t\u0259r\u0259fd\u0259 d\u00f6y\u00fc\u015f\u00fcrd\u00fcl\u0259r. Bel\u0259 \u00e7\u0131x\u0131r ki, i\u00e7imizd\u0259 a\u011fdaml\u0131 kimi b\u0259sl\u0259nmi\u015f Tacir kimil\u0259r gedib duet oxuduqlar\u0131 kimi, birl\u0259\u015fib g\u00fcll\u0259ni d\u0259 biz\u0259 t\u0259r\u0259f atarlar. \u00c7\u00fcnki yezidil\u0259r, n\u0259 dini, n\u0259 d\u0259 etnik yax\u0131nl\u0131\u011f\u0131m\u0131z yoxdur. Amma erm\u0259nil\u0259r onlara &#171;ehtiyyatda olan erm\u0259nil\u0259r&#187; ad\u0131 veribl\u0259r. Nec\u0259 dey\u0259rl\u0259r &#171;p&#8230; deyil, babam\u0131n pisliyidir&#187; &#8212; dem\u0259kl\u0259 bizi avam yerin\u0259 qoymay\u0131n&#8230;<\/p>\n\n\n\n<p>Sad\u0259c\u0259 g\u00f6r\u00fcn ki, erm\u0259ni h\u0259r bir yanl\u0131\u015f\u0131m\u0131zdan biz\u0259 qar\u015f\u0131 nec\u0259 istifad\u0259 edir&#8230;<\/p>\n\n\n\n<p><br><strong>Fedai.az Ara\u015fd\u0131rma Qrupu<\/strong><\/p>\n","protected":false},"excerpt":{"rendered":"<p>Biz t\u0259hl\u00fck\u0259li bir d\u00fc\u015fm\u0259nl\u0259 \u00fczb\u0259\u00fcz\u00fck. H\u0259r s\u0259hv add\u0131m\u0131m\u0131zdan m\u0259har\u0259tl\u0259 istifad\u0259 edirl\u0259r. Az\u0259rbaycan\u0131n \u015f\u00f6r\u0259yini yeyib, suyunu i\u00e7\u0259nl\u0259r, biri PKK formas\u0131nda oxuyur, biri yezidiyl\u0259 oxuyur, biri<\/p>\n","protected":false},"author":2,"featured_media":49119,"comment_status":"closed","ping_status":"closed","sticky":false,"template":"","format":"standard","meta":{"footnotes":""},"categories":[15],"tags":[],"class_list":["post-49113","post","type-post","status-publish","format-standard","has-post-thumbnail","hentry","category-atmaca"],"aioseo_notices":[],"_links":{"self":[{"href":"https:\/\/fedai.az\/index.php?rest_route=\/wp\/v2\/posts\/49113","targetHints":{"allow":["GET"]}}],"collection":[{"href":"https:\/\/fedai.az\/index.php?rest_route=\/wp\/v2\/posts"}],"about":[{"href":"https:\/\/fedai.az\/index.php?rest_route=\/wp\/v2\/types\/post"}],"author":[{"embeddable":true,"href":"https:\/\/fedai.az\/index.php?rest_route=\/wp\/v2\/users\/2"}],"replies":[{"embeddable":true,"href":"https:\/\/fedai.az\/index.php?rest_route=%2Fwp%2Fv2%2Fcomments&post=49113"}],"version-history":[{"count":3,"href":"https:\/\/fedai.az\/index.php?rest_route=\/wp\/v2\/posts\/49113\/revisions"}],"predecessor-version":[{"id":49142,"href":"https:\/\/fedai.az\/index.php?rest_route=\/wp\/v2\/posts\/49113\/revisions\/49142"}],"wp:featuredmedia":[{"embeddable":true,"href":"https:\/\/fedai.az\/index.php?rest_route=\/wp\/v2\/media\/49119"}],"wp:attachment":[{"href":"https:\/\/fedai.az\/index.php?rest_route=%2Fwp%2Fv2%2Fmedia&parent=49113"}],"wp:term":[{"taxonomy":"category","embeddable":true,"href":"https:\/\/fedai.az\/index.php?rest_route=%2Fwp%2Fv2%2Fcategories&post=49113"},{"taxonomy":"post_tag","embeddable":true,"href":"https:\/\/fedai.az\/index.php?rest_route=%2Fwp%2Fv2%2Ftags&post=49113"}],"curies":[{"name":"wp","href":"https:\/\/api.w.org\/{rel}","templated":true}]}}