{"id":49153,"date":"2021-09-24T01:13:19","date_gmt":"2021-09-23T21:13:19","guid":{"rendered":"https:\/\/fedai.az\/?p=49153"},"modified":"2021-09-24T01:13:22","modified_gmt":"2021-09-23T21:13:22","slug":"r-t-%c9%99rdogan-v-putin-t%c9%99kb%c9%99t%c9%99k-gorusu-socid%c9%99-bas-tutacaq","status":"publish","type":"post","link":"https:\/\/fedai.az\/?p=49153","title":{"rendered":"R. T. \u018frdo\u011fan V. Putin t\u0259kb\u0259t\u0259k g\u00f6r\u00fc\u015f\u00fc So\u00e7id\u0259 ba\u015f tutacaq"},"content":{"rendered":"\n<p><strong>Sentyabr\u0131n 29-da T\u00fcrkiy\u0259 Prezidenti R\u0259c\u0259b Tayyib \u018frdo\u011fanla Rusiya Federasiyas\u0131n\u0131n r\u0259hb\u0259ri Vladimir Putinin t\u0259kb\u0259t\u0259k g\u00f6r\u00fc\u015f ke\u00e7iril\u0259c\u0259k. G\u00f6r\u00fc\u015f\u00fcn ke\u00e7irildiyi yer d\u0259 m\u0259lumdur.<\/strong><\/p>\n\n\n\n<p>T\u0259kb\u0259t\u0259k g\u00f6r\u00fc\u015f So\u00e7id\u0259, ba\u011fl\u0131 qap\u0131lar arxas\u0131nda ba\u015f tutacaq.<\/p>\n\n\n\n<p>B\u0259s g\u00f6r\u00fc\u015fd\u0259 hans\u0131 m\u0259s\u0259l\u0259l\u0259r m\u00fczakir\u0259 olunacaq? Qaraba\u011f m\u0259s\u0259l\u0259si d\u0259 m\u00fczakir\u0259 masas\u0131nda yer alacaqm\u0131?<\/p>\n\n\n\n<p>Milli M\u0259clisin deputat\u0131 Rasim Musab\u0259yov Publika.az-a a\u00e7\u0131qlamas\u0131nda deyib ki, T\u00fcrkiy\u0259 Prezidenti R\u0259c\u0259b Tayyib \u018frdo\u011fanla onun rusiyal\u0131 h\u0259mkar\u0131 Vladimir Putinin g\u00f6r\u00fc\u015f\u00fcn\u00fcn \u0259sas m\u00fczakir\u0259 m\u00f6vzular\u0131n\u0131n bir hiss\u0259sini Ankara art\u0131q a\u00e7\u0131qlay\u0131b.<\/p>\n\n\n\n<p>Deputat\u0131n fikrinc\u0259, So\u00e7id\u0259 ilk n\u00f6vb\u0259d\u0259 Suriya, \u0130dlib m\u0259s\u0259l\u0259si m\u00fczakir\u0259 edil\u0259c\u0259k:<\/p>\n\n\n\n<p>\u201cBu, \u0259sas m\u0259s\u0259l\u0259dir, orada haz\u0131rda g\u0259rginlik art\u0131b. \u0130dlibd\u0259 toqqu\u015fmalar\u0131n olma ehtimal\u0131 g\u00fcnd\u0259n-g\u00fcn\u0259 daha da \u00e7oxal\u0131r. T\u00fcrkiy\u0259 b\u00f6lg\u0259y\u0259 \u0259lav\u0259 texnikalar g\u0259tirib. B\u0259\u015f\u0259r \u018fs\u0259din qo\u015funlar\u0131 da m\u00fc\u0259yy\u0259n haz\u0131rl\u0131q i\u00e7\u0259risind\u0259dirl\u0259r. T\u00fcrkiy\u0259 t\u0259yyar\u0259l\u0259ri \u0130dlib \u00fcz\u0259rind\u0259 u\u00e7ur. D\u00fc\u015f\u00fcn\u00fcr\u0259m ki, T\u00fcrkiy\u0259 \u018fs\u0259d rejimini h\u0259r an darmada\u011f\u0131n etm\u0259y\u0259 haz\u0131rd\u0131r, amma Rusiya il\u0259 toqqu\u015fma ehtimal\u0131, ondan do\u011fa bil\u0259c\u0259k f\u0259sadlar bunu \u0259ng\u0259ll\u0259yir. \u00c7\u00fcnki f\u0259sadlar daha geni\u015f ola bil\u0259r. Fikrimc\u0259, bir n\u00f6mr\u0259li m\u0259s\u0259l\u0259 kimi bu problem masada olacaq. M\u0259nc\u0259, Qaraba\u011fdak\u0131 son v\u0259ziyy\u0259t d\u0259 m\u00fctl\u0259q \u015f\u0259kild\u0259 n\u0259z\u0259rd\u0259n ke\u00e7iril\u0259c\u0259k. Baxmayaraq ki, T\u00fcrkiy\u0259 \u00fc\u00e7t\u0259r\u0259fli sazi\u015fin i\u015ftirak\u00e7\u0131s\u0131 deyildi, ancaq h\u0259m m\u00fcharib\u0259, h\u0259m d\u0259 ondan sonrak\u0131 d\u00f6vrd\u0259 Ankara bu prosesl\u0259rd\u0259 \u00e7ox f\u0259al \u015f\u0259kild\u0259 i\u015ftirak edirdi. \u0130ndi T\u00fcrkiy\u0259 Qaraba\u011fdak\u0131 monitorinq qrupunun t\u0259rkibind\u0259 t\u0259msil olunur\u201d.<\/p>\n\n\n\n<p>Deputat m\u00fczakir\u0259 masas\u0131nda olaca\u011f\u0131 ehtimal edil\u0259n dig\u0259r m\u0259s\u0259l\u0259l\u0259r\u0259 d\u0259 toxunub:<\/p>\n\n\n\n<p>\u201cT\u00fcrkiy\u0259nin m\u00fc\u0259yy\u0259n m\u0259nada qaz q\u0131tl\u0131\u011f\u0131 var. Ankara Moskvadan b\u00f6y\u00fck miqdarda qaz al\u0131r. Bununla ba\u011fl\u0131 b\u0259zi m\u00fcqavil\u0259l\u0259rin vaxt\u0131 bitir. Bunun \u00fc\u00e7\u00fcn d\u0259 zaman laz\u0131md\u0131r. F\u0259rz edir\u0259m ki, bu m\u0259s\u0259l\u0259 d\u0259 n\u0259z\u0259rd\u0259n ke\u00e7iril\u0259c\u0259k. Bundan ba\u015fqa dig\u0259r m\u0259s\u0259l\u0259l\u0259r d\u0259 m\u00fczakir\u0259 oluna bil\u0259r. S-400 raketl\u0259ri il\u0259 ba\u011fl\u0131 m\u0259s\u0259l\u0259l\u0259r d\u0259 var. Onun al\u0131nmas\u0131 texnologiyalar\u0131n Rusiya t\u0259r\u0259find\u0259n verilm\u0259si il\u0259 birba\u015fa ba\u011fl\u0131d\u0131r. Y\u0259ni, Moskva S-400 texnologiyalar\u0131n\u0131 Ankaraya verm\u0259y\u0259 haz\u0131rd\u0131rm\u0131?! Haz\u0131rd\u0131rsa, T\u00fcrkiy\u0259 bu texnologiyalar\u0131 alacaqm\u0131?! D\u00fc\u015f\u00fcn\u00fcr\u0259m ki, T\u00fcrkiy\u0259nin Rusiya il\u0259 kifay\u0259t q\u0259d\u0259r g\u00fcnd\u0259liyi var. \u018ffqan\u0131standak\u0131 v\u0259ziyy\u0259t d\u0259 m\u00fczakir\u0259 oluna bil\u0259r. Ayd\u0131nd\u0131r ki, Rusiyan\u0131n da h\u0259min b\u00f6lg\u0259d\u0259 m\u00fctt\u0259fiql\u0259ri var. Eyni zamanda, T\u00fcrkiy\u0259 \u018ffqan\u0131stan\u0131n yerl\u0259\u015fdiyi b\u00f6lg\u0259d\u0259 b\u00f6y\u00fck n\u00fcfuza sahibdir. Fikrimc\u0259, bu kimi m\u0259s\u0259l\u0259l\u0259r \u018frdo\u011fan Putin g\u00f6r\u00fc\u015f\u00fcnd\u0259 n\u0259z\u0259rd\u0259n ke\u00e7iril\u0259c\u0259k\u201d.<\/p>\n","protected":false},"excerpt":{"rendered":"<p>Sentyabr\u0131n 29-da T\u00fcrkiy\u0259 Prezidenti R\u0259c\u0259b Tayyib \u018frdo\u011fanla Rusiya Federasiyas\u0131n\u0131n r\u0259hb\u0259ri Vladimir Putinin t\u0259kb\u0259t\u0259k g\u00f6r\u00fc\u015f ke\u00e7iril\u0259c\u0259k. G\u00f6r\u00fc\u015f\u00fcn ke\u00e7irildiyi yer d\u0259 m\u0259lumdur. T\u0259kb\u0259t\u0259k g\u00f6r\u00fc\u015f So\u00e7id\u0259, ba\u011fl\u0131<\/p>\n","protected":false},"author":2,"featured_media":49155,"comment_status":"closed","ping_status":"closed","sticky":false,"template":"","format":"standard","meta":{"footnotes":""},"categories":[1],"tags":[],"class_list":["post-49153","post","type-post","status-publish","format-standard","has-post-thumbnail","hentry","category-siyast"],"aioseo_notices":[],"_links":{"self":[{"href":"https:\/\/fedai.az\/index.php?rest_route=\/wp\/v2\/posts\/49153","targetHints":{"allow":["GET"]}}],"collection":[{"href":"https:\/\/fedai.az\/index.php?rest_route=\/wp\/v2\/posts"}],"about":[{"href":"https:\/\/fedai.az\/index.php?rest_route=\/wp\/v2\/types\/post"}],"author":[{"embeddable":true,"href":"https:\/\/fedai.az\/index.php?rest_route=\/wp\/v2\/users\/2"}],"replies":[{"embeddable":true,"href":"https:\/\/fedai.az\/index.php?rest_route=%2Fwp%2Fv2%2Fcomments&post=49153"}],"version-history":[{"count":1,"href":"https:\/\/fedai.az\/index.php?rest_route=\/wp\/v2\/posts\/49153\/revisions"}],"predecessor-version":[{"id":49156,"href":"https:\/\/fedai.az\/index.php?rest_route=\/wp\/v2\/posts\/49153\/revisions\/49156"}],"wp:featuredmedia":[{"embeddable":true,"href":"https:\/\/fedai.az\/index.php?rest_route=\/wp\/v2\/media\/49155"}],"wp:attachment":[{"href":"https:\/\/fedai.az\/index.php?rest_route=%2Fwp%2Fv2%2Fmedia&parent=49153"}],"wp:term":[{"taxonomy":"category","embeddable":true,"href":"https:\/\/fedai.az\/index.php?rest_route=%2Fwp%2Fv2%2Fcategories&post=49153"},{"taxonomy":"post_tag","embeddable":true,"href":"https:\/\/fedai.az\/index.php?rest_route=%2Fwp%2Fv2%2Ftags&post=49153"}],"curies":[{"name":"wp","href":"https:\/\/api.w.org\/{rel}","templated":true}]}}