{"id":49163,"date":"2021-09-24T01:35:51","date_gmt":"2021-09-23T21:35:51","guid":{"rendered":"https:\/\/fedai.az\/?p=49163"},"modified":"2021-09-24T01:36:27","modified_gmt":"2021-09-23T21:36:27","slug":"lavrov-sansinizi-sinamayin-rusiya-nato-ya-uzv-olmayacaq","status":"publish","type":"post","link":"https:\/\/fedai.az\/?p=49163","title":{"rendered":"Lavrov: \u201c\u015eans\u0131n\u0131z\u0131 s\u0131namay\u0131n, Rusiya NATO-ya \u00fczv olmayacaq\u201d"},"content":{"rendered":"\n<p><strong>Rusiyan\u0131n xarici i\u015fl\u0259r naziri Sergey Lavrov BMT Ba\u015f Assambleyas\u0131ndak\u0131 i\u015ftirak\u0131na NATO Ba\u015f katibi Yens Stoltenberql\u0259 g\u00f6r\u00fc\u015fl\u0259 ba\u015flay\u0131b.<\/strong><\/p>\n\n\n\n<p>S. Lavrov protokol foto \u00e7\u0259kili\u015fi zaman\u0131 masa \u0259traf\u0131nda&nbsp;s\u0131xla\u015fan jurnalistl\u0259r\u0259 m\u00fcraci\u0259t edib.<\/p>\n\n\n\n<p>\u201c\u015eans\u0131n\u0131z\u0131 s\u0131namay\u0131n. Rusiya NATO-ya \u00fczv olmayacaq\u201d, &#8212; dey\u0259 rusiyal\u0131 diplomat zarafat edib.<\/p>\n\n\n\n<p>Daha sonra g\u00f6r\u00fc\u015f ba\u011fl\u0131 qap\u0131lar arxas\u0131nda davam edib. M\u0259tbuata veril\u0259n n\u00f6vb\u0259ti a\u00e7\u0131qlamada qeyd olunub ki,&nbsp;g\u00f6r\u00fc\u015fd\u0259 Rusiya-NATO m\u00fcnasib\u0259tl\u0259rinin haz\u0131rk\u0131 v\u0259ziyy\u0259ti m\u00fczakir\u0259 edilib.<\/p>\n\n\n\n<p>\u201cRusiya t\u0259r\u0259find\u0259n t\u0259mas x\u0259tti boyunca g\u0259rginliyi azaltmaq \u00fc\u00e7\u00fcn konkret t\u0259klifl\u0259r ir\u0259li s\u00fcr\u00fcl\u00fcb\u201d, &#8212; dey\u0259 Rusiya t\u0259r\u0259find\u0259n veril\u0259n a\u00e7\u0131qlamada vur\u011fulan\u0131r.<\/p>\n\n\n\n<p>M\u0259lumatda qeyd olunur ki, Sergey Lavrov Avropa h\u0259m\u00e7inin Avropa \u0130ttifaq\u0131n\u0131n (A\u0130) xarici \u0259laq\u0259l\u0259r v\u0259 t\u0259hl\u00fck\u0259sizlik siyas\u0259ti \u00fczr\u0259 ali n\u00fcmay\u0259nd\u0259si Cozep Borrell\u0259 d\u0259 g\u00f6r\u00fc\u015f\u00fc g\u00f6zl\u0259nilir.<\/p>\n\n\n\n<p>M\u0259nb\u0259: TASS (oxu.az)<\/p>\n","protected":false},"excerpt":{"rendered":"<p>Rusiyan\u0131n xarici i\u015fl\u0259r naziri Sergey Lavrov BMT Ba\u015f Assambleyas\u0131ndak\u0131 i\u015ftirak\u0131na NATO Ba\u015f katibi Yens Stoltenberql\u0259 g\u00f6r\u00fc\u015fl\u0259 ba\u015flay\u0131b. S. Lavrov protokol foto \u00e7\u0259kili\u015fi zaman\u0131 masa<\/p>\n","protected":false},"author":2,"featured_media":0,"comment_status":"closed","ping_status":"closed","sticky":false,"template":"","format":"standard","meta":{"footnotes":""},"categories":[13],"tags":[],"class_list":["post-49163","post","type-post","status-publish","format-standard","hentry","category-xarici"],"aioseo_notices":[],"_links":{"self":[{"href":"https:\/\/fedai.az\/index.php?rest_route=\/wp\/v2\/posts\/49163","targetHints":{"allow":["GET"]}}],"collection":[{"href":"https:\/\/fedai.az\/index.php?rest_route=\/wp\/v2\/posts"}],"about":[{"href":"https:\/\/fedai.az\/index.php?rest_route=\/wp\/v2\/types\/post"}],"author":[{"embeddable":true,"href":"https:\/\/fedai.az\/index.php?rest_route=\/wp\/v2\/users\/2"}],"replies":[{"embeddable":true,"href":"https:\/\/fedai.az\/index.php?rest_route=%2Fwp%2Fv2%2Fcomments&post=49163"}],"version-history":[{"count":2,"href":"https:\/\/fedai.az\/index.php?rest_route=\/wp\/v2\/posts\/49163\/revisions"}],"predecessor-version":[{"id":49166,"href":"https:\/\/fedai.az\/index.php?rest_route=\/wp\/v2\/posts\/49163\/revisions\/49166"}],"wp:attachment":[{"href":"https:\/\/fedai.az\/index.php?rest_route=%2Fwp%2Fv2%2Fmedia&parent=49163"}],"wp:term":[{"taxonomy":"category","embeddable":true,"href":"https:\/\/fedai.az\/index.php?rest_route=%2Fwp%2Fv2%2Fcategories&post=49163"},{"taxonomy":"post_tag","embeddable":true,"href":"https:\/\/fedai.az\/index.php?rest_route=%2Fwp%2Fv2%2Ftags&post=49163"}],"curies":[{"name":"wp","href":"https:\/\/api.w.org\/{rel}","templated":true}]}}