{"id":49167,"date":"2021-09-24T01:42:09","date_gmt":"2021-09-23T21:42:09","guid":{"rendered":"https:\/\/fedai.az\/?p=49167"},"modified":"2021-09-24T01:42:12","modified_gmt":"2021-09-23T21:42:12","slug":"azad-olunmus-%c9%99razil%c9%99rl%c9%99-bagli-xususi-hesabat-hazirlanacaq","status":"publish","type":"post","link":"https:\/\/fedai.az\/?p=49167","title":{"rendered":"Azad olunmu\u015f \u0259razil\u0259rl\u0259 ba\u011fl\u0131 x\u00fcsusi hesabat haz\u0131rlanacaq"},"content":{"rendered":"\n<p><strong>&#171;\u0130slam \u018fm\u0259kda\u015fl\u0131q T\u0259\u015fkilat\u0131n\u0131n M\u00fcst\u0259qil Daimi \u0130nsan H\u00fcquqlar\u0131 Komissiyas\u0131n\u0131n \u00fczvl\u0259ri Az\u0259rbaycana 4 g\u00fcnl\u00fck s\u0259f\u0259r\u0259 g\u0259libl\u0259r. Bu s\u0259f\u0259r Az\u0259rbaycan Ombudsman\u0131 S\u0259bin\u0259 \u018fl\u0131iyevan\u0131n t\u0259\u015f\u0259bb\u00fcs\u00fc il\u0259 h\u0259yata ke\u00e7irilir&#187;.<\/strong><\/p>\n\n\n\n<p><br>Bunu Ombudsman Aparat\u0131n\u0131n r\u0259hb\u0259ri, M\u00fcst\u0259qil Daimi \u0130nsan H\u00fcquqlar\u0131 Komissiyas\u0131n\u0131n \u00fczv\u00fc Ayd\u0131n S\u0259fixanl\u0131 jurnalistl\u0259r\u0259 a\u00e7\u0131qlamas\u0131nda deyib.<\/p>\n\n\n\n<p><br>Onun s\u00f6zl\u0259rin\u0259 g\u00f6r\u0259, Ombudsman\u0131n d\u0259v\u0259ti \u0259sas\u0131nda n\u00fcmay\u0259nd\u0259 hey\u0259ti Az\u0259rbaycanda x\u00fcsusi faktara\u015fd\u0131r\u0131c\u0131 missiya h\u0259yata ke\u00e7ir\u0259c\u0259k:<\/p>\n\n\n\n<p> <strong>&#171;Missiyan\u0131n \u0259sas istiqam\u0259tl\u0259ri i\u015f\u011faldan azad olunmu\u015f yerl\u0259r\u0259 bax\u0131\u015f ke\u00e7irm\u0259k, orada 30 il \u0259rzind\u0259 erm\u0259ni i\u015f\u011fal\u00e7\u0131lar\u0131 t\u0259r\u0259find\u0259n da\u011f\u0131d\u0131lm\u0131\u015f m\u0259scidl\u0259r, sosial obyektl\u0259r, \u00fcmumiyy\u0259tl\u0259, vaxtil\u0259 g\u00f6z\u0259l v\u0259ziyy\u0259td\u0259 olmu\u015f Az\u0259rbaycan \u015f\u0259h\u0259rll\u0259rinin indiki v\u0259ziyy\u0259tini g\u00f6rm\u0259kdir.<\/strong><\/p>\n\n\n\n<p><br>Daha sonra 44 g\u00fcnl\u00fck V\u0259t\u0259n m\u00fcharib\u0259si d\u00f6vr\u00fcnd\u0259 Az\u0259rbaycan\u0131n m\u00fclki \u0259halisin\u0259 qar\u015f\u0131 Erm\u0259nistan t\u0259r\u0259find\u0259n t\u00f6r\u0259dilmi\u015f cinay\u0259tl\u0259r yerind\u0259 ara\u015fd\u0131r\u0131lacaq. T\u0259rt\u0259r \u015f\u0259h\u0259rin\u0259 s\u0259f\u0259r planla\u015fd\u0131r\u0131l\u0131r. Orada qada\u011fan olunmu\u015f silahlardan a\u00e7\u0131lan at\u0259\u015f n\u0259tic\u0259sind\u0259 m\u00fclki \u0259haliy\u0259 d\u0259y\u0259n z\u0259r\u0259r yerind\u0259 ara\u015fd\u0131r\u0131lacaq.<\/p>\n\n\n\n<p><br>Daha sonra G\u0259nc\u0259y\u0259 s\u0259f\u0259r edil\u0259c\u0259k. Az\u0259rbaycan\u0131n ikinci b\u00f6y\u00fck \u015f\u0259h\u0259rin\u0259 at\u0131lm\u0131\u015f raket z\u0259rb\u0259l\u0259rinin n\u0259tic\u0259l\u0259ri yerind\u0259 ara\u015fd\u0131r\u0131lacaq. B\u00fct\u00fcn d\u00fcnya t\u0259r\u0259find\u0259n, beyn\u0259lxalq s\u0259n\u0259dl\u0259rl\u0259 qada\u011fan olunmu\u015f minalar\u0131n basd\u0131r\u0131lmas\u0131 il\u0259 ba\u011fl\u0131 pozuntular da yerind\u0259 ara\u015fd\u0131r\u0131lacaq&#187;.<\/p>\n\n\n\n<p>Aparat r\u0259hb\u0259ri qeyd edib ki, sonda x\u00fcsusi hesabat haz\u0131rlanacaq: <strong>&#171;Bu hesabat \u0130\u018fT-in Xarici \u0130\u015fl\u0259r Nazirl\u0259rinin \u015euras\u0131na da t\u0259qdim olunacaq. T\u0259msil etdiyim komissiyan\u0131n BMT-nin m\u00fcqavil\u0259 qurumlar\u0131 il\u0259 d\u0259 \u00e7ox s\u0131x \u0259laq\u0259l\u0259ri var. Bu hesabat h\u0259min qurumlar\u0131n da diqq\u0259tin\u0259 \u00e7atd\u0131r\u0131lacaq&#187;.<\/strong><\/p>\n","protected":false},"excerpt":{"rendered":"<p>&#171;\u0130slam \u018fm\u0259kda\u015fl\u0131q T\u0259\u015fkilat\u0131n\u0131n M\u00fcst\u0259qil Daimi \u0130nsan H\u00fcquqlar\u0131 Komissiyas\u0131n\u0131n \u00fczvl\u0259ri Az\u0259rbaycana 4 g\u00fcnl\u00fck s\u0259f\u0259r\u0259 g\u0259libl\u0259r. Bu s\u0259f\u0259r Az\u0259rbaycan Ombudsman\u0131 S\u0259bin\u0259 \u018fl\u0131iyevan\u0131n t\u0259\u015f\u0259bb\u00fcs\u00fc il\u0259 h\u0259yata ke\u00e7irilir&#187;.<\/p>\n","protected":false},"author":2,"featured_media":49169,"comment_status":"closed","ping_status":"closed","sticky":false,"template":"","format":"standard","meta":{"footnotes":""},"categories":[4],"tags":[],"class_list":["post-49167","post","type-post","status-publish","format-standard","has-post-thumbnail","hentry","category-qarabag"],"aioseo_notices":[],"_links":{"self":[{"href":"https:\/\/fedai.az\/index.php?rest_route=\/wp\/v2\/posts\/49167","targetHints":{"allow":["GET"]}}],"collection":[{"href":"https:\/\/fedai.az\/index.php?rest_route=\/wp\/v2\/posts"}],"about":[{"href":"https:\/\/fedai.az\/index.php?rest_route=\/wp\/v2\/types\/post"}],"author":[{"embeddable":true,"href":"https:\/\/fedai.az\/index.php?rest_route=\/wp\/v2\/users\/2"}],"replies":[{"embeddable":true,"href":"https:\/\/fedai.az\/index.php?rest_route=%2Fwp%2Fv2%2Fcomments&post=49167"}],"version-history":[{"count":1,"href":"https:\/\/fedai.az\/index.php?rest_route=\/wp\/v2\/posts\/49167\/revisions"}],"predecessor-version":[{"id":49170,"href":"https:\/\/fedai.az\/index.php?rest_route=\/wp\/v2\/posts\/49167\/revisions\/49170"}],"wp:featuredmedia":[{"embeddable":true,"href":"https:\/\/fedai.az\/index.php?rest_route=\/wp\/v2\/media\/49169"}],"wp:attachment":[{"href":"https:\/\/fedai.az\/index.php?rest_route=%2Fwp%2Fv2%2Fmedia&parent=49167"}],"wp:term":[{"taxonomy":"category","embeddable":true,"href":"https:\/\/fedai.az\/index.php?rest_route=%2Fwp%2Fv2%2Fcategories&post=49167"},{"taxonomy":"post_tag","embeddable":true,"href":"https:\/\/fedai.az\/index.php?rest_route=%2Fwp%2Fv2%2Ftags&post=49167"}],"curies":[{"name":"wp","href":"https:\/\/api.w.org\/{rel}","templated":true}]}}