{"id":49174,"date":"2021-09-24T02:02:43","date_gmt":"2021-09-23T22:02:43","guid":{"rendered":"https:\/\/fedai.az\/?p=49174"},"modified":"2021-09-24T16:11:47","modified_gmt":"2021-09-24T12:11:47","slug":"iranda-d%c9%99r%c9%99b%c9%99ylik-biri-xutb%c9%99-biri-f%c9%99tva-biri-d%c9%99-raket-atir","status":"publish","type":"post","link":"https:\/\/fedai.az\/?p=49174","title":{"rendered":"\u0130randa d\u0259r\u0259b\u0259ylik: Biri x\u00fctb\u0259, biri f\u0259tva, biri d\u0259 raket &#171;at\u0131r&#187;&#8230;"},"content":{"rendered":"\n<p><strong>Des\u0259k ki, bu g\u00fcn \u0130randa &#171;it yiy\u0259sini tan\u0131m\u0131r&#187;, inan\u0131n ki, &#171;he\u00e7 yiy\u0259si d\u0259 itini tan\u0131m\u0131r&#187;. \u00c7\u00fcnki c\u00fcbb\u0259li mollalar\u0131n ill\u0259rc\u0259 erm\u0259ni terror\u00e7ular\u0131 v\u0259 AB\u015e sanksiyalar\u0131n\u0131 he\u00e7\u0259 sayan Erm\u0259nistanla 1 milyard dollar\u0131 h\u0259d\u0259fl\u0259diyi siyas\u0259ti suya d\u00fc\u015f\u00fcb. Qazanc \u0259ld\u0259n \u00e7\u0131xd\u0131qca mollalar\u0131n cini &#8212; \u015f\u0259yatinl\u0259ri t\u0259p\u0259l\u0259rin\u0259 vurur. T\u0259sbehi tullay\u0131b bu komersant-mollalar itiril\u0259n qazanclar\u0131n\u0131n hesablayan kalkulyatorlarla oynay\u0131rlar. <\/strong><\/p>\n\n\n\n<p>Pa\u015finyan\u0131n c\u0259ddi siz\u0259 q\u0259nim olsun. Maraql\u0131 buras\u0131d\u0131r ki, qondarma &#171;da\u011fl\u0131q Qaraba\u011f&#187; problemind\u0259n \u0259l \u00e7\u0259k\u0259 bilm\u0259y\u0259n AB\u015e-\u0131n Erm\u0259nistandak\u0131 s\u0259firi Linn Treysi onun \u0130rana qar\u015f\u0131 sanksiyalara n\u0259zar\u0259t etm\u0259k \u0259v\u0259zin\u0259 az qal\u0131r ki, gedib yolda qalm\u0131\u015f \u0130ran ma\u015f\u0131nlar\u0131n\u0131 arxas\u0131na qo\u015fub \u00e7\u0259ksin. AB\u015e da unutmas\u0131n ki, onun Qaraba\u011fa h\u0259ms\u0259dr kimi qay\u0131tmas\u0131 art\u0131q tarixdir. 30 illik s\u0259m\u0259r\u0259siz v\u0259 t\u0259r\u0259fke\u015flik AB\u015e-\u0131n Treysi kimi s\u0259firl\u0259ri ucbat\u0131ndan c\u0259h\u0259nn\u0259m\u0259 getdi&#8230;<\/p>\n\n\n\n<p><br>\u0130ran Silahl\u0131 Q\u00fcvv\u0259l\u0259ri Ba\u015f Q\u0259rargah r\u0259isi general M\u0259h\u0259mm\u0259d Baqirinin \u201cArmenpress\u201d bu s\u00f6zl\u0259rini yay\u0131b: \u201cAz\u0259rbaycana 4000 raket at\u0131lacaq v\u0259 Bak\u0131 m\u0259hv edil\u0259c\u0259k\u201d.<\/p>\n\n\n\n<p><br>O, m\u00fcnaqi\u015f\u0259nin k\u0259skinl\u0259\u015f\u0259c\u0259yi t\u0259qdird\u0259 Az\u0259rbaycana 4000 raket ataraq, Bak\u0131n\u0131 m\u0259hv ed\u0259c\u0259kl\u0259ri bar\u0259d\u0259 s\u0259rs\u0259ml\u0259yib. Bu &#171;si\u011f\u0259d\u0259n do\u011fulmu\u015f bic\u0259n\u0259k&#187; unudur ki, \u0130ran\u0131n h\u0259r k\u00f6\u015f\u0259sind\u0259 50 milyon raketimiz var. H\u0259r T\u00fcrk bir raketdir. \u0130ngilisin, frans\u0131z\u0131n si\u011f\u0259sind\u0259n do\u011fulmalar\u0131 azm\u0131\u015f kimi, dey\u0259s\u0259n bu adamlar erm\u0259ni fa\u015fistl\u0259rinin \u015fi\u0259 m\u0259scidl\u0259rind\u0259 saxlad\u0131qlar\u0131 donuzlar\u0131n \u0259tiyl\u0259 b\u0259sl\u0259nibl\u0259r. Ona g\u00f6r\u0259 d\u0259 qanlar\u0131 erm\u0259niy\u0259 qarda\u015f deyir.<\/p>\n\n\n\n<p><br>Tezlikl\u0259 \u0130ran\u0131 bu \u015f\u00fcarlar b\u00fcr\u00fcm\u0259lidir: <strong>&#171;TEHRAN AZ\u018fRBAYCANDIR!&#187; &#171;T\u018fBR\u0130Z AZ\u018fRBAYCANDIR!&#187; &#171;H\u018fM\u018fDAN AZ\u018fRBAYCANDIR!&#187; &#171;Z\u018fNCAN AZ\u018fRBAYCANDIR!&#187; &#171;SULDUZ AZ\u018fRBAYCANDIR!&#187; &#171;URM\u0130YA AZ\u018fRBAYCANDIR!&#187;&#8230;&#187;\u0130RAN-AZ\u018fRBAYCANDIR!&#187;<\/strong><\/p>\n\n\n\n<p><br>\u00c7\u00fcnki molla rejimi ill\u0259rdir ki, \u0130ran xalq\u0131n\u0131 v\u0259 o c\u00fcml\u0259d\u0259n d\u0259 50 milyon n\u0259f\u0259rlik T\u00fcrk n\u00fcfuzu ikiqat \u0259sar\u0259t alt\u0131nda saxlay\u0131r. \u018fn t\u0259bii haqlar\u0131 \u0259lind\u0259n al\u0131nmaqla yana\u015f\u0131, onlar bu molla rejiminin yanl\u0131\u015f siyas\u0259ti say\u0259sind\u0259 &#171;\u00e7\u00f6r\u0259k u\u011frunda m\u00fcbariz\u0259&#187;y\u0259 c\u0259lb edilibl\u0259r.<\/p>\n\n\n\n<p><br>Bel\u0259 \u00e7\u0131x\u0131r ki, dey\u0259s\u0259n v\u0259ziyy\u0259tin q\u0259lizliyini g\u00f6r\u00fcb \u0130ran\u0131n prezidenti &#171;qa\u00e7\u0131b&#187;, Ali dini lider \u018fli Xameneyi is\u0259 &#171;\u00f6l\u00fcb&#187;&#8230;<br><\/p>\n\n\n\n<p><strong>Fedai.az Ara\u015fd\u0131rma Qrupu<\/strong><\/p>\n","protected":false},"excerpt":{"rendered":"<p>Des\u0259k ki, bu g\u00fcn \u0130randa &#171;it yiy\u0259sini tan\u0131m\u0131r&#187;, inan\u0131n ki, &#171;he\u00e7 yiy\u0259si d\u0259 itini tan\u0131m\u0131r&#187;. \u00c7\u00fcnki c\u00fcbb\u0259li mollalar\u0131n ill\u0259rc\u0259 erm\u0259ni terror\u00e7ular\u0131 v\u0259 AB\u015e sanksiyalar\u0131n\u0131<\/p>\n","protected":false},"author":2,"featured_media":0,"comment_status":"closed","ping_status":"closed","sticky":false,"template":"","format":"standard","meta":{"footnotes":""},"categories":[15],"tags":[],"class_list":["post-49174","post","type-post","status-publish","format-standard","hentry","category-atmaca"],"aioseo_notices":[],"_links":{"self":[{"href":"https:\/\/fedai.az\/index.php?rest_route=\/wp\/v2\/posts\/49174","targetHints":{"allow":["GET"]}}],"collection":[{"href":"https:\/\/fedai.az\/index.php?rest_route=\/wp\/v2\/posts"}],"about":[{"href":"https:\/\/fedai.az\/index.php?rest_route=\/wp\/v2\/types\/post"}],"author":[{"embeddable":true,"href":"https:\/\/fedai.az\/index.php?rest_route=\/wp\/v2\/users\/2"}],"replies":[{"embeddable":true,"href":"https:\/\/fedai.az\/index.php?rest_route=%2Fwp%2Fv2%2Fcomments&post=49174"}],"version-history":[{"count":3,"href":"https:\/\/fedai.az\/index.php?rest_route=\/wp\/v2\/posts\/49174\/revisions"}],"predecessor-version":[{"id":49244,"href":"https:\/\/fedai.az\/index.php?rest_route=\/wp\/v2\/posts\/49174\/revisions\/49244"}],"wp:attachment":[{"href":"https:\/\/fedai.az\/index.php?rest_route=%2Fwp%2Fv2%2Fmedia&parent=49174"}],"wp:term":[{"taxonomy":"category","embeddable":true,"href":"https:\/\/fedai.az\/index.php?rest_route=%2Fwp%2Fv2%2Fcategories&post=49174"},{"taxonomy":"post_tag","embeddable":true,"href":"https:\/\/fedai.az\/index.php?rest_route=%2Fwp%2Fv2%2Ftags&post=49174"}],"curies":[{"name":"wp","href":"https:\/\/api.w.org\/{rel}","templated":true}]}}