{"id":49180,"date":"2021-09-24T02:31:29","date_gmt":"2021-09-23T22:31:29","guid":{"rendered":"https:\/\/fedai.az\/?p=49180"},"modified":"2021-09-24T02:31:33","modified_gmt":"2021-09-23T22:31:33","slug":"molla-yolsuzlugunu-bitir%c9%99n-bir-yol-bir-k%c9%99m%c9%99r","status":"publish","type":"post","link":"https:\/\/fedai.az\/?p=49180","title":{"rendered":"Molla yolsuzlu\u011funu bitir\u0259n &#171;Bir yol, bir k\u0259m\u0259r&#187;"},"content":{"rendered":"\n<p><strong>Bu ilin may ay\u0131ndan Erm\u0259nistanla Iran aras\u0131nda yol v\u0259 dig\u0259r ticari \u0259laq\u0259l\u0259r bar\u0259d\u0259 intensiv g\u00f6r\u00fc\u015fl\u0259r ke\u00e7irilib. \u00dcst\u0259lik \u0130ran &#171;Bir yol, bir k\u0259m\u0259r&#187; ideyas\u0131na alternativ olan \u00f6nc\u0259 \u00c7in, daha sonra Hindistan-\u0130ran-Erm\u0259nistan-G\u00fcrc\u00fcstan-Rusiya c\u0259nub &#8212; \u015fimal d\u0259hlizi ideyas\u0131n\u0131 ortaya atm\u0131\u015fd\u0131.<\/strong><\/p>\n\n\n\n<p> \u0130ran\u0131n layih\u0259sin\u0259 g\u00f6r\u0259 Pakistan, T\u00fcrkiy\u0259 v\u0259 Az\u0259rbaycandan yan ke\u00e7m\u0259kl\u0259 \u00f6z m\u0131krli siyas\u0259ti \u00fc\u00e7\u00fcn Erm\u0259nistana 400 milyon dollar investisiya ay\u0131rd\u0131\u011f\u0131n\u0131 v\u0259 bu molla &#171;n\u0259zirinin&#187; 300 milyonunu Serj Sarkisyan\u0131n g\u00f6yl\u0259r\u0259 sovurdu\u011fu v\u0259 \u0259n son 100 milyonunun is\u0259 Nikol Pa\u015finyan t\u0259r\u0259find\u0259n x\u0259rcl\u0259nm\u0259si \u00fcz\u0259 \u00e7\u0131x\u0131b.<\/p>\n\n\n\n<figure class=\"wp-block-image size-large is-resized\"><img loading=\"lazy\" decoding=\"async\" src=\"https:\/\/fedai.az\/wp-content\/uploads\/2021\/09\/1304953-1.jpg\" alt=\"\" class=\"wp-image-49181\" width=\"927\" height=\"594\" srcset=\"https:\/\/fedai.az\/wp-content\/uploads\/2021\/09\/1304953-1.jpg 620w, https:\/\/fedai.az\/wp-content\/uploads\/2021\/09\/1304953-1-300x192.jpg 300w, https:\/\/fedai.az\/wp-content\/uploads\/2021\/09\/1304953-1-150x96.jpg 150w, https:\/\/fedai.az\/wp-content\/uploads\/2021\/09\/1304953-1-115x73.jpg 115w\" sizes=\"auto, (max-width: 927px) 100vw, 927px\" \/><\/figure>\n\n\n\n<p> Bu g\u00fcn Az\u0259rbaycan \u0259razisind\u0259n ke\u00e7m\u0259y\u0259n yol \u00fc\u00e7\u00fcn Erm\u0259nistan t\u0259r\u0259fi 1 milyard dollar\u0131n laz\u0131m olmas\u0131n\u0131 dem\u0259si v\u0259 AB &#8212; nin bu m\u0259qs\u0259dl\u0259 500 milyon euro ay\u0131rma\u011fa s\u00f6z verm\u0259si bar\u0259d\u0259 yay\u0131lan informasiyalar mollalardan yenid\u0259n pul qoparmaq \u00fc\u00e7\u00fcn d\u00f6vr\u0259y\u0259 at\u0131lm\u0131\u015f ola bil\u0259r. Kommunikasiyalar\u0131n a\u00e7\u0131lmas\u0131 v\u0259 n\u0259qliyyat d\u0259hlizl\u0259ri il\u0259 ba\u011fl\u0131 art\u0131q aylard\u0131r ki, erm\u0259nil\u0259rin informasiya m\u0259kan\u0131nda q\u0131z\u011f\u0131n m\u00fczakir\u0259l\u0259r gedir. <\/p>\n\n\n\n<p><strong>Vahe Davtyan &#8212; Siyasi elml\u0259r doktoru, Erm\u0259nistan D\u00f6vl\u0259t Universitetinin professoru, Enerji T\u0259hl\u00fck\u0259sizliyi \u0130nstitutunun prezidenti, x\u00fcsus\u0259n \u0130A Realist \u00fc\u00e7\u00fcn yazd\u0131\u011f\u0131 m\u0259qal\u0259d\u0259n b\u0259zi m\u0259qamlar\u0131 diqq\u0259tiniz\u0259 \u00e7atd\u0131r\u0131r\u0131q<\/strong>: &#171;M\u0259lum olur ki, Erm\u0259nistan t\u0259r\u0259fi kommunikasiyalar\u0131n blokadadan \u00e7\u0131xar\u0131lmas\u0131 il\u0259 ba\u011fl\u0131 dan\u0131\u015f\u0131qlar \u00e7\u0259r\u00e7iv\u0259sind\u0259 yaln\u0131z \u00f6z subyektivliyini \u015f\u00fcbh\u0259 alt\u0131na alan v\u0259 \u0259slind\u0259 \u00f6z milli maraqlar\u0131 olan bir d\u00f6vl\u0259t kimi deyil, Ankara v\u0259 Bak\u0131n\u0131n n\u0259qliyyat inteqrasiyas\u0131 \u00fc\u00e7\u00fcn a\u00e7\u0131q bir \u0259razi statusunu da\u015f\u0131yan \u00f6lk\u0259 kimi T\u00fcrkiy\u0259-Az\u0259rbaycan tandeminin maraqlar\u0131na xidm\u0259t edir. <\/p>\n\n\n\n<p>Ancaq paradoks budur ki, b\u00fct\u00fcn bunlarla yana\u015f\u0131, Erm\u0259nistanda hakim olan diletantlar qrupu, komunikasiyalar\u0131n blokadadan \u00e7\u0131xar\u0131lmas\u0131 n\u0259tic\u0259sind\u0259 ortaya \u00e7\u0131xan yeni imkanlar haqq\u0131nda se\u00e7icil\u0259rini na\u011f\u0131llarla uyutma\u011fa davam edir. Ayd\u0131nd\u0131r ki, Erm\u0259nistan n\u0259qliyyat v\u0259 logistika sisteminin t\u0259hl\u00fck\u0259sizlik s\u0259viyy\u0259sinin art\u0131r\u0131lmas\u0131 v\u0259 \u015fax\u0259l\u0259ndirilm\u0259si il\u0259 ba\u011fl\u0131 narahatl\u0131qlar ilk n\u00f6vb\u0259d\u0259 Vanadzor-Fioletovo d\u0259miryolunun tikintisi v\u0259 d\u0259miryolu b\u0259r\u0259l\u0259rinin al\u0131nmas\u0131 kimi t\u0259\u015f\u0259bb\u00fcsl\u0259rd\u0259 \u00f6z \u0259ksini tapmal\u0131d\u0131r. D\u0259mir yolu tikintisi Vanadzor-Fioletovo, \u0130cevan-Razdan-\u0130r\u0259van x\u0259ttini Tbilisi-Ayrum-G\u00fcmr\u00fc-Masis x\u0259tti il\u0259 birl\u0259\u015fdirm\u0259y\u0259 imkan ver\u0259r, y\u00fckl\u0259rin da\u015f\u0131nma m\u00fcdd\u0259tini xeyli azaldar, h\u0259m d\u0259 tarifl\u0259ri a\u015fa\u011f\u0131 salacaqd\u0131. D\u0259miryolu b\u0259r\u0259l\u0259rin\u0259 g\u0259ldikd\u0259, 2018 -ci ild\u0259n ba\u015flayaraq \u0130r\u0259vana h\u0259r biri t\u0259xmin\u0259n 2-3 milyon AB\u015e dollar\u0131 qiym\u0259tind\u0259 Ker\u00e7d\u0259 yerl\u0259\u015f\u0259n iki b\u0259r\u0259 almaq t\u0259klif edilirdi. \u0130r\u0259van, t\u0259klif olunan b\u0259r\u0259l\u0259rin 1980 -ci ill\u0259rd\u0259n etibar\u0259n istismar edildiyini v\u0259 buna g\u00f6r\u0259 d\u0259 onlar\u0131n saxlanmas\u0131n\u0131n baha olaca\u011f\u0131n\u0131 \u0259sas g\u0259tir\u0259r\u0259k bundan imtina etdi. <\/p>\n\n\n\n<figure class=\"wp-block-gallery columns-2 is-cropped wp-block-gallery-1 is-layout-flex wp-block-gallery-is-layout-flex\"><ul class=\"blocks-gallery-grid\"><li class=\"blocks-gallery-item\"><figure><img loading=\"lazy\" decoding=\"async\" width=\"512\" height=\"354\" src=\"https:\/\/fedai.az\/wp-content\/uploads\/2021\/09\/unnamed-2.jpg\" alt=\"\" data-id=\"49182\" data-link=\"https:\/\/fedai.az\/?attachment_id=49182\" class=\"wp-image-49182\" srcset=\"https:\/\/fedai.az\/wp-content\/uploads\/2021\/09\/unnamed-2.jpg 512w, https:\/\/fedai.az\/wp-content\/uploads\/2021\/09\/unnamed-2-300x207.jpg 300w, https:\/\/fedai.az\/wp-content\/uploads\/2021\/09\/unnamed-2-150x104.jpg 150w\" sizes=\"auto, (max-width: 512px) 100vw, 512px\" \/><\/figure><\/li><li class=\"blocks-gallery-item\"><figure><img loading=\"lazy\" decoding=\"async\" width=\"693\" height=\"440\" src=\"https:\/\/fedai.az\/wp-content\/uploads\/2021\/09\/photo_145657.jpg\" alt=\"\" data-id=\"49183\" data-full-url=\"https:\/\/fedai.az\/wp-content\/uploads\/2021\/09\/photo_145657.jpg\" data-link=\"https:\/\/fedai.az\/?attachment_id=49183\" class=\"wp-image-49183\" srcset=\"https:\/\/fedai.az\/wp-content\/uploads\/2021\/09\/photo_145657.jpg 693w, https:\/\/fedai.az\/wp-content\/uploads\/2021\/09\/photo_145657-300x190.jpg 300w, https:\/\/fedai.az\/wp-content\/uploads\/2021\/09\/photo_145657-150x95.jpg 150w, https:\/\/fedai.az\/wp-content\/uploads\/2021\/09\/photo_145657-115x73.jpg 115w\" sizes=\"auto, (max-width: 693px) 100vw, 693px\" \/><\/figure><\/li><\/ul><\/figure>\n\n\n\n<p>Bu arqument, \u0259lb\u0259tt\u0259, ba\u015fa d\u00fc\u015f\u00fcl\u0259 bil\u0259r (baxmayaraq ki, bu x\u00fcsusi m\u00fczakir\u0259 m\u00f6vzusudur). Ancaq ayd\u0131nd\u0131r ki, bunun ard\u0131nca t\u0259xmin\u0259n 10 milyon AB\u015e dollar\u0131na ba\u015fa g\u0259l\u0259n yeni bir n\u0259sil b\u0259r\u0259 \u0259ld\u0259 etm\u0259k \u00fc\u00e7\u00fcn t\u0259dbirl\u0259r g\u00f6r\u00fclm\u0259li idi. T\u0259bii ki, bel\u0259 bir \u015feyin ard\u0131nca getm\u0259di. Eyni zamanda, \u0259n az\u0131 iki d\u0259miryolu b\u0259r\u0259sinin (h\u0259r biri 40 vaqon) al\u0131nmas\u0131 Erm\u0259nistan\u0131n G\u00fcrc\u00fcstan limanlar\u0131nda oyun\u00e7u olmas\u0131na imkan ver\u0259c\u0259yi, bel\u0259 \u0259h\u0259miyy\u0259tli bir istiqam\u0259td\u0259 Poti-Qafqaz-Poti istiqam\u0259tind\u0259 sabit da\u015f\u0131malar\u0131 t\u0259min ed\u0259c\u0259yi ayd\u0131n g\u00f6r\u00fcn\u00fcrd\u00fc. Bunun \u0259v\u0259zin\u0259, iki il \u0259rzind\u0259 s\u0259lahiyy\u0259tlil\u0259r, qeyri -rezidentl\u0259r\u0259 &#8212; g\u0259mi sahibl\u0259rin\u0259 &#171;uy\u011fun bayraq&#187; xidm\u0259ti g\u00f6st\u0259rm\u0259k \u00fc\u00e7\u00fcn Erm\u0259nistanda &#171;d\u0259niz qanunvericiliyinin&#187; formala\u015fmas\u0131n\u0131n perspektivl\u0259rini m\u00fczakir\u0259 etdil\u0259r. \u018flb\u0259tt\u0259 ki, \u0259ks\u0259r t\u0259\u015f\u0259bb\u00fcsl\u0259r kimi, bu da yar\u0131m\u00e7\u0131q qald\u0131 (Daha \u0259trafl\u0131: <a href=\"https:\/\/realtribune.ru\/news-world-5813\">https:\/\/realtribune.ru\/news-world-5813<\/a>). <\/p>\n\n\n\n<p>Dig\u0259r erm\u0259ni m\u0259nb\u0259l\u0259rind\u0259 d\u0259 \u0130ran-Erm\u0259nistan aras\u0131nda yolun in\u015fas\u0131na dair m\u00fcqavil\u0259 iki \u00f6lk\u0259 t\u0259r\u0259find\u0259n 2009 &#8212; cu ild\u0259 imzalanm\u0131\u015fd\u0131r. \u00dc\u00e7 il sonra \u0130r\u0259van B\u018f\u018f-d\u0259 yerl\u0259\u015f\u0259n Rasia FZE Investment-\u0259 305 kilometrlik yolun tikintisi v\u0259 istismar\u0131 \u00fc\u00e7\u00fcn 50 illik g\u00fcz\u0259\u015ftl\u0259r vermi\u015fdi. 2013 -c\u00fc il\u0259 q\u0259d\u0259r \u015firk\u0259t layih\u0259nin t\u0259xmini d\u0259y\u0259rinin 3,5 milyard dollar oldu\u011funu \u0259ks etdir\u0259n texniki -iqtisadi \u0259sasland\u0131rman\u0131 tamamlam\u0131\u015fd\u0131. Lakin o vaxtlar Bak\u0131n\u0131n f\u0259al lobbi\u00e7iliyi bu layih\u0259nin h\u0259yata ke\u00e7irilm\u0259sin\u0259 mane oldu. <\/p>\n\n\n\n<p><strong>Erm\u0259ni m\u0259tbuat\u0131n\u0131n yazd\u0131\u011f\u0131na g\u00f6r\u0259, 2016-c\u0131 ild\u0259 \u0130ran h\u00f6kum\u0259ti il\u0259 \u00c7in, \u0130ran v\u0259 Erm\u0259nistan aras\u0131nda yeni bir d\u0259mir yolu \u00e7\u0259km\u0259k \u00fc\u00e7\u00fcn dan\u0131\u015f\u0131qlar apard\u0131qdan sonra Az\u0259rbaycan (qeyri-r\u0259smi olaraq) \u0130rana verdiyi kreditl\u0259ri donduraca\u011f\u0131 il\u0259 h\u0259d\u0259l\u0259mi\u015fdi. Yanvar ay\u0131nda Tehran Bak\u0131dan \u0130ran\u0131n R\u0259\u015ftind\u0259n Az\u0259rbaycan s\u0259rh\u0259din\u0259 q\u0259d\u0259r 205 kilometrlik bir d\u0259mir yolu \u00e7\u0259km\u0259k \u00fc\u00e7\u00fcn 500 milyon dollar kredit alm\u0131\u015fd\u0131 (R\u0259\u015ft-Astara yolu kimi tan\u0131n\u0131r). <\/strong><\/p>\n\n\n\n<p>Daha sonra mart ay\u0131nda \u0130ran, T\u00fcrkiy\u0259, G\u00fcrc\u00fcstan v\u0259 Az\u0259rbaycan\u0131n xarici i\u015fl\u0259r nazirl\u0259ri d\u00f6rdl\u00fcy\u00fc ilk g\u00f6r\u00fc\u015f\u0259 topla\u015fd\u0131lar. Y\u0259ni Az\u0259rbaycan bu ideyan\u0131n realla\u015fd\u0131r\u0131lmas\u0131n\u0131n qar\u015f\u0131s\u0131n\u0131 al\u0131b. Haz\u0131rda t\u0259tbiq olunmu\u015f embarqo v\u0259 sanksiyalarda, h\u0259m\u00e7inin d\u0259 \u00e7irkli pullar\u0131n yuyulmas\u0131nda ill\u0259rc\u0259dir ki, h\u0259m i\u015f\u011fal alt\u0131nda olan Qaraba\u011fda, h\u0259m d\u0259 Erm\u0259nistanda &#171;ciddi u\u011furlar&#187; qazanm\u0131\u015fd\u0131 v\u0259 bu imkanlar bu g\u00fcn bir-bir \u0259ld\u0259n \u00e7\u0131xmaqdad\u0131r. <\/p>\n\n\n\n<figure class=\"wp-block-gallery columns-2 is-cropped wp-block-gallery-2 is-layout-flex wp-block-gallery-is-layout-flex\"><ul class=\"blocks-gallery-grid\"><li class=\"blocks-gallery-item\"><figure><img loading=\"lazy\" decoding=\"async\" width=\"512\" height=\"384\" src=\"https:\/\/fedai.az\/wp-content\/uploads\/2021\/09\/unnamed-1.jpg\" alt=\"\" data-id=\"49184\" data-link=\"https:\/\/fedai.az\/?attachment_id=49184\" class=\"wp-image-49184\" srcset=\"https:\/\/fedai.az\/wp-content\/uploads\/2021\/09\/unnamed-1.jpg 512w, https:\/\/fedai.az\/wp-content\/uploads\/2021\/09\/unnamed-1-300x225.jpg 300w, https:\/\/fedai.az\/wp-content\/uploads\/2021\/09\/unnamed-1-150x113.jpg 150w\" sizes=\"auto, (max-width: 512px) 100vw, 512px\" \/><\/figure><\/li><li class=\"blocks-gallery-item\"><figure><img loading=\"lazy\" decoding=\"async\" width=\"620\" height=\"465\" src=\"https:\/\/fedai.az\/wp-content\/uploads\/2021\/09\/378887_src.jpg\" alt=\"\" data-id=\"49185\" data-full-url=\"https:\/\/fedai.az\/wp-content\/uploads\/2021\/09\/378887_src.jpg\" data-link=\"https:\/\/fedai.az\/?attachment_id=49185\" class=\"wp-image-49185\" srcset=\"https:\/\/fedai.az\/wp-content\/uploads\/2021\/09\/378887_src.jpg 620w, https:\/\/fedai.az\/wp-content\/uploads\/2021\/09\/378887_src-300x225.jpg 300w, https:\/\/fedai.az\/wp-content\/uploads\/2021\/09\/378887_src-150x113.jpg 150w\" sizes=\"auto, (max-width: 620px) 100vw, 620px\" \/><\/figure><\/li><\/ul><\/figure>\n\n\n\n<p>Xat\u0131rlay\u0131rs\u0131n\u0131zsa, \u201c\u0130\u015f\u0131ql\u0131 Erm\u0259nistan\u201d parlament fraksiyas\u0131ndan olan deputat Armen Yegiazaryan, Milli T\u0259hl\u00fck\u0259sizlik Xidm\u0259tind\u0259n (MTX) onlar\u0131n, 2018-ci ild\u0259 211 milyon dollar\u0131n Az\u0259rbaycandan Erm\u0259nistana k\u00f6\u00e7\u00fcr\u00fclm\u0259si il\u0259 ba\u011fl\u0131 demi\u015fdi: \u00abBir ne\u00e7\u0259 g\u00fcn bundan \u0259vv\u0259l m\u0259n D\u00fcnya Bank\u0131n\u0131n hesabat\u0131 il\u0259 \u0259laq\u0259dar MTX-ya m\u00fcraci\u0259t etmi\u015fdim v\u0259 bildirmi\u015fdim ki, 2018-ci ild\u0259 Az\u0259rbaycandan Erm\u0259nistana 211 milyon dollar k\u00f6\u00e7\u00fcr\u00fcl\u00fcb. Bu g\u00fcn m\u0259n MTX-dan cavab ald\u0131m, h\u0259min cavabda faktiki olaraq onlar\u0131n bu m\u0259s\u0259l\u0259d\u0259 g\u00f6r\u0259c\u0259kl\u0259ri he\u00e7 bir i\u015fin olmad\u0131g\u0131 bildirilir\u2026 \u018fn az\u0131ndan d\u00fc\u015fm\u0259n \u00f6lk\u0259d\u0259n Erm\u0259nistana \u0259h\u0259miyy\u0259tli miqdarda pulun k\u00f6\u00e7\u00fcr\u00fclm\u0259si fakt\u0131na bel\u0259 laqeyd m\u00fcnasib\u0259t q\u0259rib\u0259dir\u201d.<\/p>\n\n\n\n<p> \u00dcmumiyy\u0259tl\u0259, AB\u015e sahksiyalar\u0131na m\u0259h\u0259l qoymadan \u0130ranla Avrasiya \u0130qtisadi Birliyinin (AA\u0130B) d\u00f6vl\u0259tl\u0259ri aras\u0131nda ticar\u0259t bu il 1,9 milyard dollar\u0131 ke\u00e7di. 21 sentyabr 2021-ci il \u00fc\u00e7\u00fcn \u0130RNA -n\u0131n verdiyi m\u0259lumata g\u00f6r\u0259, bunu \u0130ran G\u00f6mr\u00fck \u0130dar\u0259sinin Beyn\u0259lxalq \u018fm\u0259kda\u015fl\u0131q Departamentinin r\u0259hb\u0259ri H\u00fcseyn Kaxaki t\u0259sdiql\u0259yib. O qeyd edib ki, \u0130randan AA\u0130B \u00fczv \u00f6lk\u0259l\u0259rin\u0259 420 milyon 823 min dollarl\u0131q mal ixrac edilib.<\/p>\n\n\n\n<p> &#171;Bu r\u0259q\u0259m ke\u00e7\u0259n ilin eyni d\u00f6vr\u00fc il\u0259 m\u00fcqayis\u0259d\u0259 37% art\u0131b&#187;. Kaxaki, \u0259sas istiqam\u0259tl\u0259r \u00fczr\u0259 Rusiya (222 milyon 743 min dollar), Erm\u0259nistan (99 milyon 683 min dollar), Qazax\u0131stan (63 milyon 677 min dollar), Q\u0131r\u011f\u0131z\u0131stan (26 milyon 981 min dollar) v\u0259 Belarus (7 milyon 738 min dollar) oldu\u011funu qeyd edib. O daha sonra bildirib ki, \u0130ran Birlik \u00f6lk\u0259l\u0259rind\u0259n 1.536 milyon 659 min dollarl\u0131q m\u0259hsul idxal edib. Bu r\u0259q\u0259m d\u0259 \u00f6t\u0259n ilin eyni d\u00f6vr\u00fc il\u0259 m\u00fcqayis\u0259d\u0259 59% artm\u0131\u015fd\u0131r. 2021-ci ilin may ay\u0131nda veril\u0259n m\u0259lumatlarda g\u00f6st\u0259rilib ki, \u201c\u0130ranla Erm\u0259nistan aras\u0131nda ticar\u0259t d\u00f6vriyy\u0259si 2020 -ci ild\u0259 400 milyon dollar t\u0259\u015fkil edib. <\/p>\n\n\n\n<p>\u018flb\u0259tt\u0259 ki, bu, bir \u00e7ox \u00f6lk\u0259l\u0259r aras\u0131nda ticar\u0259t s\u0259viyy\u0259sinin \u0259vv\u0259lkind\u0259n a\u015fa\u011f\u0131 d\u00fc\u015fd\u00fcy\u00fc COVID-19 pandemiyas\u0131 kontekstind\u0259 y\u00fcks\u0259k n\u0259tic\u0259dir. Art\u0131q 2021 -ci ilin ilk aylar\u0131nda b\u00f6y\u00fcm\u0259ni g\u00f6r\u0259 bil\u0259rik. H\u0259r iki t\u0259r\u0259fin irad\u0259si ticar\u0259tin s\u0259viyy\u0259sinin 1 milyard dollara qald\u0131r\u0131lmal\u0131 oldu\u011funu s\u00f6yl\u0259yir. V\u0259 bu n\u0259tic\u0259 olduqca reald\u0131r. M\u0259hsul d\u00f6vriyy\u0259sin\u0259 g\u00f6r\u0259 haz\u0131rda Erm\u0259nistan\u0131n d\u00f6rd\u00fcnc\u00fc \u0259n b\u00f6y\u00fck ticar\u0259t orta\u011f\u0131 olan \u0130ran, g\u0259l\u0259c\u0259kd\u0259 bel\u0259 davam ed\u0259rs\u0259, daha s\u0259rf\u0259li m\u00f6vqed\u0259 olacaq&#187; &#8212; dey\u0259 M\u0259h\u0259mm\u0259d Eslami bildirib. <\/p>\n\n\n\n<p>\u0130ran \u0130slam Respublikas\u0131n\u0131n Yollar v\u0259 \u015e\u0259h\u0259rsalma naziri iki \u00f6lk\u0259 aras\u0131nda ticar\u0259t v\u0259 iqtisadi \u0259laq\u0259l\u0259rin inki\u015faf\u0131na t\u00f6hf\u0259 ver\u0259 bil\u0259c\u0259k bir ne\u00e7\u0259 proqram t\u0259qdim edib. Birincisi, nazirin s\u00f6zl\u0259rin\u0259 g\u00f6r\u0259, bu, \u0130ran\u0131n in\u015faat sektorunda, x\u00fcsus\u0259n d\u0259 infrastrukturun inki\u015faf\u0131 layih\u0259l\u0259rind\u0259 i\u015ftirak\u0131d\u0131r ki, bu da \u00f6z n\u00f6vb\u0259sind\u0259 s\u0259naye sektorunun inki\u015faf\u0131na, m\u00fc\u015ft\u0259r\u0259k m\u00fc\u0259ssis\u0259l\u0259rin yarad\u0131lmas\u0131na v\u0259 h\u0259r iki \u00f6lk\u0259d\u0259n investorlar\u0131n ortaq i\u015fl\u0259r\u0259 c\u0259lb olunmas\u0131na k\u00f6m\u0259k ed\u0259 bil\u0259r. <\/p>\n\n\n\n<p>X\u0259b\u0259r verdiyimiz kimi Xocal\u0131 yax\u0131nl\u0131\u011f\u0131nda yerl\u0259\u015f\u0259n Da\u015fbulaq k\u0259ndind\u0259 iranl\u0131lar q\u0259s\u0259b\u0259 sal\u0131nmas\u0131nda i\u015ftirak edirl\u0259r v\u0259 bu q\u0259s\u0259b\u0259y\u0259 yerl\u0259\u015fdiril\u0259nl\u0259r is\u0259 Qaraba\u011f \u0259halisi deyil, \u0259sl\u0259n Erm\u0259nistandan olan yezidil\u0259rdir. H\u0259m\u00e7inin, bunlarla yana\u015f\u0131 \u0130ran t\u0259r\u0259finin \u015eimal-C\u0259nub d\u0259hlizinin c\u0259nub hiss\u0259l\u0259rinin tikintisind\u0259 i\u015ftirak etm\u0259k mara\u011f\u0131ndan b\u0259hs ed\u0259n nazir qeyd edib ki, tikinti sektorunda iki \u0259sas m\u0259s\u0259l\u0259 var ki, bunlar da Erm\u0259nistan Respublikas\u0131 h\u00f6kum\u0259tinin g\u00fcnd\u0259liyind\u0259dir. Layih\u0259l\u0259rd\u0259n biri d\u0259 bir ne\u00e7\u0259 m\u0259rh\u0259l\u0259d\u0259 h\u0259yata ke\u00e7irilm\u0259li olan Arta\u015fat-Mehri yolunun tikintisin\u0259 aiddir. Sisian-Qacaran-Mehri yolunun 92 kilometrlik hiss\u0259si t\u0259cili v\u0259 t\u0259xir\u0259 sal\u0131nmaz h\u0259ll t\u0259l\u0259b edir. \u0130ran \u015firk\u0259tl\u0259ri bu layih\u0259l\u0259rd\u0259 i\u015ftirak etm\u0259y\u0259 haz\u0131rd\u0131r. \u0130ran\u0131n apar\u0131c\u0131 \u015firk\u0259tl\u0259rind\u0259n ibar\u0259t konsorsium qurmal\u0131y\u0131q. <\/p>\n\n\n\n<p>Bu \u015firk\u0259tl\u0259r layih\u0259l\u0259rin haz\u0131rlanmas\u0131nda, maliyy\u0259l\u0259\u015fdirilm\u0259sind\u0259 v\u0259 h\u0259yata ke\u00e7irilm\u0259sind\u0259 i\u015ftirak ed\u0259c\u0259kl\u0259r. \u0130ran\u0131n yollar v\u0259 \u015f\u0259h\u0259rsalma nazirinin s\u00f6zl\u0259rin\u0259 g\u00f6r\u0259, Erm\u0259nistan -\u0130ran m\u00fcnasib\u0259tl\u0259rinin inki\u015faf\u0131nda \u0259sas m\u0259s\u0259l\u0259l\u0259rd\u0259n biri Fars k\u00f6rf\u0259zi &#8212; Qara d\u0259niz beyn\u0259lxalq n\u0259qliyyat d\u0259hlizinin Erm\u0259nistan \u0259razisind\u0259n ke\u00e7m\u0259li olan layih\u0259dir. Nazirin s\u00f6zl\u0259rin\u0259 g\u00f6r\u0259, bu art\u0131q Erm\u0259nistan t\u0259r\u0259fi il\u0259 raz\u0131la\u015fd\u0131r\u0131l\u0131b. \u201cBu s\u0259f\u0259r zaman\u0131, konstruktiv m\u00fczakir\u0259l\u0259r apard\u0131q, buna g\u00f6r\u0259 Erm\u0259nistan-\u0130ran y\u00fck ma\u015f\u0131nlar\u0131 \u00f6lk\u0259 \u0259razisin\u0259 a\u015fa\u011f\u0131 qiym\u0259tl\u0259rl\u0259 daxil ola bil\u0259r. Bu, tranzit da\u015f\u0131malar\u0131 h\u0259yata ke\u00e7irm\u0259k ist\u0259y\u0259n y\u00fckda\u015f\u0131ma \u015firk\u0259tl\u0259rini h\u0259v\u0259sl\u0259ndir\u0259c\u0259k&#187; &#8212; dey\u0259 fikir bildirib. <\/p>\n\n\n\n<p>Erm\u0259ni politoloqunun bu bar\u0259d\u0259 fikirl\u0259ri \u00e7ox maraql\u0131d\u0131r. O, bildirib ki, \u00c7in \u00fcmid edirdi ki, biz yolu tik\u0259c\u0259yik v\u0259 \u201cBir k\u0259m\u0259r \u2013 bir yol\u201d \u2013 \u201c\u0130p\u0259k Yolu\u201d analoqunun hiss\u0259si olaca\u011f\u0131q. Bu yol \u00fc\u00e7\u00fcn ayr\u0131lan pullar banal olaraq o\u011furlan\u0131b v\u0259 ya b\u00fcdc\u0259d\u0259ki ke\u00e7mi\u015f hakimiyy\u0259td\u0259n qalan hans\u0131sa d\u0259likl\u0259rin yamanmas\u0131na s\u0259rf olunub. Bu g\u00fcn \u0130ran bir daha erm\u0259ni Melkomun (M\u00fclk\u00fcm) t\u0259l\u0259sin\u0259 d\u00fc\u015f\u00fcb (M\u0259lumat \u00fc\u00e7\u00fcn bildir\u0259k ki, Mirz\u0259 Melkum xan\u0131n atas\u0131 Akop (sonradan m\u00fcs\u0259lman kimliyi \u00fc\u00e7\u00fcn Mirz\u0259 Yaqub ad\u0131n\u0131 g\u00f6t\u00fcr\u00fcr) \u015e\u0259rqi Az\u0259rbaycan \u0259yal\u0259tinin Culfa \u015f\u0259h\u0259rind\u0259 erm\u0259ni ail\u0259sind\u0259 do\u011fulub, onun \u0130slam\u0131 q\u0259bul etm\u0259si il\u0259 ba\u011fl\u0131 d\u0259qiq m\u0259lumatlar yoxdur. Amma Qacar d\u00f6vl\u0259tini Q\u0259rb\u0259 bir ke\u00e7i qiym\u0259tin\u0259 satd\u0131\u011f\u0131 b\u0259llidir-red.).<\/p>\n\n\n\n<figure class=\"wp-block-gallery columns-2 is-cropped wp-block-gallery-3 is-layout-flex wp-block-gallery-is-layout-flex\"><ul class=\"blocks-gallery-grid\"><li class=\"blocks-gallery-item\"><figure><img loading=\"lazy\" decoding=\"async\" width=\"715\" height=\"400\" src=\"https:\/\/fedai.az\/wp-content\/uploads\/2021\/09\/28437627-715x400-1-1.jpg\" alt=\"\" data-id=\"49186\" data-link=\"https:\/\/fedai.az\/?attachment_id=49186\" class=\"wp-image-49186\" srcset=\"https:\/\/fedai.az\/wp-content\/uploads\/2021\/09\/28437627-715x400-1-1.jpg 715w, https:\/\/fedai.az\/wp-content\/uploads\/2021\/09\/28437627-715x400-1-1-300x168.jpg 300w, https:\/\/fedai.az\/wp-content\/uploads\/2021\/09\/28437627-715x400-1-1-150x84.jpg 150w\" sizes=\"auto, (max-width: 715px) 100vw, 715px\" \/><\/figure><\/li><li class=\"blocks-gallery-item\"><figure><img loading=\"lazy\" decoding=\"async\" width=\"480\" height=\"360\" src=\"https:\/\/fedai.az\/wp-content\/uploads\/2021\/09\/hqdefault.jpg\" alt=\"\" data-id=\"49187\" data-full-url=\"https:\/\/fedai.az\/wp-content\/uploads\/2021\/09\/hqdefault.jpg\" data-link=\"https:\/\/fedai.az\/?attachment_id=49187\" class=\"wp-image-49187\" srcset=\"https:\/\/fedai.az\/wp-content\/uploads\/2021\/09\/hqdefault.jpg 480w, https:\/\/fedai.az\/wp-content\/uploads\/2021\/09\/hqdefault-300x225.jpg 300w, https:\/\/fedai.az\/wp-content\/uploads\/2021\/09\/hqdefault-150x113.jpg 150w\" sizes=\"auto, (max-width: 480px) 100vw, 480px\" \/><\/figure><\/li><\/ul><\/figure>\n\n\n\n<p> <strong>Bel\u0259likl\u0259, \u0130ran hesab edir ki, \u201c\u015eimal-C\u0259nub\u201d avtomobil magistral\u0131 say\u0259sind\u0259 Erm\u0259nistan tranzit \u00f6lk\u0259 ola bil\u0259r. \u015eimaldan o, Erm\u0259nistan\u0131 G\u00fcrc\u00fcstanla birl\u0259\u015fdir\u0259c\u0259k, Qara d\u0259niz v\u0259 Avropa \u00f6lk\u0259l\u0259rin\u0259 \u00e7\u0131x\u0131\u015f\u0131 t\u0259min ed\u0259c\u0259k. C\u0259nubdan avtomobil yolu \u00f6lk\u0259ni \u0130ranla birl\u0259\u015fdir\u0259c\u0259k.<\/strong><\/p>\n\n\n\n<p> Xat\u0131rladaq ki, yolun in\u015fas\u0131 2012-ci ild\u0259n ba\u015flaylb, 2019-cu ild\u0259 istismara verilm\u0259si planla\u015fd\u0131r\u0131lm\u0131\u015fd\u0131, amma h\u0259l\u0259lik c\u0259mi 20 faizin\u0259 q\u0259d\u0259r tikilib. 2021-ci ild\u0259 Avropa \u0130ttifaq\u0131 magistral\u0131n \u0259n m\u00fcr\u0259kk\u0259b hiss\u0259l\u0259rinin in\u015fas\u0131 \u00fc\u00e7\u00fcn 600 milyon avro t\u0259qdim ed\u0259c\u0259yini bildirib. <\/p>\n\n\n\n<p>Bunun da sad\u0259c\u0259 tamahkar mollalar\u0131 yenid\u0259n tora salmaq \u00fc\u00e7\u00fcn d\u00f6vr\u0259y\u0259 at\u0131ld\u0131\u011f\u0131n\u0131 bildirmi\u015fik. Bu g\u00fcn Erm\u0259nistan\u0131 m\u00f6vcud v\u0259ziyy\u0259td\u0259n xilas ed\u0259c\u0259k t\u0259k d\u0259hliz el\u0259 &#171;Bir yol, bir k\u0259m\u0259r&#187; d\u0259hlizidir. \u00c7\u00fcnki \u0130ran mollalar\u0131n\u0131n C\u0259nub -\u015eimal d\u0259hlizi el\u0259 Erm\u0259nistanda dalana dir\u0259n\u0259c\u0259yini erm\u0259nil\u0259r yax\u015f\u0131 bilir. \u0130ranla Q\u0259rbin, Rusiya il\u0259 G\u00fcrc\u00fcstan\u0131n m\u00fcnasib\u0259tl\u0259ri g\u0259rgindir. <\/p>\n\n\n\n<p>\u00dcst\u0259lik, \u0130ran embarqo v\u0259 sanksiya alt\u0131nda inl\u0259yir. Bu g\u00fcn h\u0259r iki &#171;qarda\u015f\u0131n-erm\u0259ni-fars&#187; alternativsiz olaraq bir yollar\u0131, el\u0259<strong> &#171;B\u0130R YOL, B\u0130R K\u018fM\u018fRD\u0130R!&#187; <\/strong><\/p>\n\n\n\n<p><strong>Az\u0259rbaycan V\u0259t\u0259n M\u00fcharib\u0259si Veteranlar\u0131 \u0130ctimai Birliyinin (AVMV\u0130B) M\u0259tbuat Xidm\u0259ti<\/strong><\/p>\n","protected":false},"excerpt":{"rendered":"<p>Bu ilin may ay\u0131ndan Erm\u0259nistanla Iran aras\u0131nda yol v\u0259 dig\u0259r ticari \u0259laq\u0259l\u0259r bar\u0259d\u0259 intensiv g\u00f6r\u00fc\u015fl\u0259r ke\u00e7irilib. \u00dcst\u0259lik \u0130ran &#171;Bir yol, bir k\u0259m\u0259r&#187; ideyas\u0131na alternativ<\/p>\n","protected":false},"author":2,"featured_media":49188,"comment_status":"closed","ping_status":"closed","sticky":false,"template":"","format":"standard","meta":{"footnotes":""},"categories":[6],"tags":[],"class_list":["post-49180","post","type-post","status-publish","format-standard","has-post-thumbnail","hentry","category-arasdirma"],"aioseo_notices":[],"_links":{"self":[{"href":"https:\/\/fedai.az\/index.php?rest_route=\/wp\/v2\/posts\/49180","targetHints":{"allow":["GET"]}}],"collection":[{"href":"https:\/\/fedai.az\/index.php?rest_route=\/wp\/v2\/posts"}],"about":[{"href":"https:\/\/fedai.az\/index.php?rest_route=\/wp\/v2\/types\/post"}],"author":[{"embeddable":true,"href":"https:\/\/fedai.az\/index.php?rest_route=\/wp\/v2\/users\/2"}],"replies":[{"embeddable":true,"href":"https:\/\/fedai.az\/index.php?rest_route=%2Fwp%2Fv2%2Fcomments&post=49180"}],"version-history":[{"count":1,"href":"https:\/\/fedai.az\/index.php?rest_route=\/wp\/v2\/posts\/49180\/revisions"}],"predecessor-version":[{"id":49189,"href":"https:\/\/fedai.az\/index.php?rest_route=\/wp\/v2\/posts\/49180\/revisions\/49189"}],"wp:featuredmedia":[{"embeddable":true,"href":"https:\/\/fedai.az\/index.php?rest_route=\/wp\/v2\/media\/49188"}],"wp:attachment":[{"href":"https:\/\/fedai.az\/index.php?rest_route=%2Fwp%2Fv2%2Fmedia&parent=49180"}],"wp:term":[{"taxonomy":"category","embeddable":true,"href":"https:\/\/fedai.az\/index.php?rest_route=%2Fwp%2Fv2%2Fcategories&post=49180"},{"taxonomy":"post_tag","embeddable":true,"href":"https:\/\/fedai.az\/index.php?rest_route=%2Fwp%2Fv2%2Ftags&post=49180"}],"curies":[{"name":"wp","href":"https:\/\/api.w.org\/{rel}","templated":true}]}}