{"id":49190,"date":"2021-09-24T02:46:35","date_gmt":"2021-09-23T22:46:35","guid":{"rendered":"https:\/\/fedai.az\/?p=49190"},"modified":"2021-09-24T02:46:37","modified_gmt":"2021-09-23T22:46:37","slug":"t%c9%99brik-vahid-arif-oglu-c%c9%99lilov-48","status":"publish","type":"post","link":"https:\/\/fedai.az\/?p=49190","title":{"rendered":"T\u018fBR\u0130K: VAHID AR\u0130F \u00d6\u011eLU C\u018fL\u0130LOV &#8212; 48"},"content":{"rendered":"\n<p><strong>\u00a0\u00a0\u00a0\u00a0 AVMV\u0130B\u00a0 r\u0259hb\u0259rliyi v\u0259 Az\u0259rbaycan V\u0259t\u0259n M\u00fcharib\u0259si Veteranlar\u0131 \u0130ctimai Birliyinin s\u0259dr m\u00fcavini polkovnik Salman Musayev ehtiyyatda olan mayor C\u0259lilov Vahid\u00a0 Arif o\u011flunu do\u011fum g\u00fcn\u00fc munasb\u0259til\u0259 t\u0259brik edir,ona h\u0259yatda insan \u00fc\u00e7\u00fcn \u0259n \u015firin nem\u0259t olan m\u00f6hk\u0259m can sa\u011fl\u0131\u011f\u0131 v\u0259 h\u0259yat yolar\u0131nda bitib &#8212; t\u00fck\u0259nm\u0259y\u0259n nailiyy\u0259tl\u0259r arzulay\u0131r, h\u0259r yeni g\u00fcn\u00fc is\u0259 \u00f6t\u0259n g\u00fcnl\u0259rd\u0259n daha g\u00f6z\u0259l ist\u0259kl\u0259rin\u0259 uy\u011fun onu xo\u015fb\u0259xt ed\u0259c\u0259k \u015f\u0259kild\u0259 ke\u00e7sin. Amin!<\/strong><\/p>\n\n\n\n<p><strong>&nbsp;&nbsp;&nbsp; Qoy ya\u015f\u0131n\u0131n \u00fcst\u0259 g\u0259l\u0259n bu ya\u015f ona sevinc dolu g\u00fcnl\u0259r b\u0259x\u015f etsin, h\u0259r yeni g\u00fcn\u00fc is\u0259 \u00f6t\u0259n g\u00fcnl\u0259rd\u0259n daha g\u00f6z\u0259l ist\u0259kl\u0259rin\u0259 uy\u011fun onu xo\u015fb\u0259xt ed\u0259c\u0259k \u015f\u0259kild\u0259 ke\u00e7sin. Amin!<\/strong><\/p>\n\n\n\n<p>&nbsp;&nbsp;&nbsp; M\u00fcharib\u0259 vetran\u0131 ehtiyyatda olan mayor C\u0259lilov Vahid Arif o\u011flu 26 sentyabr 1973-c\u00fc ild\u0259&nbsp;&nbsp;&nbsp; Ucar rayonunda ziyal\u0131 ail\u0259sind\u0259&nbsp; anadan olub.<\/p>\n\n\n\n<figure class=\"wp-block-gallery columns-2 is-cropped wp-block-gallery-1 is-layout-flex wp-block-gallery-is-layout-flex\"><ul class=\"blocks-gallery-grid\"><li class=\"blocks-gallery-item\"><figure><img decoding=\"async\" src=\"https:\/\/fedai.az\/wp-content\/uploads\/2021\/09\/20210923_204832.jpg\" alt=\"\" data-id=\"49191\" data-link=\"https:\/\/fedai.az\/?attachment_id=49191\" class=\"wp-image-49191\"\/><\/figure><\/li><li class=\"blocks-gallery-item\"><figure><img decoding=\"async\" src=\"https:\/\/fedai.az\/wp-content\/uploads\/2021\/09\/IMG-20210923-WA0011-576x1024.jpg\" alt=\"\" data-id=\"49193\" data-full-url=\"https:\/\/fedai.az\/wp-content\/uploads\/2021\/09\/IMG-20210923-WA0011.jpg\" data-link=\"https:\/\/fedai.az\/?attachment_id=49193\" class=\"wp-image-49193\"\/><\/figure><\/li><\/ul><\/figure>\n\n\n\n<p>\u00a0\u00a0\u00a0 O, 1980-ci ild\u0259 Ucar rayonunda yerl\u0259\u015f\u0259n\u00a0 2 (iki) n\u00f6mr\u0259li tam orta m\u0259kt\u0259bin birinci sinfin\u0259 getmi\u015f, 1990-ci ild\u0259 orta m\u0259kt\u0259bi bitirdikd\u0259n sonra Ming\u0259\u00e7evir \u015f\u0259h\u0259rind\u0259 yerl\u0259\u015f\u0259n avtomobil texnikomuna daxil olmu\u015f ,1991 -ci ild\u0259 h\u0259min texnikomu bitirmi\u015fdir.<\/p>\n\n\n\n<p>&nbsp;&nbsp;&nbsp;&nbsp;&nbsp; Vah\u0131d C\u0259lilov&nbsp; 1998-ci ilin iyul ay\u0131nda Daxili \u0130\u015fl\u0259r Nazirliyinin Polis Akademiyas\u0131n\u0131 v\u0259 Dax\u0131l\u0131 Qo\u015funlar\u0131n Ba\u015f&nbsp; \u0130dar\u0259sini X\u0259z\u0259r rayonunda yerl\u0259\u015f\u0259n m\u0259kt\u0259bd\u0259 zabitl\u0259rin ixtisas art\u0131rma kursunu bitrib.<\/p>\n\n\n\n<p>\u00a0\u00a0\u00a0\u00a0\u00a0 O, 1992-ci ilin aprel ay\u0131ndan 2014 -c\u00fc ilin dekabr ay\u0131na kimi Az\u0259rbaycan Respublikas\u0131n\u0131n Daxili \u0130\u015fl\u0259r Nazirliyinin Daxili Qo\u015funlar\u0131n Ba\u015f \u0130dar\u0259sinin N\u0259rmanov, A\u011fdam, F\u00fczuli,\u00a0 X\u0259z\u0259r, X\u0259tai v\u0259 Bin\u0259q\u0259di rayonlar\u0131nda yerl\u0259\u015f\u0259n h\u0259rbi hiss\u0259l\u0259rd\u0259\u00a0 m\u00fcddd\u0259tli h\u0259qiqi h\u0259rbi xidm\u0259td\u0259\u00a0 \u0259sg\u0259r, b\u00f6l\u00fck komandirinin m\u00fcavini, b\u00f6luk komandiri, h\u0259rbi hiss\u0259nin q\u0259rargah r\u0259isinin xidm\u0259t \u00fczr\u0259\u00a0 k\u00f6m\u0259k\u00e7isi,Tabor komandirinin m\u00fcavini- q\u0259rargah r\u0259isi, X\u00fcsusi vasit\u0259l\u0259rin t\u0259tbiqi \u00fczr\u0259\u00a0\u00a0 D\u0259st\u0259 komandirinin m\u00fcavini v\u0259 tabor komandiinin t\u0259rbiy\u0259vi i\u015fl\u0259r \u00fczr\u0259 m\u00fcavini v\u0259zif\u0259l\u0259rind\u0259 xidm\u0259t edib.<\/p>\n\n\n\n<figure class=\"wp-block-image size-large\"><img loading=\"lazy\" decoding=\"async\" width=\"1024\" height=\"576\" src=\"https:\/\/fedai.az\/wp-content\/uploads\/2021\/09\/IMG-20210923-WA0015-1024x576.jpg\" alt=\"\" class=\"wp-image-49194\" srcset=\"https:\/\/fedai.az\/wp-content\/uploads\/2021\/09\/IMG-20210923-WA0015-1024x576.jpg 1024w, https:\/\/fedai.az\/wp-content\/uploads\/2021\/09\/IMG-20210923-WA0015-300x169.jpg 300w, https:\/\/fedai.az\/wp-content\/uploads\/2021\/09\/IMG-20210923-WA0015-150x84.jpg 150w, https:\/\/fedai.az\/wp-content\/uploads\/2021\/09\/IMG-20210923-WA0015-768x432.jpg 768w, https:\/\/fedai.az\/wp-content\/uploads\/2021\/09\/IMG-20210923-WA0015-rotated.jpg 1280w\" sizes=\"auto, (max-width: 1024px) 100vw, 1024px\" \/><\/figure>\n\n\n\n<p>Ehtiyyatda olan mayor Vahid C\u0259lilov Az\u0259rbaycan Respublikas\u0131nda ictimai qaydan\u0131n v\u0259 ictimai t\u0259hl\u00fck\u0259sizliyin qorunmasnda, m\u00fct\u0259\u015f\u0259kkil cinay\u0259tkarl\u0131\u011fa qar\u015f\u0131 m\u00fcbariz\u0259d\u0259, qanunsuz silahl\u0131 d\u0259st\u0259l\u0259rin z\u0259r\u0259rsizl\u0259\u015fdirilm\u0259sind\u0259, d\u00f6vl\u0259tin \u0259razi b\u00fct\u00f6vl\u00fcy\u00fcn\u00fcn t\u0259min edilm\u0259sind\u0259, f\u00f6vqalad\u0259 v\u0259ziyy\u0259tin t\u0259min edilm\u0259sind\u0259 \u00fcz\u0259rin\u0259 d\u00fcs\u0259n v\u0259zif\u0259l\u0259rin \u00f6hd\u0259sind\u0259n layiqinc\u0259 g\u0259lmi\u015fdir.<\/p>\n\n\n\n<p>\u00a0\u00a0\u00a0\u00a0 O, Daxili Qo\u015funlarda xidm\u0259t etdiyi ill\u0259r \u0259rzind\u0259 \u00f6zun\u00fc u\u015faq vaxtlar\u0131ndan, g\u00f6z\u0259l ail\u0259 v\u0259 m\u0259kt\u0259b t\u0259rbiy\u0259si il\u0259 b\u00f6y\u00fcm\u00fc\u015f, \u0259xlaq\u0131 t\u0259rbiy\u0259si yerind\u0259 olan, nizam v\u0259 intizaml\u0131 h\u0259rb\u00e7i k\u0131m\u0131 g\u00f6st\u0259rmi\u015fdir. O i\u015fl\u0259diyi v\u0259 oxudu\u011fu \u00a0t\u0259hsil m\u00fc\u0259ssis\u0259l\u0259rind\u0259, ya\u015fad\u0131\u011f\u0131 \u0259razid\u0259\u00a0 kolektiv aras\u0131nda h\u0259mi\u015f\u0259 m\u00fcsb\u0259t m\u0259nada se\u00e7il\u0259r\u0259k, ba\u015fqalar\u0131 \u00fc\u00e7\u00fcn\u00a0 n\u00fcmn\u0259 olmu\u015fdur.<\/p>\n\n\n\n<figure class=\"wp-block-image size-large\"><img loading=\"lazy\" decoding=\"async\" width=\"1024\" height=\"576\" src=\"https:\/\/fedai.az\/wp-content\/uploads\/2021\/09\/IMG-20210923-WA0010-1024x576.jpg\" alt=\"\" class=\"wp-image-49195\" srcset=\"https:\/\/fedai.az\/wp-content\/uploads\/2021\/09\/IMG-20210923-WA0010-1024x576.jpg 1024w, https:\/\/fedai.az\/wp-content\/uploads\/2021\/09\/IMG-20210923-WA0010-300x169.jpg 300w, https:\/\/fedai.az\/wp-content\/uploads\/2021\/09\/IMG-20210923-WA0010-150x84.jpg 150w, https:\/\/fedai.az\/wp-content\/uploads\/2021\/09\/IMG-20210923-WA0010-768x432.jpg 768w, https:\/\/fedai.az\/wp-content\/uploads\/2021\/09\/IMG-20210923-WA0010-rotated.jpg 1280w\" sizes=\"auto, (max-width: 1024px) 100vw, 1024px\" \/><\/figure>\n\n\n\n<p><strong>&nbsp;&nbsp;&nbsp;&nbsp;&nbsp; O, pe\u015f\u0259karl\u0131\u011f\u0131 v\u0259 humanistliyi il\u0259, n\u0259z\u0259ri v\u0259 praktiki biliyi il\u0259, i\u015fg\u00fczarl\u0131\u011f\u0131 v\u0259 m\u0259n\u0259vi keyfiyy\u0259ti il\u0259, sad\u0259liyi v\u0259 s\u0259mimiyy\u0259ti il\u0259, d\u0259qiqliyi v\u0259 t\u0259mkinliyi il\u0259&nbsp; se\u00e7il\u0259n \u00f6mr\u00fcn\u00fcn&nbsp; \u0259n m\u0259hsuldar d\u00f6vr\u00fcn\u00fcn 22 ild\u0259n cox \u015f\u0259r\u0259fli xidm\u0259ti yolunu Daxili \u0130\u015fl\u0259r Nazirliyinin Daxili Qo\u015funlar\u0131n\u0131n Bas \u0130dar\u0259sinid\u0259 v\u0259 t\u0259hsil ald\u0131\u011f\u0131 Polis akademiyas\u0131nda ke\u00e7ir\u0259r\u0259k V\u0259t\u0259n\u0259, d\u00f6vl\u0259t\u0259 v\u0259 xalqa s\u0259daq\u0259tl\u0259 xidm\u0259t etmi\u015fdir.<\/strong><\/p>\n\n\n\n<p>&nbsp;&nbsp;&nbsp;&nbsp; Vahid C\u0259lilov 1992 -1994 &#8212; c\u00fc ill\u0259rd\u0259 Az\u0259rbaycan Respublikas\u0131n\u0131n A\u011fdam, A\u011fd\u0259r\u0259, F\u00fczuli v\u0259 C\u0259bray\u0131l rayonlar\u0131 istiqam\u0259tind\u0259 ged\u0259n d\u00f6y\u00fc\u015fl\u0259rd\u0259 v\u0259 x\u00fcsusi \u0259m\u0259liyyatlarda i\u015ftirak ed\u0259r\u0259k \u00fcz\u0259rin\u0259 d\u00fcs\u0259n v\u0259zif\u0259 v\u0259 tap\u015f\u0131r\u0131qlar\u0131 m\u0259suliyy\u0259t v\u0259 \u015f\u0259r\u0259f hissi il\u0259 yer\u0131n\u0259 yetirmi\u015fdir.<\/p>\n\n\n\n<figure class=\"wp-block-gallery columns-2 is-cropped wp-block-gallery-2 is-layout-flex wp-block-gallery-is-layout-flex\"><ul class=\"blocks-gallery-grid\"><li class=\"blocks-gallery-item\"><figure><img loading=\"lazy\" decoding=\"async\" width=\"1024\" height=\"576\" src=\"https:\/\/fedai.az\/wp-content\/uploads\/2021\/09\/IMG-20210923-WA0013-1024x576.jpg\" alt=\"\" data-id=\"49196\" data-link=\"https:\/\/fedai.az\/?attachment_id=49196\" class=\"wp-image-49196\" srcset=\"https:\/\/fedai.az\/wp-content\/uploads\/2021\/09\/IMG-20210923-WA0013-1024x576.jpg 1024w, https:\/\/fedai.az\/wp-content\/uploads\/2021\/09\/IMG-20210923-WA0013-300x169.jpg 300w, https:\/\/fedai.az\/wp-content\/uploads\/2021\/09\/IMG-20210923-WA0013-150x84.jpg 150w, https:\/\/fedai.az\/wp-content\/uploads\/2021\/09\/IMG-20210923-WA0013-768x432.jpg 768w, https:\/\/fedai.az\/wp-content\/uploads\/2021\/09\/IMG-20210923-WA0013-rotated.jpg 1280w\" sizes=\"auto, (max-width: 1024px) 100vw, 1024px\" \/><\/figure><\/li><li class=\"blocks-gallery-item\"><figure><img loading=\"lazy\" decoding=\"async\" width=\"731\" height=\"1024\" src=\"https:\/\/fedai.az\/wp-content\/uploads\/2021\/09\/20210923_215230-731x1024.jpg\" alt=\"\" data-id=\"49197\" data-full-url=\"https:\/\/fedai.az\/wp-content\/uploads\/2021\/09\/20210923_215230.jpg\" data-link=\"https:\/\/fedai.az\/?attachment_id=49197\" class=\"wp-image-49197\" srcset=\"https:\/\/fedai.az\/wp-content\/uploads\/2021\/09\/20210923_215230-731x1024.jpg 731w, https:\/\/fedai.az\/wp-content\/uploads\/2021\/09\/20210923_215230-214x300.jpg 214w, https:\/\/fedai.az\/wp-content\/uploads\/2021\/09\/20210923_215230-107x150.jpg 107w, https:\/\/fedai.az\/wp-content\/uploads\/2021\/09\/20210923_215230-768x1076.jpg 768w, https:\/\/fedai.az\/wp-content\/uploads\/2021\/09\/20210923_215230.jpg 1080w\" sizes=\"auto, (max-width: 731px) 100vw, 731px\" \/><\/figure><\/li><\/ul><\/figure>\n\n\n\n<p>&nbsp;&nbsp;&nbsp;&nbsp;&nbsp;&nbsp; Daxili qosunlar\u0131n Bas \u0130dar\u0259sinin h\u0259rbi hiss\u0259l\u0259rind\u0259 xidm\u0259t etdiyi ill\u0259r \u0259rzind\u0259 xidm\u0259ti v\u0259zif\u0259l\u0259rin yerin\u0259 yetirilm\u0259sin\u0259 m\u0259suliyy\u0259tl\u0259 yana\u015fd\u0131\u011f\u0131na g\u00f6r\u0259 Daxili \u0130\u015fl\u0259r Nazirinin, Daxili Qo\u015funlar Komandan\u0131n, onun m\u00fcavinl\u0259rinin, t\u0259hsil ald\u0131\u011f\u0131 t\u0259hsil m\u00fc\u0259ssis\u0259l\u0259rinin r\u0259isl\u0259rinin v\u0259 h\u0259rbi hiss\u0259l\u0259rinin v\u0259zif\u0259li \u015f\u0259xsl\u0259rinin m\u00fcvafiq \u0259mrl\u0259ri il\u0259 \u0259la xidm\u0259tl\u0259r\u0259 g\u00f6r\u0259 d\u00f6\u015f v\u0259 yubiley ni\u015fanlar\u0131 d\u00f6\u015f v\u0259 yubiley ni\u015fanlar\u0131 il\u0259, f\u0259xri f\u0259rmanlarla, pul m\u00fckafatlar\u0131 il\u0259, qiym\u0259tli h\u0259diyy\u0259l\u0259rl\u0259 m\u00fckafatland\u0131rl\u0131b v\u0259 ona t\u0259\u015f\u0259kk\u00fcr elan edilib.<\/p>\n\n\n\n<figure class=\"wp-block-image size-large\"><img loading=\"lazy\" decoding=\"async\" width=\"1024\" height=\"661\" src=\"https:\/\/fedai.az\/wp-content\/uploads\/2021\/09\/20210923_215431-1024x661.jpg\" alt=\"\" class=\"wp-image-49198\" srcset=\"https:\/\/fedai.az\/wp-content\/uploads\/2021\/09\/20210923_215431-1024x661.jpg 1024w, https:\/\/fedai.az\/wp-content\/uploads\/2021\/09\/20210923_215431-300x194.jpg 300w, https:\/\/fedai.az\/wp-content\/uploads\/2021\/09\/20210923_215431-150x97.jpg 150w, https:\/\/fedai.az\/wp-content\/uploads\/2021\/09\/20210923_215431-768x496.jpg 768w, https:\/\/fedai.az\/wp-content\/uploads\/2021\/09\/20210923_215431-115x73.jpg 115w, https:\/\/fedai.az\/wp-content\/uploads\/2021\/09\/20210923_215431-rotated.jpg 1115w\" sizes=\"auto, (max-width: 1024px) 100vw, 1024px\" \/><\/figure>\n\n\n\n<p>&nbsp;&nbsp;&nbsp;&nbsp; O, xidm\u0259td\u0259 f\u0259riql\u0259ndiyin\u0259 g\u00f6r\u0259 Az\u0259rbaycan Respublikas\u0131n\u0131n Prezidenti ad\u0131ndan Silahl\u0131 Q\u00fcvv\u0259l\u0259rinin yaranmas\u0131n\u0131n 10-illik, 90-illik v\u0259 95 illik yubiley, q\u00fcsursuz xidm\u0259tl\u0259r\u0259 g\u00f6r\u0259 1-ci, 2-ci v\u0259 3-c\u00fc d\u0259r\u0259c\u0259li medallarla t\u0259ltif edilib.<\/p>\n\n\n\n<p><strong>\u00a0DO\u011eUM G\u00dcN\u00dcN M\u00dcBAR\u018fK OLSUN, VAH\u0130D B\u018fY!\u00a0 <\/strong><\/p>\n\n\n\n<p><strong>DA\u0130MA XO\u015eB\u018fXT V\u018f F\u0130RAVAN YA\u015eA.<\/strong><\/p>\n\n\n\n<p><strong>\u00d6MR\u00dcN UZUN OLSUN, 100 YA\u015eA!<\/strong><\/p>\n\n\n\n<p><strong>D\u0259rin h\u00f6rm\u0259tl\u0259, Az\u0259rbaycan V\u0259t\u0259n M\u00fcharib\u0259si Veteranlar\u0131 \u0130ctimai\u00a0 Birliyinin s\u0259dr m\u00fcavini polkovnik Salman Musayev<\/strong><\/p>\n\n\n\n<figure class=\"wp-block-image size-large\"><img loading=\"lazy\" decoding=\"async\" width=\"1024\" height=\"576\" src=\"https:\/\/fedai.az\/wp-content\/uploads\/2021\/09\/IMG-20210923-WA0007-1024x576.jpg\" alt=\"\" class=\"wp-image-49204\" srcset=\"https:\/\/fedai.az\/wp-content\/uploads\/2021\/09\/IMG-20210923-WA0007-1024x576.jpg 1024w, https:\/\/fedai.az\/wp-content\/uploads\/2021\/09\/IMG-20210923-WA0007-300x169.jpg 300w, https:\/\/fedai.az\/wp-content\/uploads\/2021\/09\/IMG-20210923-WA0007-150x84.jpg 150w, https:\/\/fedai.az\/wp-content\/uploads\/2021\/09\/IMG-20210923-WA0007-768x432.jpg 768w, https:\/\/fedai.az\/wp-content\/uploads\/2021\/09\/IMG-20210923-WA0007-rotated.jpg 1280w\" sizes=\"auto, (max-width: 1024px) 100vw, 1024px\" \/><\/figure>\n\n\n\n<figure class=\"wp-block-image size-large\"><img decoding=\"async\" src=\"https:\/\/fedai.az\/wp-content\/uploads\/2021\/09\/20210923_215202-1024x837.jpg\" alt=\"\" class=\"wp-image-49199\"\/><\/figure>\n\n\n\n<figure class=\"wp-block-image size-large\"><img decoding=\"async\" src=\"https:\/\/fedai.az\/wp-content\/uploads\/2021\/09\/20210923_215318.jpg\" alt=\"\" class=\"wp-image-49200\"\/><\/figure>\n\n\n\n<figure class=\"wp-block-gallery columns-2 is-cropped wp-block-gallery-3 is-layout-flex wp-block-gallery-is-layout-flex\"><ul class=\"blocks-gallery-grid\"><li class=\"blocks-gallery-item\"><figure><img decoding=\"async\" src=\"https:\/\/fedai.az\/wp-content\/uploads\/2021\/09\/20210923_204734-676x1024.jpg\" alt=\"\" data-id=\"49201\" data-link=\"https:\/\/fedai.az\/?attachment_id=49201\" class=\"wp-image-49201\"\/><\/figure><\/li><li class=\"blocks-gallery-item\"><figure><img decoding=\"async\" src=\"https:\/\/fedai.az\/wp-content\/uploads\/2021\/09\/8265a327389da9fe4fdc2714b309120e-1-7.jpg\" alt=\"\" data-id=\"49202\" data-full-url=\"https:\/\/fedai.az\/wp-content\/uploads\/2021\/09\/8265a327389da9fe4fdc2714b309120e-1-7.jpg\" data-link=\"https:\/\/fedai.az\/?attachment_id=49202\" class=\"wp-image-49202\"\/><\/figure><\/li><\/ul><\/figure>\n","protected":false},"excerpt":{"rendered":"<p>\u00a0\u00a0\u00a0\u00a0 AVMV\u0130B\u00a0 r\u0259hb\u0259rliyi v\u0259 Az\u0259rbaycan V\u0259t\u0259n M\u00fcharib\u0259si Veteranlar\u0131 \u0130ctimai Birliyinin s\u0259dr m\u00fcavini polkovnik Salman Musayev ehtiyyatda olan mayor C\u0259lilov Vahid\u00a0 Arif o\u011flunu do\u011fum g\u00fcn\u00fc<\/p>\n","protected":false},"author":2,"featured_media":0,"comment_status":"closed","ping_status":"closed","sticky":false,"template":"","format":"standard","meta":{"footnotes":""},"categories":[5],"tags":[],"class_list":["post-49190","post","type-post","status-publish","format-standard","hentry","category-veteran"],"aioseo_notices":[],"_links":{"self":[{"href":"https:\/\/fedai.az\/index.php?rest_route=\/wp\/v2\/posts\/49190","targetHints":{"allow":["GET"]}}],"collection":[{"href":"https:\/\/fedai.az\/index.php?rest_route=\/wp\/v2\/posts"}],"about":[{"href":"https:\/\/fedai.az\/index.php?rest_route=\/wp\/v2\/types\/post"}],"author":[{"embeddable":true,"href":"https:\/\/fedai.az\/index.php?rest_route=\/wp\/v2\/users\/2"}],"replies":[{"embeddable":true,"href":"https:\/\/fedai.az\/index.php?rest_route=%2Fwp%2Fv2%2Fcomments&post=49190"}],"version-history":[{"count":1,"href":"https:\/\/fedai.az\/index.php?rest_route=\/wp\/v2\/posts\/49190\/revisions"}],"predecessor-version":[{"id":49205,"href":"https:\/\/fedai.az\/index.php?rest_route=\/wp\/v2\/posts\/49190\/revisions\/49205"}],"wp:attachment":[{"href":"https:\/\/fedai.az\/index.php?rest_route=%2Fwp%2Fv2%2Fmedia&parent=49190"}],"wp:term":[{"taxonomy":"category","embeddable":true,"href":"https:\/\/fedai.az\/index.php?rest_route=%2Fwp%2Fv2%2Fcategories&post=49190"},{"taxonomy":"post_tag","embeddable":true,"href":"https:\/\/fedai.az\/index.php?rest_route=%2Fwp%2Fv2%2Ftags&post=49190"}],"curies":[{"name":"wp","href":"https:\/\/api.w.org\/{rel}","templated":true}]}}