{"id":49209,"date":"2021-09-24T03:07:28","date_gmt":"2021-09-23T23:07:28","guid":{"rendered":"https:\/\/fedai.az\/?p=49209"},"modified":"2021-09-24T03:07:33","modified_gmt":"2021-09-23T23:07:33","slug":"t%c9%99brik-yusif-haciyev-53","status":"publish","type":"post","link":"https:\/\/fedai.az\/?p=49209","title":{"rendered":"T\u018fBR\u0130K: YUS\u0130F HACIYEV &#8212; 53"},"content":{"rendered":"\n<p><strong>\u00a0\u00a0\u00a0\u00a0\u00a0\u00a0 Y\u00fcks\u0259k pe\u015f\u0259karl\u0131\u011f\u0131 v\u0259 humanistliyi il\u0259, i\u015fg\u00fczarl\u0131\u011f\u0131 v\u0259 m\u0259n\u0259vi keyfiyy\u0259ti il\u0259, n\u0259z\u0259ri v\u0259 praktiki biliyi il\u0259, sad\u0259liyi v\u0259 s\u0259mimiyy\u0259ti il\u0259,d\u0259qiqliyi v\u0259 t\u0259mkinliyi il\u0259 t\u0259\u015fkilatcl\u0131q bacar\u0131\u011f\u0131 il\u0259 seciil\u0259n \u00f6mr\u00fcn\u00fcn \u0259n m\u0259hsuldar d\u00f6vr\u00fcn\u00fcn 31 bir ilini h\u0259rbi xidm\u0259td\u0259 ke\u00e7ir\u0259n m\u00fcharib\u0259 v\u0259 silahl\u0131 q\u00fcvv\u0259l\u0259r veteran\u0131 ehtiyyatda olan polkovnik- leytenant\u00a0 Yusif Hac\u0131yevin 26 sentyabr\u00a0 53 ya\u015f\u0131 tamam olur.<\/strong><\/p>\n\n\n\n<p><strong>\u00a0\u00a0\u00a0 Bu g\u00fcn m\u00fcnasib\u0259til\u0259 AVMV\u0130B R\u0259hb\u0259rliyi v\u0259 Az\u0259rbaycan V\u0259t\u0259n M\u00fcharib\u0259si Veteranlar\u0131 \u0130ctimai Birliyinin s\u0259dr m\u00fcavini polkovnik Salman Musayev ehtiyyatda olan polkovnik- leytenant\u00a0 Hac\u0131yev Yusif Yusif o\u011flunu s\u0259mimi q\u0259lbd\u0259n t\u0259brik edir, ona h\u0259yatda insan \u00fc\u00e7\u00fcm \u0259n \u015firin neym\u0259t olan m\u00f6hk\u0259m can sa\u011fl\u0131\u011f\u0131, ail\u0259 s\u0259ad\u0259ti\u00a0 v\u0259 h\u0259yat yollar\u0131nda bitib -t\u00fck\u0259nm\u0259y\u0259n nailiyy\u0259tl\u0259r arzulay\u0131r.<\/strong><\/p>\n\n\n\n<p><strong>\u00a0\u00a0\u00a0 Qoy ya\u015f\u0131n\u0131n \u00fcst\u0259 g\u0259l\u0259n bu ya\u015f ona sevinc dolu g\u00fcnl\u0259r b\u0259x\u015f etsin, h\u0259r yeni g\u00fcn\u00fc is\u0259 \u00f6t\u0259n g\u00fcnl\u0259rd\u0259n daha g\u00f6z\u0259l ist\u0259kl\u0259rin\u0259 uy\u011fun onu xo\u015fb\u0259xt ed\u0259c\u0259k \u015f\u0259kild\u0259 ke\u00e7sin. Amin!<\/strong><\/p>\n\n\n\n<p>\u00a0\u00a0\u00a0\u00a0 M\u00fcharib\u0259 v\u0259 Silahl\u0131 q\u00fcvv\u0259l\u0259r veteran\u0131 ehtiyyatda olan polkovnik- leytenant\u00a0 Hac\u0131yev Y\u00fcsif Yusif o\u011flu 26 sentyabr 1968-ci ild\u0259\u00a0 G\u0259nc\u0259 \u015f\u0259h\u0259rind\u0259 h\u0259rbi\u00e7i ail\u0259sind\u0259 anadan olub (\u0259sl\u0259n Tovuz rayonundand\u0131r).<\/p>\n\n\n\n<figure class=\"wp-block-gallery columns-2 is-cropped wp-block-gallery-1 is-layout-flex wp-block-gallery-is-layout-flex\"><ul class=\"blocks-gallery-grid\"><li class=\"blocks-gallery-item\"><figure><img decoding=\"async\" src=\"https:\/\/fedai.az\/wp-content\/uploads\/2021\/09\/H6-2-778x1024.jpg\" alt=\"\" data-id=\"49210\" data-link=\"https:\/\/fedai.az\/?attachment_id=49210\" class=\"wp-image-49210\"\/><\/figure><\/li><li class=\"blocks-gallery-item\"><figure><img loading=\"lazy\" decoding=\"async\" width=\"839\" height=\"1024\" src=\"https:\/\/fedai.az\/wp-content\/uploads\/2021\/09\/20210923_210638-839x1024.jpg\" alt=\"\" data-id=\"49211\" data-full-url=\"https:\/\/fedai.az\/wp-content\/uploads\/2021\/09\/20210923_210638.jpg\" data-link=\"https:\/\/fedai.az\/?attachment_id=49211\" class=\"wp-image-49211\" srcset=\"https:\/\/fedai.az\/wp-content\/uploads\/2021\/09\/20210923_210638-839x1024.jpg 839w, https:\/\/fedai.az\/wp-content\/uploads\/2021\/09\/20210923_210638-246x300.jpg 246w, https:\/\/fedai.az\/wp-content\/uploads\/2021\/09\/20210923_210638-123x150.jpg 123w, https:\/\/fedai.az\/wp-content\/uploads\/2021\/09\/20210923_210638-768x937.jpg 768w, https:\/\/fedai.az\/wp-content\/uploads\/2021\/09\/20210923_210638.jpg 1080w\" sizes=\"auto, (max-width: 839px) 100vw, 839px\" \/><\/figure><\/li><\/ul><\/figure>\n\n\n\n<p>&nbsp;&nbsp;&nbsp;&nbsp; O,1975-ci ild\u0259 X\u0131rdalan \u015f\u0259h\u0259rind\u0259 2 n\u00f6mr\u0259li m\u0259kt\u0259bin birinci sinfin\u0259 getmi\u015f 1985-ci ild\u0259 h\u0259min m\u0259kt\u0259bi bitirdikd\u0259n sonra 1985-ci ild\u0259&nbsp; SSR\u0130 M\u00fcdafi\u0259 Nazirliyinin Volski arxa c\u0259bh\u0259&nbsp; xidmtl\u0259ri \u00fczr\u0259 ali h\u0259rbi m\u0259kt\u0259bin\u0259 daxil olmu\u015f,1989- cu ild\u0259 is\u0259 h\u0259min ali h\u0259rbi m\u0259kt\u0259bi bitirmi\u015fdir<\/p>\n\n\n\n<p>&nbsp;&nbsp;&nbsp;&nbsp;&nbsp;&nbsp;&nbsp; Polkovnik -leytenant&nbsp; Yusif Hac\u0131yev 1989-ci ild\u0259n 1991-ci il\u0259 kimi Sovet ordusunun Ukrayna v\u0259 Qazax\u0131stan Respubilikalar\u0131nda v\u0259 Saratov \u015f\u0259h\u0259rind\u0259 yerl\u0259\u015f\u0259n h\u0259rbi hiss\u0259l\u0259rd\u0259 h\u0259rbi hiss\u0259nin \u0259rzaq v\u0259 (geyim) \u0259\u015fya xidm\u0259t r\u0259isi v\u0259zif\u0259l\u0259rind\u0259 olmu\u015fdur.<\/p>\n\n\n\n<p>\u00a0\u00a0\u00a0\u00a0 O, 1992-ci\u00a0 ilin yanvar ay\u0131ndan &#8212; 2016-c\u0131 \u00a0il\u0131n dekabr ay\u0131na kimi Daxili \u0130\u015fl\u0259r Nazirliyinin Daxili Qo\u015funlar\u0131n\u0131n Ba\u015f \u0130dar\u0259sinin Sumqay\u0131t \u015f\u0259h\u0259rind\u0259, Hac\u0131qabul v\u0259 X\u0259z\u0259r\u00a0 rayonlar\u0131nda,\u00a0 yerl\u0259\u015f\u0259n h\u0259rbi hiss\u0259l\u0259rind\u0259\u00a0 v\u0259 al\u0131 h\u0259rbi m\u0259kt\u0259bind\u0259 D\u00f6yu\u015f haz\u0131rl\u0131\u011f\u0131 b\u00f6lm\u0259 r\u0259isinin m\u00fcavini, h\u0259rbi hiss\u0259 komandirinin arxa c\u0259bh\u0259 xidm\u0259tl\u0259ri \u00fczr\u0259 miavini, Daxili Qo\u015funlar\u0131n Bas \u0130dar\u0259sinin maddi -texniki t\u0259minat idar\u0259sind\u0259 \u0259\u015fya\u00a0 (geyim)\u00a0\u00a0 xidm\u0259tinin\u00a0 ba\u015f zabiti\u00a0 v\u0259 xidm\u0259t r\u0259isi, DQB\u0130-in \u0130nspeksiyas\u0131nda is\u0259 ba\u015f inspektor v\u0259zif\u0259l\u0259rind\u0259 xidm\u0259t etmi\u015fdir.<\/p>\n\n\n\n<p>\u00a0\u00a0\u00a0\u00a0 O, Daxili Qo\u015funlarda xidm\u0259t etdiyi ill\u0259r \u0259rzind\u0259 \u00f6z\u00fcn\u00fc u\u015faq vaxtlar\u0131ndan, g\u00f6z\u0259l ail\u0259 v\u0259 m\u0259kt\u0259b t\u0259rbiy\u0259si il\u0259 b\u00f6y\u00fcm\u00fc\u015f, \u0259xlaq\u0131 t\u0259rbiy\u0259si yerind\u0259 olan, nizam v\u0259 intizaml\u0131 h\u0259rb\u00e7i k\u0131m\u0131 g\u00f6st\u0259rmi\u015fdir. O i\u015fl\u0259diyi v\u0259 oxudu\u011fu\u00a0\u00a0 t\u0259hsil m\u00fc\u0259ssis\u0259l\u0259rind\u0259, ya\u015fad\u0131\u011f\u0131 \u0259razid\u0259\u00a0 kollektiv aras\u0131nda h\u0259mi\u015f\u0259 m\u00fcsb\u0259t m\u0259nada se\u00e7il\u0259r\u0259k, ba\u015fqalar\u0131 \u00fc\u00e7\u00fcn\u00a0 n\u00fcmun\u0259 olmu\u015fdur.<\/p>\n\n\n\n<p>&nbsp;&nbsp;&nbsp; M\u00fcharib\u0259 v\u0259 Silahl\u0131 Q\u00fcvv\u0259l\u0259r Veteran\u0131 Hac\u0131yev Yusif Yusif o\u011flu Az\u0259rbaycan Respublikas\u0131nda, ictimai qaydan\u0131n v\u0259 ictimai t\u0259hl\u00fck\u0259sizliyin qorunmas\u0131nda, m\u00fct\u0259\u015f\u0259kkil cinay\u0259tkarl\u0131\u011fa qar\u015f\u0131 m\u00fcbariz\u0259d\u0259, qanunsuz silahl\u0131 d\u0259st\u0259l\u0259rin z\u0259r\u0259rsizl\u0259\u015fdirilm\u0259sind\u0259,&nbsp; \u015f\u0259h\u0259rd\u0259, ya\u015fay\u0131\u015f m\u0259nt\u0259q\u0259l\u0259rind\u0259 v\u0259 c\u0259za\u00e7\u0259km\u0259 m\u00fc\u0259ssis\u0259l\u0259rind\u0259 ba\u015f vermi\u015f&nbsp; k\u00fctl\u0259vi ixt\u015fa\u015flar\u0131n qar\u015f\u0131s\u0131n\u0131n al\u0131nmas\u0131nda, d\u00f6vl\u0259tin \u0259razi b\u00fct\u00f6vl\u00fcy\u00fcn\u00fcn t\u0259min edilm\u0259sind\u0259, hadis\u0259l\u0259r, yan\u011f\u0131nlar, t\u0259bii f\u0259lak\u0259tl\u0259r, f\u00f6vqal\u0259d\u0259 hallar zaman\u0131 h\u00fcquqi rejimin t\u0259min edilm\u0259sind\u0259 el\u0259c\u0259d\u0259 Az\u0259rbaycan\u0131n \u0259razi b\u00fct\u00f6vl\u00fcy\u00fc u\u011frunda ( A\u011fd\u0259r\u0259, A\u011fdam, F\u00fczuli, C\u0259bray\u0131l v\u0259 Z\u0259ngilan rayonlar istiqam\u0259tind\u0259&nbsp; ged\u0259n d\u00f6y\u00fc\u015f v\u0259 x\u00fcsusi \u0259m\u0259liyyatlarda \u00fcz\u0259rin\u0259 d\u00fc\u015f\u0259n v\u0259zif\u0259l\u0259ri m\u0259suliyy\u0259t v\u0259 \u015f\u0259r\u0259f hissi il\u0259 yer\u0131n\u0259 yetirmi\u015fdir.<\/p>\n\n\n\n<figure class=\"wp-block-gallery columns-2 is-cropped wp-block-gallery-2 is-layout-flex wp-block-gallery-is-layout-flex\"><ul class=\"blocks-gallery-grid\"><li class=\"blocks-gallery-item\"><figure><img loading=\"lazy\" decoding=\"async\" width=\"580\" height=\"957\" src=\"https:\/\/fedai.az\/wp-content\/uploads\/2021\/09\/H3.jpg\" alt=\"\" data-id=\"49212\" data-link=\"https:\/\/fedai.az\/?attachment_id=49212\" class=\"wp-image-49212\" srcset=\"https:\/\/fedai.az\/wp-content\/uploads\/2021\/09\/H3.jpg 580w, https:\/\/fedai.az\/wp-content\/uploads\/2021\/09\/H3-182x300.jpg 182w, https:\/\/fedai.az\/wp-content\/uploads\/2021\/09\/H3-91x150.jpg 91w\" sizes=\"auto, (max-width: 580px) 100vw, 580px\" \/><\/figure><\/li><li class=\"blocks-gallery-item\"><figure><img loading=\"lazy\" decoding=\"async\" width=\"831\" height=\"1024\" src=\"https:\/\/fedai.az\/wp-content\/uploads\/2021\/09\/H7-6-831x1024.jpg\" alt=\"\" data-id=\"49213\" data-full-url=\"https:\/\/fedai.az\/wp-content\/uploads\/2021\/09\/H7-6.jpg\" data-link=\"https:\/\/fedai.az\/?attachment_id=49213\" class=\"wp-image-49213\" srcset=\"https:\/\/fedai.az\/wp-content\/uploads\/2021\/09\/H7-6-831x1024.jpg 831w, https:\/\/fedai.az\/wp-content\/uploads\/2021\/09\/H7-6-243x300.jpg 243w, https:\/\/fedai.az\/wp-content\/uploads\/2021\/09\/H7-6-122x150.jpg 122w, https:\/\/fedai.az\/wp-content\/uploads\/2021\/09\/H7-6-768x946.jpg 768w, https:\/\/fedai.az\/wp-content\/uploads\/2021\/09\/H7-6.jpg 1080w\" sizes=\"auto, (max-width: 831px) 100vw, 831px\" \/><\/figure><\/li><\/ul><\/figure>\n\n\n\n<p>\u00a0\u00a0\u00a0\u00a0 O, Az\u0259rbaycan Respublikas\u0131 Konstitusiyas\u0131na v\u0259 qanunlar\u0131na, h\u0259rbi and\u0131n, h\u0259rbi nizamnam\u0259l\u0259rin, direktivl\u0259rin, t\u0259limatlar\u0131n, \u0259sasnam\u0259 v\u0259 \u0259mrl\u0259rin\u00a0 t\u0259l\u0259bl\u0259rin\u0259 v\u0259 v\u0259zif\u0259 borcuna \u0259m\u0259l\u00a0 etm\u0259kd\u0259 V\u0259t\u0259n\u0259, D\u00f6vl\u0259t\u0259 v\u0259 Xalqa s\u0259daq\u0259tl\u0259 xidm\u0259t etmi\u015fdir.<\/p>\n\n\n\n<p>&nbsp;&nbsp;&nbsp;&nbsp; Hac\u0131yev Y\u00fcsif Yusif o\u011flu Daxili Qo\u015funlar\u0131n Ba\u015f \u0130dar\u0259sinind\u0259 v\u0259 h\u0259rbi hiss\u0259l\u0259rind\u0259 m\u00fcxt\u0259lif v\u0259zif\u0259l\u0259rd\u0259 xidm\u0259t etdiyi ill\u0259r \u0259rzind\u0259 zabitl\u0259rl\u0259, gizir v\u0259 m\u00fcdd\u0259td\u0259n art\u0131q xidm\u0259t h\u0259rbi qulluq\u00e7ularla komandir haz\u0131rl\u0131\u011f\u0131 \u00fczr\u0259, h\u0259rbi hiss\u0259 komandirl\u0259ri v\u0259 onlar\u0131n m\u00fcavinl\u0259ri il\u0259, h\u0259rbi hiss\u0259l\u0259rin \u0259\u015fya xidm\u0259t r\u0259isl\u0259ri il\u0259, b\u00f6luk komandirl\u0259ri il\u0259, b\u00f6l\u00fcy\u00fcn ba\u015f cavu\u015flar\u0131 il\u0259, anbar r\u0259isl\u0259ri il\u0259 planla\u015fd\u0131r\u0131lm\u0131\u015f m\u0259\u015f\u011f\u0259l\u0259l\u0259rin, taktiki v\u0259 n\u00fcmn\u0259vi g\u00f6st\u0259ricil t\u0259liml\u0259rin v\u0259 metodiki t\u0259lim toplan\u0131\u015flar\u0131n\u0131n y\u00fcks\u0259k s\u0259viyy\u0259d\u0259 ke\u00e7irilm\u0259si istiqam\u0259tind\u0259 \u00fcz\u0259rin\u0259 d\u00fcs\u0259n v\u0259zif\u0259l\u0259rin yerin\u0259 yetirilm\u0259sin\u0259 m\u0259suliyy\u0259tl\u0259 yana\u015fm\u0131\u015fd\u0131r.<\/p>\n\n\n\n<figure class=\"wp-block-gallery columns-2 is-cropped wp-block-gallery-3 is-layout-flex wp-block-gallery-is-layout-flex\"><ul class=\"blocks-gallery-grid\"><li class=\"blocks-gallery-item\"><figure><img loading=\"lazy\" decoding=\"async\" width=\"1024\" height=\"722\" src=\"https:\/\/fedai.az\/wp-content\/uploads\/2021\/09\/H2-1-1024x722.jpg\" alt=\"\" data-id=\"49214\" data-link=\"https:\/\/fedai.az\/?attachment_id=49214\" class=\"wp-image-49214\" srcset=\"https:\/\/fedai.az\/wp-content\/uploads\/2021\/09\/H2-1-1024x722.jpg 1024w, https:\/\/fedai.az\/wp-content\/uploads\/2021\/09\/H2-1-300x212.jpg 300w, https:\/\/fedai.az\/wp-content\/uploads\/2021\/09\/H2-1-150x106.jpg 150w, https:\/\/fedai.az\/wp-content\/uploads\/2021\/09\/H2-1-768x542.jpg 768w, https:\/\/fedai.az\/wp-content\/uploads\/2021\/09\/H2-1.jpg 1079w\" sizes=\"auto, (max-width: 1024px) 100vw, 1024px\" \/><\/figure><\/li><li class=\"blocks-gallery-item\"><figure><img loading=\"lazy\" decoding=\"async\" width=\"1024\" height=\"960\" src=\"https:\/\/fedai.az\/wp-content\/uploads\/2021\/09\/H1-2-1024x960.jpg\" alt=\"\" data-id=\"49215\" data-full-url=\"https:\/\/fedai.az\/wp-content\/uploads\/2021\/09\/H1-2.jpg\" data-link=\"https:\/\/fedai.az\/?attachment_id=49215\" class=\"wp-image-49215\" srcset=\"https:\/\/fedai.az\/wp-content\/uploads\/2021\/09\/H1-2-1024x960.jpg 1024w, https:\/\/fedai.az\/wp-content\/uploads\/2021\/09\/H1-2-300x281.jpg 300w, https:\/\/fedai.az\/wp-content\/uploads\/2021\/09\/H1-2-150x141.jpg 150w, https:\/\/fedai.az\/wp-content\/uploads\/2021\/09\/H1-2-768x720.jpg 768w, https:\/\/fedai.az\/wp-content\/uploads\/2021\/09\/H1-2.jpg 1080w\" sizes=\"auto, (max-width: 1024px) 100vw, 1024px\" \/><\/figure><\/li><\/ul><\/figure>\n\n\n\n<p>\u00a0\u00a0\u00a0\u00a0\u00a0 O, Daxili Qo\u015funlar\u0131n Ba\u015f idar\u0259sin \u0130nispeksiyas\u0131n\u0131n\u00a0 yarand\u0131\u011f\u0131 g\u00fcnd\u0259n\u00a0 \u0130nspeksiyada ba\u015f inispektor v\u0259zif\u0259sind\u0259 uzun m\u00fcdd\u0259t xidm\u0259t etdiyi ill\u0259r \u0259rzind\u0259 Daxili Qo\u015funlar\u0131n Ba\u015f idar\u0259sinin idar\u0259, \u015f\u00f6b\u0259 v\u0259 xidm\u0259tl\u0259rind\u0259, h\u0259rbi hiss\u0259 v\u0259 \u0259lahidd\u0259 b\u00f6m\u0259l\u0259rind\u0259 \u0130nispeksiya\u00a0 (yekun,t\u0259lim,\u00fcm\u00fcmi v\u0259 q\u0259fl\u0259t\u0259n) yoxlamalar\u0131n ke\u00e7irilm\u0259si \u00fczr\u0259 m\u00fcasir t\u0259l\u0259bl\u0259r\u0259 uy\u011fun laz\u0131mi h\u00fcq\u00fcqi normativ aktlar\u0131n (s\u0259n\u0259dl\u0259rin) haz\u0131rlanmas\u0131nda, yoxlamalar\u0131n is\u0259 obyektiv apar\u0131lmas\u0131, d\u00fczg\u00fcn qiym\u0259tl\u0259ndirilm\u0259si \u00fczr\u0259 \u00fcz\u0259rin\u0259 d\u00fc\u015f\u0259n v\u0259zif\u0259l\u0259rin \u00f6hd\u0259sind\u0259n layiqinc\u0259 g\u0259lmi\u015fdir.<\/p>\n\n\n\n<p>&nbsp;&nbsp;&nbsp;&nbsp; Yusif qorxmaz, insanp\u0259rv\u0259r, saxav\u0259tli, \u0259liac\u0131q, v\u0259fal\u0131 bir z\u0259hm\u0259tke\u015f ba\u015f zabitdir. O, ist\u0259r t\u0259hsil ald\u0131g\u0131 orta v\u0259 ali h\u0259rbi m\u0259kt\u0259b ill\u0259rind\u0259, ist\u0259rs\u0259d\u0259 xidm\u0259t etdiyi kollektivl\u0259rd\u0259, dost -tan\u0131\u015f, qohum-\u0259qr\u0259ba&nbsp; aras\u0131nda \u00f6z\u00fcn\u0259 layiq h\u00f6rm\u0259t qazanm\u0131\u015fd\u0131r.<\/p>\n\n\n\n<p>&nbsp;&nbsp;&nbsp; M\u00fcharib\u0259 v\u0259 Silahl\u0131 Q\u00fcvv\u0259l\u0259r Veteran\u0131 ehtiyyatda olan polkovnik-leytenant&nbsp; Yusif Hac\u0131yev xidm\u0259ti v\u0259zif\u0259l\u0259rin yerin\u0259 yetirilm\u0259sin\u0259 m\u0259suliyy\u0259tl\u0259 yana\u015fd\u0131\u011f\u0131na g\u00f6r\u0259 Daxili \u0130\u015fl\u0259r Nazirinin, Daxili Qo\u015funlar Komandan\u0131n\u0131n v\u0259 onun m\u00fcavinl\u0259rinin, idar\u0259 (xidm\u0259t) v\u0259&nbsp; t\u0259hsil ald\u0131g\u0131 ali h\u0259rbi m\u0259kt\u0259b r\u0259isl\u0259rinin,h\u0259rbi hiss\u0259 komandirinin v\u0259 onlar\u0131n m\u00fcavinl\u0259rinin m\u00fcvafiq \u0259mrl\u0259ri il\u0259 \u0259la xidm\u0259tl\u0259r\u0259 g\u00f6r\u0259 d\u00f6\u015f v\u0259 yubiley nisanlar\u0131 il\u0259, pul m\u00fckafatlar\u0131 il\u0259, f\u0259xr\u0131 f\u0259rmanlarla v\u0259 qiym\u0259tli h\u0259diyy\u0259l\u0259rl\u0259 m\u00fckafatland\u0131rl\u0131b v\u0259 ona t\u0259\u015f\u0259kk\u00fcr elan edilib.<\/p>\n\n\n\n<figure class=\"wp-block-image size-large\"><img loading=\"lazy\" decoding=\"async\" width=\"836\" height=\"1024\" src=\"https:\/\/fedai.az\/wp-content\/uploads\/2021\/09\/H9-836x1024.jpg\" alt=\"\" class=\"wp-image-49216\" srcset=\"https:\/\/fedai.az\/wp-content\/uploads\/2021\/09\/H9-836x1024.jpg 836w, https:\/\/fedai.az\/wp-content\/uploads\/2021\/09\/H9-245x300.jpg 245w, https:\/\/fedai.az\/wp-content\/uploads\/2021\/09\/H9-122x150.jpg 122w, https:\/\/fedai.az\/wp-content\/uploads\/2021\/09\/H9-768x941.jpg 768w, https:\/\/fedai.az\/wp-content\/uploads\/2021\/09\/H9.jpg 1080w\" sizes=\"auto, (max-width: 836px) 100vw, 836px\" \/><\/figure>\n\n\n\n<p>\u00a0\u00a0\u00a0\u00a0 O, xidm\u0259td\u0259 f\u0259riql\u0259ndiyin\u0259 g\u00f6r\u0259 SSRI Ali Soveti v\u0259 Az\u0259rbaycan Respublikas\u0131n\u0131n\u00a0 Prezidenti ad\u0131ndan Dax\u0131l\u0131 \u0130\u015fl\u0259r Nazirinin m\u00fcvaiq \u0259mrl\u0259ri il\u0259 SSR\u0130\u00a0 Silahl\u0131 Q\u00fcvv\u0259l\u0259rinin yaranmas\u0131n\u0131n 70-illik, Az\u0259rbaycan Respublikas\u0131 Silahl\u0131 Q\u00fcvv\u0259l\u0259rinin yaranmasinin &#171;10-illk, 90-ilik v\u0259 95 -illk&#187; yubiley, &#171;Silahl\u0131 Q\u00fcvv\u0259l\u0259r Veteran\u0131&#187; v\u0259 &#171;Q\u00fcsursuz xidm\u0259tl\u0259r\u0259 g\u00f6r\u0259 1-ci, 2-ci\u00a0 v\u0259 3 -c\u00fc d\u0259r\u0259c\u0259li&#187; medallarla t\u0259ltif edilib.<\/p>\n\n\n\n<p><strong>DO\u011eUM G\u00dcN\u00dcN M\u00dcBAR\u018fK OLSUN, YUS\u0130F B\u018fY!<\/strong><\/p>\n\n\n\n<p><strong>B\u0130R \u0130L DAHA B\u0130TD\u0130, AMMA HE\u00c7 VAXT K\u018fD\u018fRL\u018fNM\u018f\u00a0 ZAMAN TEZ KE\u00c7\u0130R DEY\u018f&#8230;UNUTMA K\u0130 H\u018fR\u00a0 K\u018fS EYN\u0130 \u015eEY\u0130 YA\u015eAYIR.BU \u0130L\u0130N SONUNDA GER\u0130Y\u018f BAXDI\u011eINDA \u00dcM\u00dcD ED\u0130R\u018fM B\u0130R &#171;M\u00d6C\u00dcZ\u018f\u00a0 \u0130LD\u0130R &#187; DEY\u018fRS\u018fN&#8230;B\u00dcT\u00dcN ARZULARININ REALLA\u015eMASI D\u0130L\u018fY\u0130ML\u018f&#8230;XO\u015eB\u018fXT \u0130LL\u018fR\u018f.<\/strong><\/p>\n\n\n\n<p><strong>D\u0259rin h\u00f6rm\u0259tl\u0259, Az\u0259rbaycan V\u0259t\u0259n M\u00fcharib\u0259si Veteranlar\u0131 \u0130ctimai Birliyinin s\u0259dr m\u00fcavini polkovnik Salman Musayev<\/strong><\/p>\n\n\n\n<figure class=\"wp-block-gallery columns-2 is-cropped wp-block-gallery-4 is-layout-flex wp-block-gallery-is-layout-flex\"><ul class=\"blocks-gallery-grid\"><li class=\"blocks-gallery-item\"><figure><img decoding=\"async\" src=\"https:\/\/fedai.az\/wp-content\/uploads\/2021\/09\/H0.jpg\" alt=\"\" data-id=\"49217\" data-full-url=\"https:\/\/fedai.az\/wp-content\/uploads\/2021\/09\/H0.jpg\" data-link=\"https:\/\/fedai.az\/?attachment_id=49217\" class=\"wp-image-49217\"\/><\/figure><\/li><li class=\"blocks-gallery-item\"><figure><img decoding=\"async\" src=\"https:\/\/fedai.az\/wp-content\/uploads\/2021\/09\/8265a327389da9fe4fdc2714b309120e-1-7.jpg\" alt=\"\" data-id=\"49202\" data-full-url=\"https:\/\/fedai.az\/wp-content\/uploads\/2021\/09\/8265a327389da9fe4fdc2714b309120e-1-7.jpg\" data-link=\"https:\/\/fedai.az\/?attachment_id=49202\" class=\"wp-image-49202\"\/><\/figure><\/li><\/ul><\/figure>\n","protected":false},"excerpt":{"rendered":"<p>\u00a0\u00a0\u00a0\u00a0\u00a0\u00a0 Y\u00fcks\u0259k pe\u015f\u0259karl\u0131\u011f\u0131 v\u0259 humanistliyi il\u0259, i\u015fg\u00fczarl\u0131\u011f\u0131 v\u0259 m\u0259n\u0259vi keyfiyy\u0259ti il\u0259, n\u0259z\u0259ri v\u0259 praktiki biliyi il\u0259, sad\u0259liyi v\u0259 s\u0259mimiyy\u0259ti il\u0259,d\u0259qiqliyi v\u0259 t\u0259mkinliyi il\u0259 t\u0259\u015fkilatcl\u0131q<\/p>\n","protected":false},"author":2,"featured_media":49218,"comment_status":"closed","ping_status":"closed","sticky":false,"template":"","format":"standard","meta":{"footnotes":""},"categories":[5],"tags":[],"class_list":["post-49209","post","type-post","status-publish","format-standard","has-post-thumbnail","hentry","category-veteran"],"aioseo_notices":[],"_links":{"self":[{"href":"https:\/\/fedai.az\/index.php?rest_route=\/wp\/v2\/posts\/49209","targetHints":{"allow":["GET"]}}],"collection":[{"href":"https:\/\/fedai.az\/index.php?rest_route=\/wp\/v2\/posts"}],"about":[{"href":"https:\/\/fedai.az\/index.php?rest_route=\/wp\/v2\/types\/post"}],"author":[{"embeddable":true,"href":"https:\/\/fedai.az\/index.php?rest_route=\/wp\/v2\/users\/2"}],"replies":[{"embeddable":true,"href":"https:\/\/fedai.az\/index.php?rest_route=%2Fwp%2Fv2%2Fcomments&post=49209"}],"version-history":[{"count":1,"href":"https:\/\/fedai.az\/index.php?rest_route=\/wp\/v2\/posts\/49209\/revisions"}],"predecessor-version":[{"id":49219,"href":"https:\/\/fedai.az\/index.php?rest_route=\/wp\/v2\/posts\/49209\/revisions\/49219"}],"wp:featuredmedia":[{"embeddable":true,"href":"https:\/\/fedai.az\/index.php?rest_route=\/wp\/v2\/media\/49218"}],"wp:attachment":[{"href":"https:\/\/fedai.az\/index.php?rest_route=%2Fwp%2Fv2%2Fmedia&parent=49209"}],"wp:term":[{"taxonomy":"category","embeddable":true,"href":"https:\/\/fedai.az\/index.php?rest_route=%2Fwp%2Fv2%2Fcategories&post=49209"},{"taxonomy":"post_tag","embeddable":true,"href":"https:\/\/fedai.az\/index.php?rest_route=%2Fwp%2Fv2%2Ftags&post=49209"}],"curies":[{"name":"wp","href":"https:\/\/api.w.org\/{rel}","templated":true}]}}