{"id":49229,"date":"2021-09-24T13:50:53","date_gmt":"2021-09-24T09:50:53","guid":{"rendered":"https:\/\/fedai.az\/?p=49229"},"modified":"2021-09-24T14:07:30","modified_gmt":"2021-09-24T10:07:30","slug":"muharib%c9%99-veterani-qiznin-q%c9%99sd%c9%99n-oldurulduyunu-deyir","status":"publish","type":"post","link":"https:\/\/fedai.az\/?p=49229","title":{"rendered":"M\u00fcharib\u0259 veteran\u0131 q\u0131z\u0131n\u0131n q\u0259sd\u0259n \u00f6ld\u00fcr\u00fcld\u00fcy\u00fcn\u00fc deyir"},"content":{"rendered":"\n<p><strong>M\u00fcharib\u0259 veteran\u0131n\u0131n q\u0131z\u0131n\u0131n intihar etm\u0259siyl\u0259 ba\u011fl\u0131 x\u0259b\u0259r yay\u0131lm\u0131\u015fd\u0131.<\/strong><\/p>\n\n\n\n<p><br>Bu hadis\u0259yl\u0259 ba\u011fl\u0131 m\u0259rhum\u0259nin yax\u0131nlar\u0131 is\u0259 tam ayr\u0131 fikird\u0259dirl\u0259r. Onlar\u0131n dediyin\u0259 g\u00f6r\u0259 intihar deyil, q\u0259sddir. \u018fn az\u0131 Turan N\u0259bizad\u0259nin \u00f6l\u00fcm\u00fcnd\u0259 \u00f6l\u00fcm h\u0259ddin\u0259 \u00e7atd\u0131rma madd\u0259siyl\u0259 cinay\u0259t i\u015finin ba\u015flanmal\u0131d\u0131r.<\/p>\n\n\n\n<figure class=\"wp-block-image size-large is-resized\"><img loading=\"lazy\" decoding=\"async\" src=\"https:\/\/fedai.az\/wp-content\/uploads\/2021\/09\/u11.jpg\" alt=\"\" class=\"wp-image-49233\" width=\"897\" height=\"618\" srcset=\"https:\/\/fedai.az\/wp-content\/uploads\/2021\/09\/u11.jpg 335w, https:\/\/fedai.az\/wp-content\/uploads\/2021\/09\/u11-300x207.jpg 300w, https:\/\/fedai.az\/wp-content\/uploads\/2021\/09\/u11-150x103.jpg 150w\" sizes=\"auto, (max-width: 897px) 100vw, 897px\" \/><\/figure>\n\n\n\n<p><br><strong>M\u0259s\u0259l\u0259yl\u0259 ba\u011fl\u0131 Az\u0259rbaycan V\u0259t\u0259n M\u00fcharib\u0259si Veteranlar\u0131 \u0130ctimai Birliyi (AVMV\u0130B) Naftalan rayon \u015f\u00f6b\u0259sinin s\u0259dri \u018fv\u0259z N\u0259bizad\u0259, Turan N\u0259bizad\u0259nin intiharla deyil, q\u0259sd\u0259n \u00f6ld\u00fcr\u00fcld\u00fcy\u00fcn\u00fc bildirib:<\/strong> &#171;Biz 5 qarda\u015f V\u0259t\u0259nimizin m\u00fcdafi\u0259sind\u0259 i\u015ftirak etmi\u015fik. 21 avqust 2021-ci ild\u0259 X\u0259tai rayonunda ya\u015fad\u0131qlar\u0131 binan\u0131n 6-c\u0131 m\u0259rt\u0259b\u0259sind\u0259n \u00f6z\u00fcn\u00fc ataraq intihar etdiyi deyilir. \u018fg\u0259r bu ba\u015f vermi\u015fs\u0259 d\u0259, onu bu h\u0259dd\u0259 \u00e7atd\u0131ran s\u0259b\u0259bl\u0259r olub. Qaynatas\u0131 Rauf Ta\u011f\u0131yev, onun h\u0259yat yolda\u015f\u0131 Nail\u0259 Ta\u011f\u0131yeva v\u0259 o\u011fullar\u0131 \u015eahin Ta\u011f\u0131yev bu cinay\u0259tin i\u015ftirak\u00e7\u0131lar\u0131d\u0131r. Ona g\u00f6r\u0259 d\u0259 aidiyyatl\u0131 qurumlara, \u00f6lk\u0259 prezidentin\u0259, I Vitse prezident\u0259, Respublika Ba\u015f Prokurorlu\u011funa m\u00fcraci\u0259tl\u0259r ed\u0259r\u0259k bu i\u015fin n\u0259zar\u0259t\u0259 g\u00f6t\u00fcr\u00fclm\u0259sini xahi\u015f edirik&#187;.<\/p>\n\n\n\n<p>M\u00fcharib\u0259 veteran\u0131 olan M\u0259mm\u0259d\u0259li N\u0259bizad\u0259 d\u0259 q\u0131z\u0131n\u0131n intihar etm\u0259sin\u0259 inanm\u0131r. Onun dediyin\u0259 g\u00f6r\u0259, q\u0131z\u0131 bu ail\u0259d\u0259 ill\u0259rc\u0259 psixoloji basq\u0131lara m\u0259ruz qalsa da o, \u00f6z \u00f6vladlar\u0131na \u00e7ox ba\u011fl\u0131 bir ana imi\u015f. M\u0259mm\u0259d\u0259li N\u0259bizad\u0259 bildirdi ki, bu ail\u0259 normal bir ail\u0259 olmad\u0131\u011f\u0131n\u0131 bilirdim. Q\u0131z\u0131ma hans\u0131 i\u015fg\u0259nc\u0259l\u0259r verdikl\u0259ri il\u0259 ba\u011fl\u0131 d\u0259f\u0259l\u0259rl\u0259 naraz\u0131l\u0131qlar\u0131m\u0131z olub. Ne\u00e7\u0259 ill\u0259r boyu evd\u0259n bay\u0131ra buraxmad\u0131qlar\u0131 q\u0131z\u0131m Rusiyada universitet t\u0259sili g\u00f6rm\u00fc\u015fd\u00fc. Lakin bu ail\u0259 bu g\u00fcn onun psixoloji problemi olmas\u0131 bar\u0259d\u0259 \u015faiy\u0259l\u0259r yayma\u011fa \u00e7al\u0131\u015f\u0131rlar. Q\u0131z\u0131m\u0131n h\u0259yat yolda\u015f\u0131 \u015eahin Ta\u011f\u0131yevin \u00f6z\u00fc normal biri olmay\u0131b. M\u0259nim Qaraba\u011fda d\u00f6y\u00fc\u015fd\u00fcy\u00fcm\u00fc q\u0131nayaraq h\u0259mi\u015f\u0259 q\u0131z\u0131ma deyirmi\u015f ki, niy\u0259 atan gedib Suriyada deyil, burada erm\u0259nil\u0259r\u0259 qar\u015f\u0131 d\u00f6y\u00fc\u015f\u00fcb? Onun kiml\u0259r\u0259 xidm\u0259t etdiyi d\u0259 ara\u015fd\u0131r\u0131lmal\u0131d\u0131r.<\/p>\n\n\n\n<p><br>Q\u0131z\u0131n\u0131n intihar\u0131na inanmayan M. N\u0259bizad\u0259 bu hadis\u0259nin m\u0259qs\u0259dli \u015f\u0259kild\u0259 t\u00f6r\u0259dildiyin\u0259 \u0259mindir. \u00d6lk\u0259 r\u0259hb\u0259rliyin\u0259 v\u0259 aidiyyatl\u0131 qurumlardan bu cinay\u0259tin a\u00e7\u0131lmas\u0131nda k\u00f6m\u0259k ist\u0259yir. M\u00fcharib\u0259 bitdikd\u0259n sonra Rusiyada ya\u015fayan M\u0259mm\u0259d\u0259li N\u0259bizad\u0259 \u0259dal\u0259t ist\u0259yir.<\/p>\n\n\n\n<p><br>81 minlik veteranlar ordusu 5 qarda\u015f V\u0259t\u0259n u\u011frunda d\u00f6y\u00fc\u015fm\u00fc\u015f N\u0259bizad\u0259 ail\u0259sinin yan\u0131nday\u0131q. M\u00f6vzunu n\u0259zar\u0259td\u0259 saxlayaca\u011f\u0131q. \u0130nan\u0131r\u0131q ki, Az\u0259rbaycan Respublikas\u0131 Ba\u015f Prokurorlu\u011fu v\u0259 Daxili \u0130\u015fl\u0259r Nazirliyi ba\u015f vermi\u015f bu hadis\u0259ni n\u0259zar\u0259t\u0259 g\u00f6t\u00fcr\u0259c\u0259k v\u0259 g\u00fcnahkarlar\u0131 c\u0259zaland\u0131racaq.<br><\/p>\n\n\n\n<p><strong>M\u00fcharib\u0259 veteran\u0131n\u0131n ac\u0131lar\u0131na \u015f\u0259rikik v\u0259 AVMV\u0130B R\u0259hb\u0259rliyi ad\u0131ndan N\u0259bizad\u0259l\u0259r ail\u0259sin\u0259 Turan xan\u0131m\u0131n faci\u0259li sur\u0259td\u0259 v\u0259fat\u0131 il\u0259 ba\u011fl\u0131 k\u0259d\u0259rl\u0259ndiyimizi bildirir v\u0259 d\u0259rin h\u00fcznl\u0259 ba\u015fsa\u011fl\u0131\u011f\u0131 veririk.<\/strong><\/p>\n\n\n\n<p><br><strong>Allah r\u0259hm\u0259t el\u0259sin!<\/strong><\/p>\n\n\n\n<p><strong>Elnur S\u0259lim<\/strong><\/p>\n\n\n\n<figure class=\"wp-block-embed is-type-video is-provider-youtube wp-block-embed-youtube wp-embed-aspect-16-9 wp-has-aspect-ratio\"><div class=\"wp-block-embed__wrapper\">\n<iframe loading=\"lazy\" title=\"M\u00fcharib\u0259 veteran\u0131 q\u0131z\u0131n\u0131n \u00f6l\u00fcm\u00fc il\u0259 ba\u011fl\u0131 Prezident\u0259 m\u00fcrac\u0259t etdi\" width=\"715\" height=\"402\" src=\"https:\/\/www.youtube.com\/embed\/WcIniiBSyaw?feature=oembed\" frameborder=\"0\" allow=\"accelerometer; autoplay; clipboard-write; encrypted-media; gyroscope; picture-in-picture\" allowfullscreen><\/iframe>\n<\/div><\/figure>\n\n\n\n<p><\/p>\n","protected":false},"excerpt":{"rendered":"<p>M\u00fcharib\u0259 veteran\u0131n\u0131n q\u0131z\u0131n\u0131n intihar etm\u0259siyl\u0259 ba\u011fl\u0131 x\u0259b\u0259r yay\u0131lm\u0131\u015fd\u0131. Bu hadis\u0259yl\u0259 ba\u011fl\u0131 m\u0259rhum\u0259nin yax\u0131nlar\u0131 is\u0259 tam ayr\u0131 fikird\u0259dirl\u0259r. Onlar\u0131n dediyin\u0259 g\u00f6r\u0259 intihar deyil, q\u0259sddir. \u018fn<\/p>\n","protected":false},"author":2,"featured_media":49230,"comment_status":"closed","ping_status":"closed","sticky":false,"template":"","format":"standard","meta":{"footnotes":""},"categories":[5],"tags":[],"class_list":["post-49229","post","type-post","status-publish","format-standard","has-post-thumbnail","hentry","category-veteran"],"aioseo_notices":[],"_links":{"self":[{"href":"https:\/\/fedai.az\/index.php?rest_route=\/wp\/v2\/posts\/49229","targetHints":{"allow":["GET"]}}],"collection":[{"href":"https:\/\/fedai.az\/index.php?rest_route=\/wp\/v2\/posts"}],"about":[{"href":"https:\/\/fedai.az\/index.php?rest_route=\/wp\/v2\/types\/post"}],"author":[{"embeddable":true,"href":"https:\/\/fedai.az\/index.php?rest_route=\/wp\/v2\/users\/2"}],"replies":[{"embeddable":true,"href":"https:\/\/fedai.az\/index.php?rest_route=%2Fwp%2Fv2%2Fcomments&post=49229"}],"version-history":[{"count":4,"href":"https:\/\/fedai.az\/index.php?rest_route=\/wp\/v2\/posts\/49229\/revisions"}],"predecessor-version":[{"id":49236,"href":"https:\/\/fedai.az\/index.php?rest_route=\/wp\/v2\/posts\/49229\/revisions\/49236"}],"wp:featuredmedia":[{"embeddable":true,"href":"https:\/\/fedai.az\/index.php?rest_route=\/wp\/v2\/media\/49230"}],"wp:attachment":[{"href":"https:\/\/fedai.az\/index.php?rest_route=%2Fwp%2Fv2%2Fmedia&parent=49229"}],"wp:term":[{"taxonomy":"category","embeddable":true,"href":"https:\/\/fedai.az\/index.php?rest_route=%2Fwp%2Fv2%2Fcategories&post=49229"},{"taxonomy":"post_tag","embeddable":true,"href":"https:\/\/fedai.az\/index.php?rest_route=%2Fwp%2Fv2%2Ftags&post=49229"}],"curies":[{"name":"wp","href":"https:\/\/api.w.org\/{rel}","templated":true}]}}