{"id":49451,"date":"2021-09-26T13:10:10","date_gmt":"2021-09-26T09:10:10","guid":{"rendered":"https:\/\/fedai.az\/?p=49451"},"modified":"2021-09-26T13:10:12","modified_gmt":"2021-09-26T09:10:12","slug":"rusiyali-sulhm%c9%99ramlilar-lacindan-kec%c9%99n-masinlarin-sayini-aciqlayib","status":"publish","type":"post","link":"https:\/\/fedai.az\/?p=49451","title":{"rendered":"Rusiyal\u0131 s\u00fclhm\u0259raml\u0131lar La\u00e7\u0131ndan ke\u00e7\u0259n ma\u015f\u0131nlar\u0131n say\u0131n\u0131 a\u00e7\u0131qlay\u0131b"},"content":{"rendered":"\n<p><strong>Az\u0259rbaycan\u0131n Qaraba\u011f regionunda yerl\u0259\u015fdiril\u0259n Rusiya s\u00fclhm\u0259raml\u0131 kontingentinin h\u0259rb\u00e7il\u0259ri \u00f6t\u0259n ilin noyabr ay\u0131ndan etibar\u0259n La\u00e7\u0131n d\u0259hliziyl\u0259 h\u0259r iki istiqam\u0259td\u0259 h\u0259r\u0259k\u0259t ed\u0259n 65 min\u0259 yax\u0131n n\u0259qliyyat vasit\u0259sinin v\u0259 230 mind\u0259n \u00e7ox insan\u0131n t\u0259hl\u00fck\u0259siz ke\u00e7idini t\u0259min edibl\u0259r.<\/strong><\/p>\n\n\n\n<p>Bu bar\u0259d\u0259 Rusiya M\u00fcdafi\u0259 Nazirliyinin a\u00e7\u0131qlamas\u0131nda deyilir.<\/p>\n\n\n\n<p>M\u0259lumata \u0259sas\u0259n, Rusiya h\u0259rb\u00e7il\u0259ri sutka \u0259rzind\u0259 d\u0259hlizd\u0259n ke\u00e7\u0259n avtomobill\u0259r\u0259 n\u0259zar\u0259t edirl\u0259r.<\/p>\n\n\n\n<p>&#171;Ke\u00e7id m\u0259nt\u0259q\u0259sind\u0259n g\u00fcnd\u0259 t\u0259xmin\u0259n 200 ma\u015f\u0131n ke\u00e7ir&#187;, &#8212; s\u00fclhm\u0259raml\u0131 kontingentin n\u00fcmay\u0259nd\u0259si Vasili Dav\u0131dov deyib.<\/p>\n\n\n\n<p>2000-\u0259 yax\u0131n Rusiya s\u00fclhm\u0259raml\u0131 kontingenti Az\u0259rbaycan\u0131n Qaraba\u011f b\u00f6lg\u0259si v\u0259 La\u00e7\u0131n d\u0259hlizind\u0259 10 noyabr 2020-ci il tarixli \u00dc\u00e7t\u0259r\u0259fli b\u0259yanat a\u00e7\u0131qland\u0131qdan sonra yerl\u0259\u015fdirilib.<\/p>\n","protected":false},"excerpt":{"rendered":"<p>Az\u0259rbaycan\u0131n Qaraba\u011f regionunda yerl\u0259\u015fdiril\u0259n Rusiya s\u00fclhm\u0259raml\u0131 kontingentinin h\u0259rb\u00e7il\u0259ri \u00f6t\u0259n ilin noyabr ay\u0131ndan etibar\u0259n La\u00e7\u0131n d\u0259hliziyl\u0259 h\u0259r iki istiqam\u0259td\u0259 h\u0259r\u0259k\u0259t ed\u0259n 65 min\u0259 yax\u0131n n\u0259qliyyat<\/p>\n","protected":false},"author":2,"featured_media":49452,"comment_status":"closed","ping_status":"closed","sticky":false,"template":"","format":"standard","meta":{"footnotes":""},"categories":[4],"tags":[],"class_list":["post-49451","post","type-post","status-publish","format-standard","has-post-thumbnail","hentry","category-qarabag"],"aioseo_notices":[],"_links":{"self":[{"href":"https:\/\/fedai.az\/index.php?rest_route=\/wp\/v2\/posts\/49451","targetHints":{"allow":["GET"]}}],"collection":[{"href":"https:\/\/fedai.az\/index.php?rest_route=\/wp\/v2\/posts"}],"about":[{"href":"https:\/\/fedai.az\/index.php?rest_route=\/wp\/v2\/types\/post"}],"author":[{"embeddable":true,"href":"https:\/\/fedai.az\/index.php?rest_route=\/wp\/v2\/users\/2"}],"replies":[{"embeddable":true,"href":"https:\/\/fedai.az\/index.php?rest_route=%2Fwp%2Fv2%2Fcomments&post=49451"}],"version-history":[{"count":1,"href":"https:\/\/fedai.az\/index.php?rest_route=\/wp\/v2\/posts\/49451\/revisions"}],"predecessor-version":[{"id":49453,"href":"https:\/\/fedai.az\/index.php?rest_route=\/wp\/v2\/posts\/49451\/revisions\/49453"}],"wp:featuredmedia":[{"embeddable":true,"href":"https:\/\/fedai.az\/index.php?rest_route=\/wp\/v2\/media\/49452"}],"wp:attachment":[{"href":"https:\/\/fedai.az\/index.php?rest_route=%2Fwp%2Fv2%2Fmedia&parent=49451"}],"wp:term":[{"taxonomy":"category","embeddable":true,"href":"https:\/\/fedai.az\/index.php?rest_route=%2Fwp%2Fv2%2Fcategories&post=49451"},{"taxonomy":"post_tag","embeddable":true,"href":"https:\/\/fedai.az\/index.php?rest_route=%2Fwp%2Fv2%2Ftags&post=49451"}],"curies":[{"name":"wp","href":"https:\/\/api.w.org\/{rel}","templated":true}]}}