{"id":49455,"date":"2021-09-26T13:44:31","date_gmt":"2021-09-26T09:44:31","guid":{"rendered":"https:\/\/fedai.az\/?p=49455"},"modified":"2021-09-26T13:44:34","modified_gmt":"2021-09-26T09:44:34","slug":"abs-terrorizm%c9%99-d%c9%99st%c9%99yini-r%c9%99smil%c9%99sdirdi","status":"publish","type":"post","link":"https:\/\/fedai.az\/?p=49455","title":{"rendered":"AB\u015e terrorizm\u0259 d\u0259st\u0259yini r\u0259smil\u0259\u015fdirdi"},"content":{"rendered":"\n<p><strong>AB\u015e M\u00fcdafi\u0259 Nazirliyinin may ay\u0131nda Konqres\u0259 t\u0259qdim etdiyi m\u00fcdafi\u0259 b\u00fcdc\u0259sini \u00f6z\u00fcnd\u0259 \u0259ks etdir\u0259n qanun layih\u0259si N\u00fcmay\u0259nd\u0259l\u0259r Palatas\u0131nda t\u0259sdiq edilib.<\/strong><\/p>\n\n\n\n<p>B\u00fcdc\u0259 layih\u0259snin 177 milyon dollar\u0131 YPG\/PKK terror t\u0259\u015fkilat\u0131n\u0131n da daxil oldu\u011fu Suriyadak\u0131 h\u0259rbi m\u0259qs\u0259dl\u0259r \u00fc\u00e7\u00fcn ayr\u0131l\u0131b.<\/p>\n\n\n\n<p>Qanun layih\u0259sin\u0259 bir \u00e7ox \u0259lav\u0259l\u0259r edils\u0259 d\u0259, Pentaqonun t\u0259l\u0259b etdiyi b\u00fcdc\u0259y\u0259 t\u0259xmin\u0259n 25 milyard dollar \u0259lav\u0259 edilm\u0259kl\u0259 b\u00fcdc\u0259nin h\u0259cminin 778 milyard dollara qald\u0131r\u0131lmas\u0131 diqq\u0259t \u00e7\u0259kib.<\/p>\n\n\n\n<figure class=\"wp-block-image size-large\"><img decoding=\"async\" src=\"https:\/\/fedai.az\/wp-content\/uploads\/2021\/09\/thumbs_b_c_41e45a0d4a5b6a7d80e936ea9010a9af.jpg\" alt=\"\" class=\"wp-image-49456\"\/><\/figure>\n\n\n\n<p>Qanun layih\u0259sind\u0259 \u0130ran\u0131n \u00c7inl\u0259 \u0259laq\u0259l\u0259ri, \u0130raqdak\u0131 f\u0259aliyy\u0259ti v\u0259 h\u0259rbi g\u00fcc\u00fc, eyni zamanda d\u0259st\u0259kl\u0259diyi terror qrupla\u015fmalar\u0131 il\u0259 ba\u011fl\u0131 hesabat haz\u0131rlanmas\u0131 t\u0259l\u0259bi yer al\u0131b.<\/p>\n\n\n\n<p>\u00c7inin Sakit okean b\u00f6lg\u0259sind\u0259ki \u00f6lk\u0259l\u0259r\u0259, x\u00fcsusil\u0259 Tayvana qar\u015f\u0131 davran\u0131\u015flar\u0131n\u0131n ara\u015fd\u0131r\u0131lmas\u0131n\u0131n t\u0259l\u0259b edildiyi layih\u0259d\u0259, Pekinin Lat\u0131n Amerikas\u0131 v\u0259 Karib h\u00f6vz\u0259sind\u0259ki f\u0259aliyy\u0259tinin d\u0259 diqq\u0259td\u0259 saxlan\u0131lmas\u0131 m\u0259s\u0259l\u0259si ehtiva olunub.<\/p>\n\n\n\n<p>\u0130raq v\u0259 Suriyada \u0130\u015e\u0130D-l\u0259 m\u00fcbariz\u0259d\u0259 t\u0259lim v\u0259 d\u0259st\u0259k x\u0259rcl\u0259ri \u00fc\u00e7\u00fcn 522 milyon dollar t\u0259l\u0259bi d\u0259 q\u0259bul edilib. Bu m\u0259bl\u0259\u011fin 345 milyon dollar\u0131 \u0130raqda t\u0259lim v\u0259 t\u0259chizat \u00fc\u00e7\u00fcn, 177 milyon dollar\u0131n is\u0259 YPG\/PKK terror t\u0259\u015fkilat\u0131 da daxil olmaqla Suriyada h\u0259rbi m\u0259qs\u0259dl\u0259r \u00fc\u00e7\u00fcn ayr\u0131l\u0131b.<\/p>\n\n\n\n<p>T\u00fcrkiy\u0259 Prezidenti R\u0259c\u0259b Tayyib \u018frdo\u011fan BMT Ba\u015f Assambleyas\u0131n\u0131n son sammitind\u0259 PKK\/YPG terror t\u0259\u015fkilat\u0131na verdiyi d\u0259st\u0259y\u0259 g\u00f6r\u0259 AB\u015e-a etiraz etmi\u015fdi.<\/p>\n\n\n\n<p>M\u0259nb\u0259: Teleqraf.com<\/p>\n","protected":false},"excerpt":{"rendered":"<p>AB\u015e M\u00fcdafi\u0259 Nazirliyinin may ay\u0131nda Konqres\u0259 t\u0259qdim etdiyi m\u00fcdafi\u0259 b\u00fcdc\u0259sini \u00f6z\u00fcnd\u0259 \u0259ks etdir\u0259n qanun layih\u0259si N\u00fcmay\u0259nd\u0259l\u0259r Palatas\u0131nda t\u0259sdiq edilib. B\u00fcdc\u0259 layih\u0259snin 177 milyon dollar\u0131<\/p>\n","protected":false},"author":2,"featured_media":0,"comment_status":"closed","ping_status":"closed","sticky":false,"template":"","format":"standard","meta":{"footnotes":""},"categories":[13],"tags":[],"class_list":["post-49455","post","type-post","status-publish","format-standard","hentry","category-xarici"],"aioseo_notices":[],"_links":{"self":[{"href":"https:\/\/fedai.az\/index.php?rest_route=\/wp\/v2\/posts\/49455","targetHints":{"allow":["GET"]}}],"collection":[{"href":"https:\/\/fedai.az\/index.php?rest_route=\/wp\/v2\/posts"}],"about":[{"href":"https:\/\/fedai.az\/index.php?rest_route=\/wp\/v2\/types\/post"}],"author":[{"embeddable":true,"href":"https:\/\/fedai.az\/index.php?rest_route=\/wp\/v2\/users\/2"}],"replies":[{"embeddable":true,"href":"https:\/\/fedai.az\/index.php?rest_route=%2Fwp%2Fv2%2Fcomments&post=49455"}],"version-history":[{"count":1,"href":"https:\/\/fedai.az\/index.php?rest_route=\/wp\/v2\/posts\/49455\/revisions"}],"predecessor-version":[{"id":49458,"href":"https:\/\/fedai.az\/index.php?rest_route=\/wp\/v2\/posts\/49455\/revisions\/49458"}],"wp:attachment":[{"href":"https:\/\/fedai.az\/index.php?rest_route=%2Fwp%2Fv2%2Fmedia&parent=49455"}],"wp:term":[{"taxonomy":"category","embeddable":true,"href":"https:\/\/fedai.az\/index.php?rest_route=%2Fwp%2Fv2%2Fcategories&post=49455"},{"taxonomy":"post_tag","embeddable":true,"href":"https:\/\/fedai.az\/index.php?rest_route=%2Fwp%2Fv2%2Ftags&post=49455"}],"curies":[{"name":"wp","href":"https:\/\/api.w.org\/{rel}","templated":true}]}}