{"id":49459,"date":"2021-09-26T13:56:29","date_gmt":"2021-09-26T09:56:29","guid":{"rendered":"https:\/\/fedai.az\/?p=49459"},"modified":"2021-09-26T13:56:39","modified_gmt":"2021-09-26T09:56:39","slug":"sabah-v%c9%99t%c9%99n-muharib%c9%99sinin-baslamasinin-bir-ili-tamam-olur","status":"publish","type":"post","link":"https:\/\/fedai.az\/?p=49459","title":{"rendered":"Sabah V\u0259t\u0259n m\u00fcharib\u0259sinin ba\u015flamas\u0131n\u0131n bir ili tamam olur"},"content":{"rendered":"\n<p><strong>44 g\u00fcn davam ed\u0259n m\u00fcharib\u0259d\u0259 torpaqlar\u0131m\u0131z\u0131n azadl\u0131\u011f\u0131 u\u011frunda canlar\u0131ndan ke\u00e7\u0259n h\u0259rb\u00e7il\u0259rimiz\u0259, b\u00fct\u00fcn \u015f\u0259hidl\u0259rimiz\u0259 d\u0259rin ehtiram \u0259lam\u0259ti olaraq h\u0259r il sentyabr\u0131n 27-si Az\u0259rbaycanda An\u0131m G\u00fcn\u00fc kimi qeyd edil\u0259c\u0259k.<\/strong><\/p>\n\n\n\n<p>An\u0131m G\u00fcn\u00fc il\u0259 ba\u011fl\u0131 sabah Az\u0259rbaycan Respublikas\u0131n\u0131n Prezidenti, M\u00fcz\u0259ff\u0259r Ali Ba\u015f Komandan \u0130lham \u018fliyev d\u0259 xalqa m\u00fcraci\u0259t ed\u0259c\u0259k.<\/p>\n\n\n\n<p>Art\u0131q bir nec\u0259 g\u00fcnd\u00fcr \u00f6lk\u0259d\u0259 An\u0131m G\u00fcn\u00fcn\u0259 haz\u0131rl\u0131qlar gedir. Paytaxt\u0131n b\u0259zi k\u00fc\u00e7\u0259 v\u0259 prospektl\u0259rind\u0259 eyvanlardan bayraqlar as\u0131l\u0131b.<\/p>\n\n\n\n<p>B\u00fct\u00fcn v\u0259t\u0259nda\u015flar\u0131m\u0131z\u0131 bu aksiyaya qo\u015fulma\u011fa \u00e7a\u011f\u0131r\u0131r\u0131q. H\u0259r k\u0259s An\u0131m G\u00fcn\u00fcnd\u0259 eyvan\u0131ndan bayraq asaraq 44 g\u00fcnl\u00fck m\u00fcharib\u0259d\u0259 oldu\u011fu kimi, d\u00f6y\u00fc\u015fl\u0259rinin ild\u00f6n\u00fcm\u00fcnd\u0259 d\u0259 h\u0259mr\u0259yliyini n\u00fcmayi\u015f etdir\u0259 bil\u0259r.<\/p>\n\n\n\n<p>Qeyd ed\u0259k ki, sabah saat 12:00-da \u00f6lk\u0259 \u0259razisind\u0259 \u015f\u0259hidl\u0259rin \u0259ziz xatir\u0259si bir d\u0259qiq\u0259lik s\u00fckutla yad edil\u0259c\u0259k.<\/p>\n","protected":false},"excerpt":{"rendered":"<p>44 g\u00fcn davam ed\u0259n m\u00fcharib\u0259d\u0259 torpaqlar\u0131m\u0131z\u0131n azadl\u0131\u011f\u0131 u\u011frunda canlar\u0131ndan ke\u00e7\u0259n h\u0259rb\u00e7il\u0259rimiz\u0259, b\u00fct\u00fcn \u015f\u0259hidl\u0259rimiz\u0259 d\u0259rin ehtiram \u0259lam\u0259ti olaraq h\u0259r il sentyabr\u0131n 27-si Az\u0259rbaycanda An\u0131m G\u00fcn\u00fc<\/p>\n","protected":false},"author":2,"featured_media":49460,"comment_status":"closed","ping_status":"closed","sticky":false,"template":"","format":"standard","meta":{"footnotes":""},"categories":[3],"tags":[],"class_list":["post-49459","post","type-post","status-publish","format-standard","has-post-thumbnail","hentry","category-gundm"],"aioseo_notices":[],"_links":{"self":[{"href":"https:\/\/fedai.az\/index.php?rest_route=\/wp\/v2\/posts\/49459","targetHints":{"allow":["GET"]}}],"collection":[{"href":"https:\/\/fedai.az\/index.php?rest_route=\/wp\/v2\/posts"}],"about":[{"href":"https:\/\/fedai.az\/index.php?rest_route=\/wp\/v2\/types\/post"}],"author":[{"embeddable":true,"href":"https:\/\/fedai.az\/index.php?rest_route=\/wp\/v2\/users\/2"}],"replies":[{"embeddable":true,"href":"https:\/\/fedai.az\/index.php?rest_route=%2Fwp%2Fv2%2Fcomments&post=49459"}],"version-history":[{"count":1,"href":"https:\/\/fedai.az\/index.php?rest_route=\/wp\/v2\/posts\/49459\/revisions"}],"predecessor-version":[{"id":49461,"href":"https:\/\/fedai.az\/index.php?rest_route=\/wp\/v2\/posts\/49459\/revisions\/49461"}],"wp:featuredmedia":[{"embeddable":true,"href":"https:\/\/fedai.az\/index.php?rest_route=\/wp\/v2\/media\/49460"}],"wp:attachment":[{"href":"https:\/\/fedai.az\/index.php?rest_route=%2Fwp%2Fv2%2Fmedia&parent=49459"}],"wp:term":[{"taxonomy":"category","embeddable":true,"href":"https:\/\/fedai.az\/index.php?rest_route=%2Fwp%2Fv2%2Fcategories&post=49459"},{"taxonomy":"post_tag","embeddable":true,"href":"https:\/\/fedai.az\/index.php?rest_route=%2Fwp%2Fv2%2Ftags&post=49459"}],"curies":[{"name":"wp","href":"https:\/\/api.w.org\/{rel}","templated":true}]}}