{"id":49471,"date":"2021-09-26T21:42:03","date_gmt":"2021-09-26T17:42:03","guid":{"rendered":"https:\/\/fedai.az\/?p=49471"},"modified":"2021-09-26T21:42:09","modified_gmt":"2021-09-26T17:42:09","slug":"ilham-%c9%99liyev-anim-gunu-il%c9%99-bagli-paylasim-etdi","status":"publish","type":"post","link":"https:\/\/fedai.az\/?p=49471","title":{"rendered":"\u0130lham \u018fliyev An\u0131m G\u00fcn\u00fc il\u0259 ba\u011fl\u0131 payla\u015f\u0131m etdi"},"content":{"rendered":"\n<p><strong>Az\u0259rbaycan Respublikas\u0131n\u0131n Prezidenti \u0130lham \u018fliyev 27 Sentyabr \u2013 An\u0131m G\u00fcn\u00fc il\u0259 ba\u011fl\u0131 payla\u015f\u0131m edib.<\/strong><\/p>\n\n\n\n<p>Fedai.az x\u0259b\u0259r verir ki, Ali Ba\u015f Komandan Az\u0259rbaycan Ordusunun h\u0259rbi qulluq\u00e7ular\u0131n\u0131n &#8212; X\u00fcsusi T\u0259yinatl\u0131 Q\u00fcvv\u0259l\u0259rin \u0259sg\u0259rl\u0259rinin \u015eu\u015faya girm\u0259sini \u00f6z\u00fcnd\u0259 \u0259ks etdir\u0259n fotonu &#171;Facebook\u201d profilind\u0259n payla\u015f\u0131b.<\/p>\n\n\n\n<figure class=\"wp-block-image size-large is-resized\"><img loading=\"lazy\" decoding=\"async\" src=\"https:\/\/fedai.az\/wp-content\/uploads\/2021\/09\/1632677774_243026682_422938572519260_2273959230185237999_n.jpg\" alt=\"\" class=\"wp-image-49472\" width=\"928\" height=\"928\" srcset=\"https:\/\/fedai.az\/wp-content\/uploads\/2021\/09\/1632677774_243026682_422938572519260_2273959230185237999_n.jpg 843w, https:\/\/fedai.az\/wp-content\/uploads\/2021\/09\/1632677774_243026682_422938572519260_2273959230185237999_n-300x300.jpg 300w, https:\/\/fedai.az\/wp-content\/uploads\/2021\/09\/1632677774_243026682_422938572519260_2273959230185237999_n-150x150.jpg 150w, https:\/\/fedai.az\/wp-content\/uploads\/2021\/09\/1632677774_243026682_422938572519260_2273959230185237999_n-768x768.jpg 768w, https:\/\/fedai.az\/wp-content\/uploads\/2021\/09\/1632677774_243026682_422938572519260_2273959230185237999_n-215x215.jpg 215w\" sizes=\"auto, (max-width: 928px) 100vw, 928px\" \/><\/figure>\n","protected":false},"excerpt":{"rendered":"<p>Az\u0259rbaycan Respublikas\u0131n\u0131n Prezidenti \u0130lham \u018fliyev 27 Sentyabr \u2013 An\u0131m G\u00fcn\u00fc il\u0259 ba\u011fl\u0131 payla\u015f\u0131m edib. Fedai.az x\u0259b\u0259r verir ki, Ali Ba\u015f Komandan Az\u0259rbaycan Ordusunun h\u0259rbi<\/p>\n","protected":false},"author":2,"featured_media":49473,"comment_status":"closed","ping_status":"closed","sticky":false,"template":"","format":"standard","meta":{"footnotes":""},"categories":[3],"tags":[],"class_list":["post-49471","post","type-post","status-publish","format-standard","has-post-thumbnail","hentry","category-gundm"],"aioseo_notices":[],"_links":{"self":[{"href":"https:\/\/fedai.az\/index.php?rest_route=\/wp\/v2\/posts\/49471","targetHints":{"allow":["GET"]}}],"collection":[{"href":"https:\/\/fedai.az\/index.php?rest_route=\/wp\/v2\/posts"}],"about":[{"href":"https:\/\/fedai.az\/index.php?rest_route=\/wp\/v2\/types\/post"}],"author":[{"embeddable":true,"href":"https:\/\/fedai.az\/index.php?rest_route=\/wp\/v2\/users\/2"}],"replies":[{"embeddable":true,"href":"https:\/\/fedai.az\/index.php?rest_route=%2Fwp%2Fv2%2Fcomments&post=49471"}],"version-history":[{"count":1,"href":"https:\/\/fedai.az\/index.php?rest_route=\/wp\/v2\/posts\/49471\/revisions"}],"predecessor-version":[{"id":49474,"href":"https:\/\/fedai.az\/index.php?rest_route=\/wp\/v2\/posts\/49471\/revisions\/49474"}],"wp:featuredmedia":[{"embeddable":true,"href":"https:\/\/fedai.az\/index.php?rest_route=\/wp\/v2\/media\/49473"}],"wp:attachment":[{"href":"https:\/\/fedai.az\/index.php?rest_route=%2Fwp%2Fv2%2Fmedia&parent=49471"}],"wp:term":[{"taxonomy":"category","embeddable":true,"href":"https:\/\/fedai.az\/index.php?rest_route=%2Fwp%2Fv2%2Fcategories&post=49471"},{"taxonomy":"post_tag","embeddable":true,"href":"https:\/\/fedai.az\/index.php?rest_route=%2Fwp%2Fv2%2Ftags&post=49471"}],"curies":[{"name":"wp","href":"https:\/\/api.w.org\/{rel}","templated":true}]}}