{"id":49475,"date":"2021-09-27T00:27:30","date_gmt":"2021-09-26T20:27:30","guid":{"rendered":"https:\/\/fedai.az\/?p=49475"},"modified":"2021-09-27T11:36:21","modified_gmt":"2021-09-27T07:36:21","slug":"1-il-onc%c9%99-v%c9%99t%c9%99n-muharib%c9%99si-bel%c9%99-basladi","status":"publish","type":"post","link":"https:\/\/fedai.az\/?p=49475","title":{"rendered":"1 il \u00f6nc\u0259 V\u0259t\u0259n m\u00fcharib\u0259si bel\u0259 ba\u015flad\u0131"},"content":{"rendered":"\n<p><strong>Bu g\u00fcn Az\u0259rbaycan\u0131n q\u0259l\u0259b\u0259si il\u0259 ba\u015fa \u00e7atan 44 g\u00fcnl\u00fck V\u0259t\u0259n M\u00fcharib\u0259sinin ba\u015flamas\u0131n\u0131n 1 ili tamam olur.<\/strong><\/p>\n\n\n\n<p><strong><a href=\"https:\/\/redaktor.az\/\" target=\"_blank\" rel=\"noreferrer noopener\">Redaktor.az<\/a>&nbsp;<\/strong>x\u0259b\u0259r verir ki, \u00f6t\u0259n ilin bug\u00fcnk\u00fc tarixind\u0259 Erm\u0259nistan silahl\u0131 q\u00fcvv\u0259l\u0259rinin b\u00f6lm\u0259l\u0259ri b\u00fct\u00fcn c\u0259bh\u0259 boyu geni\u015fmiqyasl\u0131 t\u0259xribat t\u00f6r\u0259dib. D\u00fc\u015fm\u0259nin ya\u015fay\u0131\u015f m\u0259nt\u0259q\u0259l\u0259rimizi d\u0259 at\u0259\u015f\u0259 tutmas\u0131 n\u0259tic\u0259sind\u0259 m\u00fclki v\u0259t\u0259nda\u015flar\u0131m\u0131z aras\u0131nda \u00f6l\u0259n v\u0259 yaralanan olub.<\/p>\n\n\n\n<p>Bundan sonra Ali Ba\u015f Komandan\u0131n g\u00f6st\u0259ri\u015fi il\u0259 c\u0259bh\u0259 boyu qo\u015funlar\u0131m\u0131z \u0259ks-h\u00fccum \u0259m\u0259liyyat\u0131na ba\u015flay\u0131b. Tezlikl\u0259 bir s\u0131ra \u0259razil\u0259rimiz i\u015f\u011faldan azad olunub.<\/p>\n\n\n\n<p>44 g\u00fcnl\u00fck V\u0259t\u0259n m\u00fcharib\u0259si sonda Erm\u0259nistan\u0131n kapitulyasiyas\u0131 il\u0259 n\u0259tic\u0259l\u0259nib. Noyabr\u0131n 10-da Az\u0259rbaycan Prezidenti \u0130lham \u018fliyev, Rusiya d\u00f6vl\u0259t ba\u015f\u00e7\u0131s\u0131 Vladimir Putin v\u0259 Erm\u0259nistan\u0131n Ba\u015f naziri Nikol Pa\u015finyan\u0131n i\u015ftirak\u0131 il\u0259 \u00fc\u00e7t\u0259r\u0259fli b\u0259yanat imzalan\u0131b. Bununla da ne\u00e7\u0259-ne\u00e7\u0259 igidimizin qan\u0131 hesab\u0131na 30 il\u0259 yax\u0131n m\u00fcdd\u0259td\u0259 i\u015f\u011fal alt\u0131nda qalan Qaraba\u011f torpaqlar\u0131 azad olunub.<\/p>\n\n\n\n<p>Bununla ba\u011fl\u0131 videonu t\u0259qdim edirik:<\/p>\n\n\n\n<p>M\u0259nb\u0259: Qafqazinfo<\/p>\n\n\n\n<figure class=\"wp-block-embed is-type-video is-provider-youtube wp-block-embed-youtube wp-embed-aspect-16-9 wp-has-aspect-ratio\"><div class=\"wp-block-embed__wrapper\">\n<iframe loading=\"lazy\" title=\"V\u0259t\u0259n M\u00fcharib\u0259si bel\u0259 ba\u015flad\u0131...\" width=\"715\" height=\"402\" src=\"https:\/\/www.youtube.com\/embed\/8XDHfwadPQ4?feature=oembed\" frameborder=\"0\" allow=\"accelerometer; autoplay; clipboard-write; encrypted-media; gyroscope; picture-in-picture\" allowfullscreen><\/iframe>\n<\/div><\/figure>\n","protected":false},"excerpt":{"rendered":"<p>Bu g\u00fcn Az\u0259rbaycan\u0131n q\u0259l\u0259b\u0259si il\u0259 ba\u015fa \u00e7atan 44 g\u00fcnl\u00fck V\u0259t\u0259n M\u00fcharib\u0259sinin ba\u015flamas\u0131n\u0131n 1 ili tamam olur. Redaktor.az&nbsp;x\u0259b\u0259r verir ki, \u00f6t\u0259n ilin bug\u00fcnk\u00fc tarixind\u0259 Erm\u0259nistan<\/p>\n","protected":false},"author":2,"featured_media":0,"comment_status":"closed","ping_status":"closed","sticky":false,"template":"","format":"standard","meta":{"footnotes":""},"categories":[4],"tags":[],"class_list":["post-49475","post","type-post","status-publish","format-standard","hentry","category-qarabag"],"aioseo_notices":[],"_links":{"self":[{"href":"https:\/\/fedai.az\/index.php?rest_route=\/wp\/v2\/posts\/49475","targetHints":{"allow":["GET"]}}],"collection":[{"href":"https:\/\/fedai.az\/index.php?rest_route=\/wp\/v2\/posts"}],"about":[{"href":"https:\/\/fedai.az\/index.php?rest_route=\/wp\/v2\/types\/post"}],"author":[{"embeddable":true,"href":"https:\/\/fedai.az\/index.php?rest_route=\/wp\/v2\/users\/2"}],"replies":[{"embeddable":true,"href":"https:\/\/fedai.az\/index.php?rest_route=%2Fwp%2Fv2%2Fcomments&post=49475"}],"version-history":[{"count":1,"href":"https:\/\/fedai.az\/index.php?rest_route=\/wp\/v2\/posts\/49475\/revisions"}],"predecessor-version":[{"id":49478,"href":"https:\/\/fedai.az\/index.php?rest_route=\/wp\/v2\/posts\/49475\/revisions\/49478"}],"wp:attachment":[{"href":"https:\/\/fedai.az\/index.php?rest_route=%2Fwp%2Fv2%2Fmedia&parent=49475"}],"wp:term":[{"taxonomy":"category","embeddable":true,"href":"https:\/\/fedai.az\/index.php?rest_route=%2Fwp%2Fv2%2Fcategories&post=49475"},{"taxonomy":"post_tag","embeddable":true,"href":"https:\/\/fedai.az\/index.php?rest_route=%2Fwp%2Fv2%2Ftags&post=49475"}],"curies":[{"name":"wp","href":"https:\/\/api.w.org\/{rel}","templated":true}]}}