{"id":49479,"date":"2021-09-27T01:25:07","date_gmt":"2021-09-26T21:25:07","guid":{"rendered":"https:\/\/fedai.az\/?p=49479"},"modified":"2021-09-27T01:25:11","modified_gmt":"2021-09-26T21:25:11","slug":"27-sentyabr-paytaxt-baki-s%c9%99h%c9%99rind%c9%99-anim-gunu-il%c9%99-bagli-n%c9%99qliyyatin-h%c9%99r%c9%99k%c9%99t-istiqam%c9%99tl%c9%99ri-d%c9%99yis%c9%99c%c9%99k","status":"publish","type":"post","link":"https:\/\/fedai.az\/?p=49479","title":{"rendered":"27 Sentyabr paytaxt Bak\u0131 \u015f\u0259h\u0259rind\u0259 An\u0131m G\u00fcn\u00fc il\u0259 ba\u011fl\u0131 n\u0259qliyyat\u0131n h\u0259r\u0259k\u0259t istiqam\u0259tl\u0259ri d\u0259yi\u015f\u0259c\u0259k"},"content":{"rendered":"\n<p><strong>27 Sentyabr paytaxt Bak\u0131 \u015f\u0259h\u0259rind\u0259 An\u0131m G\u00fcn\u00fc il\u0259 \u0259laq\u0259dar ke\u00e7iril\u0259c\u0259k t\u0259dbirl\u0259rd\u0259 t\u0259hl\u00fck\u0259sizliyin t\u0259min edilm\u0259si \u00fc\u00e7\u00fcn Neft\u00e7il\u0259r prospekti il\u0259 Azadl\u0131q meydan\u0131ndan A\u011f \u015e\u0259h\u0259r Bulvar\u0131 istiqam\u0259tind\u0259 k\u0259si\u015f\u0259n, biti\u015f\u0259n v\u0259 paralel olan k\u00fc\u00e7\u0259 v\u0259 prospektl\u0259rd\u0259 avtomobill\u0259rin h\u0259r\u0259k\u0259t istiqam\u0259ti d\u0259yi\u015fdiril\u0259c\u0259k.<\/strong><\/p>\n\n\n\n<p>Bunu Bak\u0131 \u015e\u0259h\u0259r D\u00f6vl\u0259t Yol Polisi \u0130dar\u0259sinin (B\u015eDYP\u0130) \u0130ctimaiyy\u0259tl\u0259 \u0259laq\u0259l\u0259r idar\u0259sinin r\u0259isi Vaqif \u018fs\u0259dov deyib.<\/p>\n\n\n\n<p>Bel\u0259 ki, s\u0259h\u0259r saat 06:30-dan 14:00-a q\u0259d\u0259r Afiy\u0259ddin C\u0259lilov, Yusif S\u0259f\u0259rov, \u00dczeyir Hac\u0131b\u0259yov, Z\u0259rif\u0259 \u018fliyeva, Pu\u015fkin, Rixard Zorge, K\u00f6vk\u0259b S\u0259f\u0259r\u0259liyeva, Niyazi v\u0259 Mehdi H\u00fcseyn k\u00fc\u00e7\u0259l\u0259ri, Azadl\u0131q v\u0259 Neft\u00e7il\u0259r prospektl\u0259ri, el\u0259c\u0259 d\u0259 Azneft meydan\u0131ndan avtomobill\u0259rin h\u0259r\u0259k\u0259tin\u0259 tam m\u0259hdudiyy\u0259t t\u0259tbiq edil\u0259c\u0259k.<\/p>\n\n\n\n<p>H\u0259m\u00e7inin Bak\u0131-Salyan yolunun 14-c\u00fc kilometrliyind\u0259n, Bay\u0131l v\u0259 20-ci sah\u0259 q\u0259s\u0259b\u0259l\u0259ri yan\u0131ndan is\u0259 avtomobill\u0259rin h\u0259r\u0259k\u0259t istiqam\u0259ti d\u0259yi\u015fdirilir.<\/p>\n\n\n\n<p>Saat 12:00-da \u00f6lk\u0259 \u00fczr\u0259 bir d\u0259qiq\u0259lik s\u00fckut elan edil\u0259c\u0259k.<\/p>\n","protected":false},"excerpt":{"rendered":"<p>27 Sentyabr paytaxt Bak\u0131 \u015f\u0259h\u0259rind\u0259 An\u0131m G\u00fcn\u00fc il\u0259 \u0259laq\u0259dar ke\u00e7iril\u0259c\u0259k t\u0259dbirl\u0259rd\u0259 t\u0259hl\u00fck\u0259sizliyin t\u0259min edilm\u0259si \u00fc\u00e7\u00fcn Neft\u00e7il\u0259r prospekti il\u0259 Azadl\u0131q meydan\u0131ndan A\u011f \u015e\u0259h\u0259r Bulvar\u0131 istiqam\u0259tind\u0259<\/p>\n","protected":false},"author":2,"featured_media":0,"comment_status":"closed","ping_status":"closed","sticky":false,"template":"","format":"standard","meta":{"footnotes":""},"categories":[3],"tags":[],"class_list":["post-49479","post","type-post","status-publish","format-standard","hentry","category-gundm"],"aioseo_notices":[],"_links":{"self":[{"href":"https:\/\/fedai.az\/index.php?rest_route=\/wp\/v2\/posts\/49479","targetHints":{"allow":["GET"]}}],"collection":[{"href":"https:\/\/fedai.az\/index.php?rest_route=\/wp\/v2\/posts"}],"about":[{"href":"https:\/\/fedai.az\/index.php?rest_route=\/wp\/v2\/types\/post"}],"author":[{"embeddable":true,"href":"https:\/\/fedai.az\/index.php?rest_route=\/wp\/v2\/users\/2"}],"replies":[{"embeddable":true,"href":"https:\/\/fedai.az\/index.php?rest_route=%2Fwp%2Fv2%2Fcomments&post=49479"}],"version-history":[{"count":1,"href":"https:\/\/fedai.az\/index.php?rest_route=\/wp\/v2\/posts\/49479\/revisions"}],"predecessor-version":[{"id":49482,"href":"https:\/\/fedai.az\/index.php?rest_route=\/wp\/v2\/posts\/49479\/revisions\/49482"}],"wp:attachment":[{"href":"https:\/\/fedai.az\/index.php?rest_route=%2Fwp%2Fv2%2Fmedia&parent=49479"}],"wp:term":[{"taxonomy":"category","embeddable":true,"href":"https:\/\/fedai.az\/index.php?rest_route=%2Fwp%2Fv2%2Fcategories&post=49479"},{"taxonomy":"post_tag","embeddable":true,"href":"https:\/\/fedai.az\/index.php?rest_route=%2Fwp%2Fv2%2Ftags&post=49479"}],"curies":[{"name":"wp","href":"https:\/\/api.w.org\/{rel}","templated":true}]}}