{"id":49507,"date":"2021-09-27T02:35:39","date_gmt":"2021-09-26T22:35:39","guid":{"rendered":"https:\/\/fedai.az\/?p=49507"},"modified":"2021-09-27T02:35:43","modified_gmt":"2021-09-26T22:35:43","slug":"%c9%99rdogan-g%c9%99l%c9%99n-il-teknofest-i-can-az%c9%99rbaycanda-t%c9%99skil-ed%c9%99c%c9%99yik","status":"publish","type":"post","link":"https:\/\/fedai.az\/?p=49507","title":{"rendered":"\u018frdo\u011fan: &#171;G\u0259l\u0259n il TEKNOFEST-i Can Az\u0259rbaycanda t\u0259\u015fkil ed\u0259c\u0259yik&#187;"},"content":{"rendered":"\n<p><strong>\u201cBu il d\u00f6rd\u00fcnc\u00fc d\u0259f\u0259 ke\u00e7iril\u0259n TEKNOFEST \u00f6lk\u0259miz\u0259 v\u0259 g\u0259l\u0259c\u0259yimizin qarant\u0131 olan g\u0259ncl\u0259rimiz\u0259 xeyirli-u\u011furlu olsun&#187;.<\/strong><\/p>\n\n\n\n<p>Bunu T\u00fcrkiy\u0259 Prezidenti R\u0259c\u0259b Tayyip \u018frdo\u011fan &#171;Twitter&#187; s\u0259hif\u0259si \u00fcz\u0259rind\u0259 yaz\u0131b.<\/p>\n\n\n\n<p>Prezident \u018frdo\u011fan eyni zamanda qeyd edib ki, g\u0259l\u0259n ild\u0259n ba\u015flayaraq TEKNOFEST beyn\u0259lxalq markaya \u00e7evril\u0259c\u0259k:&nbsp;<\/p>\n\n\n\n<p><strong>&#171;\u0130n\u015fallah g\u0259l\u0259n ild\u0259n etibar\u0259n TEKNOFEST-i beyn\u0259lxalq markaya \u00e7evir\u0259c\u0259k, Can Az\u0259rbaycandan ba\u015flayaraq dost v\u0259 m\u00fctt\u0259fiq \u00f6lk\u0259l\u0259rd\u0259 t\u0259\u015fkil ed\u0259c\u0259yik&#187;.<\/strong><\/p>\n\n\n\n<figure class=\"wp-block-image size-large is-resized\"><img loading=\"lazy\" decoding=\"async\" src=\"https:\/\/fedai.az\/wp-content\/uploads\/2021\/09\/1632673865_83e91fdd-008e-494e-9ac2-bb96affd039c.jpg\" alt=\"\" class=\"wp-image-49508\" width=\"922\" height=\"1306\" srcset=\"https:\/\/fedai.az\/wp-content\/uploads\/2021\/09\/1632673865_83e91fdd-008e-494e-9ac2-bb96affd039c.jpg 576w, https:\/\/fedai.az\/wp-content\/uploads\/2021\/09\/1632673865_83e91fdd-008e-494e-9ac2-bb96affd039c-212x300.jpg 212w, https:\/\/fedai.az\/wp-content\/uploads\/2021\/09\/1632673865_83e91fdd-008e-494e-9ac2-bb96affd039c-106x150.jpg 106w\" sizes=\"auto, (max-width: 922px) 100vw, 922px\" \/><\/figure>\n","protected":false},"excerpt":{"rendered":"<p>\u201cBu il d\u00f6rd\u00fcnc\u00fc d\u0259f\u0259 ke\u00e7iril\u0259n TEKNOFEST \u00f6lk\u0259miz\u0259 v\u0259 g\u0259l\u0259c\u0259yimizin qarant\u0131 olan g\u0259ncl\u0259rimiz\u0259 xeyirli-u\u011furlu olsun&#187;. Bunu T\u00fcrkiy\u0259 Prezidenti R\u0259c\u0259b Tayyip \u018frdo\u011fan &#171;Twitter&#187; s\u0259hif\u0259si \u00fcz\u0259rind\u0259 yaz\u0131b.<\/p>\n","protected":false},"author":2,"featured_media":49509,"comment_status":"closed","ping_status":"closed","sticky":false,"template":"","format":"standard","meta":{"footnotes":""},"categories":[12],"tags":[],"class_list":["post-49507","post","type-post","status-publish","format-standard","has-post-thumbnail","hentry","category-sosial"],"aioseo_notices":[],"_links":{"self":[{"href":"https:\/\/fedai.az\/index.php?rest_route=\/wp\/v2\/posts\/49507","targetHints":{"allow":["GET"]}}],"collection":[{"href":"https:\/\/fedai.az\/index.php?rest_route=\/wp\/v2\/posts"}],"about":[{"href":"https:\/\/fedai.az\/index.php?rest_route=\/wp\/v2\/types\/post"}],"author":[{"embeddable":true,"href":"https:\/\/fedai.az\/index.php?rest_route=\/wp\/v2\/users\/2"}],"replies":[{"embeddable":true,"href":"https:\/\/fedai.az\/index.php?rest_route=%2Fwp%2Fv2%2Fcomments&post=49507"}],"version-history":[{"count":1,"href":"https:\/\/fedai.az\/index.php?rest_route=\/wp\/v2\/posts\/49507\/revisions"}],"predecessor-version":[{"id":49510,"href":"https:\/\/fedai.az\/index.php?rest_route=\/wp\/v2\/posts\/49507\/revisions\/49510"}],"wp:featuredmedia":[{"embeddable":true,"href":"https:\/\/fedai.az\/index.php?rest_route=\/wp\/v2\/media\/49509"}],"wp:attachment":[{"href":"https:\/\/fedai.az\/index.php?rest_route=%2Fwp%2Fv2%2Fmedia&parent=49507"}],"wp:term":[{"taxonomy":"category","embeddable":true,"href":"https:\/\/fedai.az\/index.php?rest_route=%2Fwp%2Fv2%2Fcategories&post=49507"},{"taxonomy":"post_tag","embeddable":true,"href":"https:\/\/fedai.az\/index.php?rest_route=%2Fwp%2Fv2%2Ftags&post=49507"}],"curies":[{"name":"wp","href":"https:\/\/api.w.org\/{rel}","templated":true}]}}