{"id":49513,"date":"2021-09-27T02:57:51","date_gmt":"2021-09-26T22:57:51","guid":{"rendered":"https:\/\/fedai.az\/?p=49513"},"modified":"2021-09-27T02:57:56","modified_gmt":"2021-09-26T22:57:56","slug":"t%c9%99brik-m%c9%99mm%c9%99dzad%c9%99-faiq-k%c9%99rim-oglu-66","status":"publish","type":"post","link":"https:\/\/fedai.az\/?p=49513","title":{"rendered":"T\u018fBR\u0130K: M\u018fMM\u018fDZAD\u018f FA\u0130Q  K\u018fR\u0130M O\u011eLU &#8212; 66"},"content":{"rendered":"\n<p><strong>\u00a0\u00a0\u00a0 <span class=\"has-inline-color has-vivid-red-color\">H\u0259mi\u015f\u0259 m\u00fcq\u0259dd\u0259s pe\u015f\u0259sin\u0259 lay\u0131q, y\u00fcks\u0259k i\u015f qabiliyy\u0259tl\u0259ri il\u0259 f\u0259rql\u0259n\u0259n, f\u0259dakarl\u0131\u011f\u0131 ,q\u0259hramanl\u0131\u011f\u0131 il\u0259 v\u0259t\u0259nda\u015fl\u0131\u011f\u0131n \u0259sas meyar\u0131 hesab ed\u0259n,\u00a0 c\u0259fake\u015f h\u0259kiml\u0259rmizd\u0259n\u00a0 biri olan m\u00fcharib\u0259 veteran\u0131, ehtiyyatda olan\u00a0 tibb xidm\u0259ti polkovnik &#8212; leytenant\u0131 M\u0259mm\u0259dzad\u0259 Faiq K\u0259rim o\u011flunun\u00a0 28 sentyabr 66 ya\u015f\u0131 tamam olur.<\/span><\/strong><\/p>\n\n\n\n<p><strong>\u00a0\u00a0\u00a0\u00a0 Bu g\u00fcn m\u00fcnasib\u0259til\u0259 AVMV\u0130B r\u0259hb\u0259rliyi v\u0259 Az\u0259rbaycan V\u0259t\u0259n M\u00fcharib\u0259si Veteranlar\u0131 \u0130ctimai Birliyinin s\u0259dr m\u00fcavini polkovnik Salman Musayev ehtiyyatda olan tibbi xidm\u0259ti polkovnik-leytenant\u0131 Faiq M\u0259mm\u0259dzad\u0259ni do\u011fum g\u00fcn\u00fc m\u00fcnasib\u0259til\u0259 s\u0259mimi q\u0259lbd\u0259n t\u0259brik edir, ona h\u0259yatda insan \u00fc\u00e7\u00fcn \u0259n \u015firin nem\u0259t olan m\u00f6hk\u0259m can sa\u011fl\u0131\u011f\u0131 v\u0259 h\u0259yat yollar\u0131nda bitib &#8212; t\u00fck\u0259nm\u0259y\u0259n nailiyy\u0259tl\u0259r arzulay\u0131r.<\/strong><\/p>\n\n\n\n<p><strong>\u00a0\u00a0\u00a0\u00a0 Qoy ya\u015f\u0131n\u0131n \u00fcst\u0259 g\u0259l\u0259n bu ya\u015f ona sevinc dolu g\u00fcnl\u0259r b\u0259x\u015f etsin, h\u0259r yeni g\u00fcn\u00fc is\u0259 \u00f6t\u0259n g\u00fcnl\u0259rd\u0259n daha g\u00f6z\u0259l ist\u0259kl\u0259rin\u0259 uy\u011fun onu xo\u015fb\u0259xt ed\u0259c\u0259k \u015f\u0259kild\u0259 ke\u00e7sin. Amin!<\/strong><\/p>\n\n\n\n<figure class=\"wp-block-gallery columns-2 is-cropped wp-block-gallery-1 is-layout-flex wp-block-gallery-is-layout-flex\"><ul class=\"blocks-gallery-grid\"><li class=\"blocks-gallery-item\"><figure><img loading=\"lazy\" decoding=\"async\" width=\"708\" height=\"1024\" src=\"https:\/\/fedai.az\/wp-content\/uploads\/2021\/09\/IMG-20210926-WA0000-708x1024.jpg\" alt=\"\" data-id=\"49514\" data-link=\"https:\/\/fedai.az\/?attachment_id=49514\" class=\"wp-image-49514\" srcset=\"https:\/\/fedai.az\/wp-content\/uploads\/2021\/09\/IMG-20210926-WA0000-708x1024.jpg 708w, https:\/\/fedai.az\/wp-content\/uploads\/2021\/09\/IMG-20210926-WA0000-208x300.jpg 208w, https:\/\/fedai.az\/wp-content\/uploads\/2021\/09\/IMG-20210926-WA0000-104x150.jpg 104w, https:\/\/fedai.az\/wp-content\/uploads\/2021\/09\/IMG-20210926-WA0000-768x1110.jpg 768w, https:\/\/fedai.az\/wp-content\/uploads\/2021\/09\/IMG-20210926-WA0000-1063x1536.jpg 1063w, https:\/\/fedai.az\/wp-content\/uploads\/2021\/09\/IMG-20210926-WA0000.jpg 1107w\" sizes=\"auto, (max-width: 708px) 100vw, 708px\" \/><\/figure><\/li><li class=\"blocks-gallery-item\"><figure><img loading=\"lazy\" decoding=\"async\" width=\"401\" height=\"593\" src=\"https:\/\/fedai.az\/wp-content\/uploads\/2021\/09\/20210926_231039.jpg\" alt=\"\" data-id=\"49515\" data-full-url=\"https:\/\/fedai.az\/wp-content\/uploads\/2021\/09\/20210926_231039.jpg\" data-link=\"https:\/\/fedai.az\/?attachment_id=49515\" class=\"wp-image-49515\" srcset=\"https:\/\/fedai.az\/wp-content\/uploads\/2021\/09\/20210926_231039.jpg 401w, https:\/\/fedai.az\/wp-content\/uploads\/2021\/09\/20210926_231039-203x300.jpg 203w, https:\/\/fedai.az\/wp-content\/uploads\/2021\/09\/20210926_231039-101x150.jpg 101w\" sizes=\"auto, (max-width: 401px) 100vw, 401px\" \/><\/figure><\/li><\/ul><\/figure>\n\n\n\n<p>\u00a0\u00a0 T\u0131bb xidm\u0259ti polkovnik- leytenant\u0131\u00a0 Faiq M\u0259mm\u0259dzad\u0259 28 sentyabr 1955-ci ild\u0259\u00a0 Baki \u015f\u0259h\u0259rind\u0259 h\u0259rbi h\u0259kim ail\u0259sind\u0259 anadan olub. Atas\u0131 h\u0259rbi h\u0259kim mayor\u00a0K\u0259rim \u00a0H\u00fcseyinqulu o\u011flu\u00a0\u0130kinci\u00a0 D\u00fcnya m\u00fcharib\u0259si i\u015ftirak\u00e7\u0131s\u0131 olub.<\/p>\n\n\n\n<p>\u00a0O, 1962 -ci ild\u0259 Baki \u015f\u0259h\u0259rind\u0259 orta m\u0259kt\u0259bin birinci sinfin\u0259 getmi\u015f, 1972 -ci ild\u0259 h\u0259min orta m\u0259kt\u0259bi bitirdikd\u0259n sonra Az\u0259rbaycan D\u00f6vl\u0259t Tibb \u0130nstitutunun m\u00fcalic\u0259- profilaktika fak\u00fclt\u0259sin\u0259 daxil olmu\u015f,\u00a0 1979-cu ild\u0259 h\u0259min \u0130nstitutu bitirmi\u015fdir.<\/p>\n\n\n\n<p>&nbsp;&nbsp;&nbsp; Faiq M\u0259mm\u0259dzad\u0259 Az\u0259rbaycan D\u00f6vl\u0259t Tibb \u0130nstitunu bitrdikd\u0259n sonra 1991-ci ilin dekabr ayna kimi Daxili \u0130\u015fl\u0259r Nazirliyinin \u0130\u015flah-\u018fm\u0259k M\u00fc\u0259s\u0259si \u0130dar\u0259sind\u0259 h\u0259kim, 1992-ci ilin yanvar ayindan &#8212; 1994-c\u00fc ilin dekabr ay\u0131na kimi X\u00fcsusi D\u00f6vl\u0259t M\u00fchafiz\u0259 Xidm\u0259tind\u0259 tibb xidm\u0259ti r\u0259isi, 1995 -ci ilin&nbsp; yanvar ay\u0131ndan &#8212; 2003-c\u00fc ilin dekabr ay\u0131na kimi&nbsp; Daxili \u0130\u015fl\u0259r Nazirliyinin Daxili Qo\u015funlar\u0131n\u0131n Ba\u015f \u0130dar\u0259sinin tibb \u015f\u00f6b\u0259sind\u0259 ba\u015f zabit v\u0259zif\u0259l\u0259rind\u0259 xidm\u0259t etmi\u015fdir.<\/p>\n\n\n\n<p>&nbsp;&nbsp;&nbsp; Az\u0259rbaycan Respublikas\u0131 Konstitusiyas\u0131na v\u0259 qanunlar\u0131na, h\u0259rbi and\u0131n, h\u0259rbi nizam\u0259l\u0259rin,direktivl\u0259rin, t\u0259limatlar\u0131n, \u0259sanam\u0259 v\u0259 \u0259mirl\u0259rin&nbsp; t\u0259l\u0259bl\u0259rin\u0259 v\u0259 v\u0259zif\u0259 borcuna \u0259m\u0259l etm\u0259kd\u0259 bir cox zabitl\u0259r\u0259 v\u0259 h\u0259rbi h\u0259kiml\u0259r\u0259 n\u00fcmn\u0259 olaraq V\u0259t\u0259n\u0259, D\u00f6vl\u0259t\u0259 v\u0259 xalqa s\u0259daq\u0259tl\u0259 xidm\u0259t etmi\u015fdir. Hippokrat and\u0131 i\u00e7\u0259n Faiq&nbsp; H\u0259kim&nbsp; o anda sona q\u0259d\u0259r sadiq qalaraq ona h\u0259val\u0259 edilmi\u015f v\u0259zif\u0259 v\u0259 tap\u015f\u0131r\u0131qlar\u0131 m\u0259suliyy\u0259t v\u0259 \u015f\u0259r\u0259f hissi il\u0259 yer\u0131n\u0259 yetirmi\u015fdir.<\/p>\n\n\n\n<figure class=\"wp-block-gallery columns-2 is-cropped wp-block-gallery-2 is-layout-flex wp-block-gallery-is-layout-flex\"><ul class=\"blocks-gallery-grid\"><li class=\"blocks-gallery-item\"><figure><img loading=\"lazy\" decoding=\"async\" width=\"350\" height=\"373\" src=\"https:\/\/fedai.az\/wp-content\/uploads\/2021\/09\/20210926_090518.jpg\" alt=\"\" data-id=\"49516\" data-link=\"https:\/\/fedai.az\/?attachment_id=49516\" class=\"wp-image-49516\" srcset=\"https:\/\/fedai.az\/wp-content\/uploads\/2021\/09\/20210926_090518.jpg 350w, https:\/\/fedai.az\/wp-content\/uploads\/2021\/09\/20210926_090518-282x300.jpg 282w, https:\/\/fedai.az\/wp-content\/uploads\/2021\/09\/20210926_090518-141x150.jpg 141w\" sizes=\"auto, (max-width: 350px) 100vw, 350px\" \/><\/figure><\/li><li class=\"blocks-gallery-item\"><figure><img loading=\"lazy\" decoding=\"async\" width=\"974\" height=\"1024\" src=\"https:\/\/fedai.az\/wp-content\/uploads\/2021\/09\/20210926_231224-974x1024.jpg\" alt=\"\" data-id=\"49517\" data-full-url=\"https:\/\/fedai.az\/wp-content\/uploads\/2021\/09\/20210926_231224.jpg\" data-link=\"https:\/\/fedai.az\/?attachment_id=49517\" class=\"wp-image-49517\" srcset=\"https:\/\/fedai.az\/wp-content\/uploads\/2021\/09\/20210926_231224-974x1024.jpg 974w, https:\/\/fedai.az\/wp-content\/uploads\/2021\/09\/20210926_231224-285x300.jpg 285w, https:\/\/fedai.az\/wp-content\/uploads\/2021\/09\/20210926_231224-143x150.jpg 143w, https:\/\/fedai.az\/wp-content\/uploads\/2021\/09\/20210926_231224-768x808.jpg 768w, https:\/\/fedai.az\/wp-content\/uploads\/2021\/09\/20210926_231224.jpg 1080w\" sizes=\"auto, (max-width: 974px) 100vw, 974px\" \/><\/figure><\/li><\/ul><\/figure>\n\n\n\n<p>\u00a0\u00a0\u00a0 O,Az\u0259rbaycan Respublikas\u0131n\u0131n Silahl\u0131 Q\u00fcvv\u0259l\u0259rinin ilk t\u0259m\u0259linin qoyulmas\u0131nda i\u015ftirak ed\u0259r\u0259k,\u00a0 X\u00fcsusi D\u00f6vl\u0259t M\u00fchafiz\u0259sinin tibb xidm\u0259ti r\u0259isi,Daxili Qo\u015funlar\u0131n Bas \u0130dar\u0259sinin tibb \u015f\u00f6b\u0259sinin is\u0259\u00a0 ba\u015f zabiti kimi v\u0259zif\u0259 v\u0259 pe\u015f\u0259 borcunu s\u0259daq\u0259tl\u0259 h\u0259yata ke\u00e7irmi\u015fdir.O,ordu quruculu\u011funun erk\u0259n vaxtlar\u0131nda coxlu z\u0259hm\u0259t t\u0259l\u0259b olunan bu sah\u0259d\u0259n \u00f6z bilik v\u0259 ba\u00e7ar\u0131\u011fn\u0131 \u0259sirg\u0259m\u0259mi\u015fdir. <\/p>\n\n\n\n<p>V\u0259t\u0259nin ona olan etimad\u0131n\u0131 layiqinc\u0259 do\u011frulda bilmi\u015fdir. Bel\u0259 ki,Qubadl\u0131 rayonunun \u0259r\u0259zi b\u00fct\u00f6vl\u00fcy\u00fc u\u011frunda ged\u0259n d\u00f6y\u00fc\u015fl\u0259rd\u0259 \u015f\u0259xsi hey\u0259tin sa\u011flaml\u0131\u011fn\u0131 t\u0259min ed\u0259r\u0259k, \u0259n a\u011f\u0131r m\u0259qam\u0131nda haray\u0131na catm\u0131\u015f, h\u0259tta \u00f6l\u00fcm\u00fcn p\u0259nc\u0259sind\u0259n bel\u0259 xilas etmi\u015fdir. \u00d6n m\u00f6vqed\u0259 silahda\u015flar\u0131 il\u0259 birg\u0259 d\u00fc\u015fm\u0259n\u0259 qar\u015f\u0131 m\u00fcbariz\u0259d\u0259 yax\u0131ndan i\u015ftirak ed\u0259n Faiq h\u0259kim, \u0259n \u00e7ox\u00a0 vur\u011funu oldu\u011fu pe\u015f\u0259sin\u0259 ba\u011fl\u0131d\u0131r.<\/p>\n\n\n\n<figure class=\"wp-block-gallery columns-2 is-cropped wp-block-gallery-3 is-layout-flex wp-block-gallery-is-layout-flex\"><ul class=\"blocks-gallery-grid\"><li class=\"blocks-gallery-item\"><figure><img loading=\"lazy\" decoding=\"async\" width=\"1002\" height=\"1024\" src=\"https:\/\/fedai.az\/wp-content\/uploads\/2021\/09\/20210926_231159-1002x1024.jpg\" alt=\"\" data-id=\"49518\" data-link=\"https:\/\/fedai.az\/?attachment_id=49518\" class=\"wp-image-49518\" srcset=\"https:\/\/fedai.az\/wp-content\/uploads\/2021\/09\/20210926_231159-1002x1024.jpg 1002w, https:\/\/fedai.az\/wp-content\/uploads\/2021\/09\/20210926_231159-294x300.jpg 294w, https:\/\/fedai.az\/wp-content\/uploads\/2021\/09\/20210926_231159-147x150.jpg 147w, https:\/\/fedai.az\/wp-content\/uploads\/2021\/09\/20210926_231159-768x785.jpg 768w, https:\/\/fedai.az\/wp-content\/uploads\/2021\/09\/20210926_231159.jpg 1005w\" sizes=\"auto, (max-width: 1002px) 100vw, 1002px\" \/><\/figure><\/li><li class=\"blocks-gallery-item\"><figure><img loading=\"lazy\" decoding=\"async\" width=\"280\" height=\"274\" src=\"https:\/\/fedai.az\/wp-content\/uploads\/2021\/09\/20210926_090328.jpg\" alt=\"\" data-id=\"49519\" data-full-url=\"https:\/\/fedai.az\/wp-content\/uploads\/2021\/09\/20210926_090328.jpg\" data-link=\"https:\/\/fedai.az\/?attachment_id=49519\" class=\"wp-image-49519\" srcset=\"https:\/\/fedai.az\/wp-content\/uploads\/2021\/09\/20210926_090328.jpg 280w, https:\/\/fedai.az\/wp-content\/uploads\/2021\/09\/20210926_090328-150x147.jpg 150w\" sizes=\"auto, (max-width: 280px) 100vw, 280px\" \/><\/figure><\/li><\/ul><\/figure>\n\n\n\n<p>&nbsp;&nbsp;&nbsp; Az\u0259rbaycan Respublikas\u0131nda ictimai qaydan\u0131n v\u0259 ictimai t\u0259hl\u00fck\u0259sizliyin qorunmasnda, m\u00fct\u0259\u015f\u0259kkil cinay\u0259tkarl\u0131\u011fa qar\u015f\u0131 m\u00fcbariz\u0259d\u0259, terror\u00e7\u00fclu\u011fa v\u0259 dig\u0259r t\u0259hl\u00fck\u0259li cinay\u0259tl\u0259r\u0259 qar\u015f\u0131 m\u00fcbariz\u0259d\u0259, qanunsuz silahl\u0131 d\u0259st\u0259l\u0259rin z\u0259r\u0259rsizl\u0259\u015fdirilm\u0259sind\u0259, \u015f\u0259h\u0259rd\u0259 v\u0259 ya\u015fay\u0131\u015f&nbsp; m\u0259nt\u0259q\u0259l\u0259rind\u0259,&nbsp; c\u0259za\u00e7\u0259km\u0259 m\u00fc\u0259ssis\u0259l\u0259rind\u0259 ba\u015f vermi\u015f k\u00fctl\u0259vi&nbsp; ixt\u015fa\u015flar\u0131n qar\u015fls\u0131n\u0131n al\u0131nmas\u0131nda,&nbsp;&nbsp;&nbsp; F\u00f6vqal\u0259d\u0259 v\u0259ziy\u0259t zaman\u0131 h\u00fcquqi rejim karantin t\u0259dbirl\u0259rinin h\u0259yata ke\u00e7irilm\u0259sind\u0259 ona v\u0259&nbsp; tibb \u015f\u00f6b\u0259sin\u0259 h\u0259v\u0259l\u0259 edilmis v\u0259zif\u0259 v\u0259 tap\u015f\u0131r\u0131qlar\u0131n \u00f6ht\u0259sind\u0259n&nbsp; layiqinc\u0259&nbsp; g\u0259lmi\u015fdir<\/p>\n\n\n\n<p>T\u0131bb xidm\u0259i polkovnik- leytenant\u0131 Faiq M\u0259mm\u0259dzad\u0259 h\u0259rbi xidm\u0259ti v\u0259zif\u0259l\u0259rinin icras\u0131 zaman\u0131 y\u00fcks\u0259k m\u0259n\u0259vi-d\u00f6y\u00fc\u015f keyfiyy\u0259tl\u0259ri g\u00f6st\u0259rdiyin\u0259, d\u00f6y\u00fc\u015f v\u0259 ictimai s\u0131yas\u0131 haz\u0131rl\u0131\u011f\u0131nda, h\u0259rbi ninzam\u0131n m\u00f6hk\u0259ml\u0259ndirilm\u0259sind\u0259,y\u00fcks\u0259k g\u00f6ct\u0259ricil\u0259r\u0259 nail oldu\u011funa, n\u00fcmn\u0259vi xidm\u0259t v\u0259 h\u0259rbi v\u0259zif\u0259l\u0259rinin yerin\u0259 yetirilm\u0259sin\u0259 m\u0259suliyy\u0259tl\u0259 yan\u015fd\u0131\u011fna g\u00f6r\u0259 Daxili \u0130\u015fl\u0259r Nazirinin, X\u00fcsusi D\u00f6vl\u0259t M\u00fchafiz\u0259 Xidm\u0259tinin r\u0259isinin, Daxili Qo\u015funlar Komandan\u0131n v\u0259 onun m\u00fcavinl\u0259rinin,Daxili Qo\u015funlar\u0131n Ba\u015f idar\u0259sinin&nbsp; tibb \u015f\u00f6b\u0259 r\u0259isinin m\u00fcvafiq \u0259mrl\u0259ri h\u0259v\u0259sl\u0259ndirm\u0259 qaydas\u0131nda bir sira medalarla, d\u00f6y\u00fc\u015f v\u0259 yubiley ni\u015fanlar\u0131 il\u0259, pul m\u00fckafatlar\u0131 il\u0259, f\u0259xri f\u0259rmanlala v\u0259&nbsp; qiym\u0259tli h\u0259diyy\u0259l\u0259rl\u0259 m\u00fckafatland\u0131rl\u0131b v\u0259 ona t\u0259\u015f\u0259kk\u00fcr elan edilib.<\/p>\n\n\n\n<figure class=\"wp-block-gallery columns-2 is-cropped wp-block-gallery-4 is-layout-flex wp-block-gallery-is-layout-flex\"><ul class=\"blocks-gallery-grid\"><li class=\"blocks-gallery-item\"><figure><img loading=\"lazy\" decoding=\"async\" width=\"1024\" height=\"693\" src=\"https:\/\/fedai.az\/wp-content\/uploads\/2021\/09\/20210926_090427-1024x693.jpg\" alt=\"\" data-id=\"49520\" data-link=\"https:\/\/fedai.az\/?attachment_id=49520\" class=\"wp-image-49520\" srcset=\"https:\/\/fedai.az\/wp-content\/uploads\/2021\/09\/20210926_090427-1024x693.jpg 1024w, https:\/\/fedai.az\/wp-content\/uploads\/2021\/09\/20210926_090427-300x203.jpg 300w, https:\/\/fedai.az\/wp-content\/uploads\/2021\/09\/20210926_090427-150x102.jpg 150w, https:\/\/fedai.az\/wp-content\/uploads\/2021\/09\/20210926_090427-768x520.jpg 768w, https:\/\/fedai.az\/wp-content\/uploads\/2021\/09\/20210926_090427.jpg 1080w\" sizes=\"auto, (max-width: 1024px) 100vw, 1024px\" \/><\/figure><\/li><li class=\"blocks-gallery-item\"><figure><img loading=\"lazy\" decoding=\"async\" width=\"703\" height=\"1024\" src=\"https:\/\/fedai.az\/wp-content\/uploads\/2021\/09\/20210926_090709-703x1024.jpg\" alt=\"\" data-id=\"49521\" data-full-url=\"https:\/\/fedai.az\/wp-content\/uploads\/2021\/09\/20210926_090709.jpg\" data-link=\"https:\/\/fedai.az\/?attachment_id=49521\" class=\"wp-image-49521\" srcset=\"https:\/\/fedai.az\/wp-content\/uploads\/2021\/09\/20210926_090709-703x1024.jpg 703w, https:\/\/fedai.az\/wp-content\/uploads\/2021\/09\/20210926_090709-206x300.jpg 206w, https:\/\/fedai.az\/wp-content\/uploads\/2021\/09\/20210926_090709-103x150.jpg 103w, https:\/\/fedai.az\/wp-content\/uploads\/2021\/09\/20210926_090709.jpg 714w\" sizes=\"auto, (max-width: 703px) 100vw, 703px\" \/><\/figure><\/li><\/ul><\/figure>\n\n\n\n<p>&nbsp; Faiq h\u0259kim qorxmaz, insanp\u0259rv\u0259r, saxav\u0259tli, \u0259lia\u00e7\u0131q, v\u0259fal\u0131 z\u0259hm\u0259tke\u015f&nbsp; h\u0259kimdir. O ist\u0259r t\u0259hsil ald\u0131g\u0131&nbsp; orta v\u0259 ali t\u0259hsil m\u00fc\u0259ssis\u0259l\u0259rind\u0259, ist\u0259rs\u0259- d\u0259 xidm\u0259t etdiyi v\u0259 i\u015fl\u0259diyi kolektivl\u0259rd\u0259, dost-tan\u0131\u015f qohum-\u0259qr\u0259b aras\u0131nda \u00f6z\u00fcn\u0259 layiq h\u00f6rm\u0259t qazanm\u0131\u015fd\u0131r.<\/p>\n\n\n\n<p>&nbsp;&nbsp; <strong>Faiq M\u0259mm\u0259dzad\u0259 Pe\u015f\u0259karl\u0131\u011f\u0131 v\u0259 humanistliyi il\u0259 se\u00e7il\u0259n \u00f6mr\u00fcn\u00fcn&nbsp; \u0259n m\u0259hsuldar d\u00f6vr\u00fcn\u00fcn&nbsp; 42 ild\u0259n cox \u015f\u0259r\u0259fli xidm\u0259t yolunun&nbsp; iyrimi d\u00f6rd ilini Daxili \u0130\u015fl\u0259r Orqanlar\u0131n, X\u00fcsusi D\u00f6vl\u0259t M\u00fchafiz\u0259 Xidm\u0259tinin v\u0259 Daxili Qo\u015funlar\u0131n Bas \u0130dar\u0259sinin tibb xidm\u0259tl\u0259rind\u0259 kecirib,&nbsp;&nbsp; on s\u0259kkiz ilini is\u0259 MEDERA hospildada&nbsp; kecirir.<\/strong><\/p>\n\n\n\n<figure class=\"wp-block-image size-large\"><img loading=\"lazy\" decoding=\"async\" width=\"1024\" height=\"641\" src=\"https:\/\/fedai.az\/wp-content\/uploads\/2021\/09\/20210926_231346-1024x641.jpg\" alt=\"\" class=\"wp-image-49523\" srcset=\"https:\/\/fedai.az\/wp-content\/uploads\/2021\/09\/20210926_231346-1024x641.jpg 1024w, https:\/\/fedai.az\/wp-content\/uploads\/2021\/09\/20210926_231346-300x188.jpg 300w, https:\/\/fedai.az\/wp-content\/uploads\/2021\/09\/20210926_231346-150x94.jpg 150w, https:\/\/fedai.az\/wp-content\/uploads\/2021\/09\/20210926_231346-768x481.jpg 768w, https:\/\/fedai.az\/wp-content\/uploads\/2021\/09\/20210926_231346-115x73.jpg 115w, https:\/\/fedai.az\/wp-content\/uploads\/2021\/09\/20210926_231346.jpg 1080w\" sizes=\"auto, (max-width: 1024px) 100vw, 1024px\" \/><\/figure>\n\n\n\n<p>&nbsp; Y\u00fcks\u0259k insan\u0131 keyfiyy\u0259tl\u0259r\u0259 v\u0259 kamil h\u0259kimlik pe\u015f\u0259sin\u0259 qadir Faiq h\u0259kim sa\u011flaml\u0131q b\u0259x\u015f etdiyi insanlar\u0131n \u00f6mrund\u0259 v\u0259 \u015f\u0259r\u0259fli h\u0259kim pe\u015f\u0259sinin tarixind\u0259 ya\u015fayacaq.<\/p>\n\n\n\n<p><strong>DO\u011eUM G\u00dcN\u00dcN M\u00dcBAR\u018fK OLSUN FA\u0130Q H\u018fK\u0130M!<\/strong><\/p>\n\n\n\n<p><strong>B\u0130R \u0130L DAHA B\u0130TD\u0130, AMMA HEC VAXT K\u018fD\u018fRL\u018fNM\u018f\u00a0 ZAMAN TEZ KEC\u0130R DEY\u018f&#8230;UNUTMA K\u0130 H\u018fR\u00a0 K\u018fS EYN\u0130 \u015eEY\u0130 YA\u015eAYIR.BU \u0130LIN SONUNDA GERIY\u018f BAXDIG\u0130NDA \u00dcM\u00dcD ED\u0130R\u018fM B\u0130R &#171;M\u00d6C\u00dcZ\u018f\u00a0 \u0130LD\u0130 &#187; DEY\u018fRS\u018fN&#8230;B\u00dcTT\u00dcN ARZULARLNININ REALLA\u015eMASI D\u0130L\u018fY\u0130ML\u018f&#8230; NE\u00c7\u018f BEL\u018f XO\u015eB\u018fXT \u0130LL\u018fR\u018f&#8230;<\/strong><\/p>\n\n\n\n<p><strong>D\u0259rin h\u00f6rm\u0259tl\u0259, Az\u0259rbaycan V\u0259t\u0259n M\u00fcharib\u0259si Veteranlar\u0131 \u0130ctimai Birliyinin s\u0259dr m\u00fcavini polkovnik Salman Musayev<\/strong><\/p>\n\n\n\n<figure class=\"wp-block-gallery columns-2 is-cropped wp-block-gallery-5 is-layout-flex wp-block-gallery-is-layout-flex\"><ul class=\"blocks-gallery-grid\"><li class=\"blocks-gallery-item\"><figure><img decoding=\"async\" src=\"https:\/\/fedai.az\/wp-content\/uploads\/2021\/09\/8265a327389da9fe4fdc2714b309120e-1-7.jpg\" alt=\"\" data-id=\"49202\" data-full-url=\"https:\/\/fedai.az\/wp-content\/uploads\/2021\/09\/8265a327389da9fe4fdc2714b309120e-1-7.jpg\" data-link=\"https:\/\/fedai.az\/?attachment_id=49202\" class=\"wp-image-49202\"\/><\/figure><\/li><li class=\"blocks-gallery-item\"><figure><img loading=\"lazy\" decoding=\"async\" width=\"813\" height=\"1024\" src=\"https:\/\/fedai.az\/wp-content\/uploads\/2021\/09\/20210926_230807-813x1024.jpg\" alt=\"\" data-id=\"49522\" data-full-url=\"https:\/\/fedai.az\/wp-content\/uploads\/2021\/09\/20210926_230807.jpg\" data-link=\"https:\/\/fedai.az\/?attachment_id=49522\" class=\"wp-image-49522\" srcset=\"https:\/\/fedai.az\/wp-content\/uploads\/2021\/09\/20210926_230807-813x1024.jpg 813w, https:\/\/fedai.az\/wp-content\/uploads\/2021\/09\/20210926_230807-238x300.jpg 238w, https:\/\/fedai.az\/wp-content\/uploads\/2021\/09\/20210926_230807-119x150.jpg 119w, https:\/\/fedai.az\/wp-content\/uploads\/2021\/09\/20210926_230807-768x967.jpg 768w, https:\/\/fedai.az\/wp-content\/uploads\/2021\/09\/20210926_230807.jpg 912w\" sizes=\"auto, (max-width: 813px) 100vw, 813px\" \/><\/figure><\/li><\/ul><\/figure>\n","protected":false},"excerpt":{"rendered":"<p>\u00a0\u00a0\u00a0 H\u0259mi\u015f\u0259 m\u00fcq\u0259dd\u0259s pe\u015f\u0259sin\u0259 lay\u0131q, y\u00fcks\u0259k i\u015f qabiliyy\u0259tl\u0259ri il\u0259 f\u0259rql\u0259n\u0259n, f\u0259dakarl\u0131\u011f\u0131 ,q\u0259hramanl\u0131\u011f\u0131 il\u0259 v\u0259t\u0259nda\u015fl\u0131\u011f\u0131n \u0259sas meyar\u0131 hesab ed\u0259n,\u00a0 c\u0259fake\u015f h\u0259kiml\u0259rmizd\u0259n\u00a0 biri olan m\u00fcharib\u0259 veteran\u0131,<\/p>\n","protected":false},"author":2,"featured_media":49524,"comment_status":"closed","ping_status":"closed","sticky":false,"template":"","format":"standard","meta":{"footnotes":""},"categories":[5],"tags":[],"class_list":["post-49513","post","type-post","status-publish","format-standard","has-post-thumbnail","hentry","category-veteran"],"aioseo_notices":[],"_links":{"self":[{"href":"https:\/\/fedai.az\/index.php?rest_route=\/wp\/v2\/posts\/49513","targetHints":{"allow":["GET"]}}],"collection":[{"href":"https:\/\/fedai.az\/index.php?rest_route=\/wp\/v2\/posts"}],"about":[{"href":"https:\/\/fedai.az\/index.php?rest_route=\/wp\/v2\/types\/post"}],"author":[{"embeddable":true,"href":"https:\/\/fedai.az\/index.php?rest_route=\/wp\/v2\/users\/2"}],"replies":[{"embeddable":true,"href":"https:\/\/fedai.az\/index.php?rest_route=%2Fwp%2Fv2%2Fcomments&post=49513"}],"version-history":[{"count":1,"href":"https:\/\/fedai.az\/index.php?rest_route=\/wp\/v2\/posts\/49513\/revisions"}],"predecessor-version":[{"id":49525,"href":"https:\/\/fedai.az\/index.php?rest_route=\/wp\/v2\/posts\/49513\/revisions\/49525"}],"wp:featuredmedia":[{"embeddable":true,"href":"https:\/\/fedai.az\/index.php?rest_route=\/wp\/v2\/media\/49524"}],"wp:attachment":[{"href":"https:\/\/fedai.az\/index.php?rest_route=%2Fwp%2Fv2%2Fmedia&parent=49513"}],"wp:term":[{"taxonomy":"category","embeddable":true,"href":"https:\/\/fedai.az\/index.php?rest_route=%2Fwp%2Fv2%2Fcategories&post=49513"},{"taxonomy":"post_tag","embeddable":true,"href":"https:\/\/fedai.az\/index.php?rest_route=%2Fwp%2Fv2%2Ftags&post=49513"}],"curies":[{"name":"wp","href":"https:\/\/api.w.org\/{rel}","templated":true}]}}